{"id":7812,"date":"2018-08-08T12:33:47","date_gmt":"2018-08-08T15:33:47","guid":{"rendered":"http:\/\/belojardim.pe.leg.br\/portal\/?p=7812"},"modified":"2018-09-13T12:35:44","modified_gmt":"2018-09-13T15:35:44","slug":"voto-de-pesar-2","status":"publish","type":"post","link":"https:\/\/belojardim.pe.leg.br\/portal\/voto-de-pesar-2\/","title":{"rendered":"VOTO DE PESAR"},"content":{"rendered":"<p>O Exmo. Vereador <strong>Sr. Jos\u00e9 Nilton da Silva Senhorinho<\/strong>, requer que conste em Ata da Sess\u00e3o Ordin\u00e1ria do dia 02 de agosto do corrente ano o presente <strong><u>Voto de Pesar<\/u><\/strong>, \u00e0 fam\u00edlia enlutada da Sra. Maria de Lourdes Apr\u00edgio da Silva (mais conhecida como Maria do Bar), pelo seu falecimento ocorrido no dia 04 de junho do corrente ano, em nosso Munic\u00edpio.<\/p>\n<p>&nbsp;<\/p>\n<p>D\u00ea-se ci\u00eancia a fam\u00edlia enlutada.<\/p>\n<p style=\"text-align: center;\">\n<p style=\"text-align: center;\">\u00a0 \u00a0 \u00a0 \u00a0 \u00a0 \u00a0 \u00a0Sala das Sess\u00f5es, em 02 de agosto de 2018.<strong>\u00a0<\/strong><\/p>\n<p style=\"text-align: center;\"><strong>\u00a0<\/strong><\/p>\n<p style=\"text-align: center;\"><strong>Jos\u00e9 Nilton da Silva Senhorinho<\/strong><\/p>\n<p style=\"text-align: center;\"><strong>Vereador<\/strong><\/p>\n","protected":false},"excerpt":{"rendered":"<p>O Exmo. Vereador Sr. Jos\u00e9 Nilton da Silva Senhorinho, requer que conste em Ata da Sess\u00e3o Ordin\u00e1ria do dia 02 de agosto do corrente ano&#8230;<\/p>\n","protected":false},"author":1,"featured_media":7525,"comment_status":"open","ping_status":"open","sticky":false,"template":"","format":"standard","meta":{"footnotes":""},"categories":[63,75,64,65,72,62,79,66,59,67,71,61,70,74],"tags":[],"class_list":["post-7812","post","type-post","status-publish","format-standard","has-post-thumbnail","hentry","category-bruno-galvao","category-claudemir","category-dapaz","category-euninho","category-evandro-macarrao","category-gilvandro","category-marcelino-monteiro","category-marcos-buchudo","category-nilton-senhorinho","category-pitomba-da-lotacao","category-tenente","category-voto-de-pesar","category-ze-gury-jr","category-ze-pereira","wpcat-63-id","wpcat-75-id","wpcat-64-id","wpcat-65-id","wpcat-72-id","wpcat-62-id","wpcat-79-id","wpcat-66-id","wpcat-59-id","wpcat-67-id","wpcat-71-id","wpcat-61-id","wpcat-70-id","wpcat-74-id"],"yoast_head":"<!-- This site is optimized with the Yoast SEO plugin v25.1 - https:\/\/yoast.com\/wordpress\/plugins\/seo\/ -->\n<title>VOTO DE PESAR - C\u00e2mara Municipal de Belo Jardim<\/title>\n<meta name=\"robots\" content=\"index, follow, max-snippet:-1, max-image-preview:large, max-video-preview:-1\" \/>\n<link rel=\"canonical\" href=\"https:\/\/belojardim.pe.leg.br\/portal\/voto-de-pesar-2\/\" \/>\n<meta property=\"og:locale\" content=\"pt_BR\" \/>\n<meta property=\"og:type\" content=\"article\" \/>\n<meta property=\"og:title\" content=\"VOTO DE PESAR - C\u00e2mara Municipal de Belo Jardim\" \/>\n<meta property=\"og:description\" content=\"O Exmo. Vereador Sr. Jos\u00e9 Nilton da Silva Senhorinho, requer que conste em Ata da Sess\u00e3o Ordin\u00e1ria do dia 02 de agosto do corrente ano...\" \/>\n<meta property=\"og:url\" content=\"https:\/\/belojardim.pe.leg.br\/portal\/voto-de-pesar-2\/\" \/>\n<meta property=\"og:site_name\" content=\"C\u00e2mara Municipal de Belo Jardim\" \/>\n<meta property=\"article:published_time\" content=\"2018-08-08T15:33:47+00:00\" \/>\n<meta property=\"article:modified_time\" content=\"2018-09-13T15:35:44+00:00\" \/>\n<meta property=\"og:image\" content=\"https:\/\/belojardim.pe.leg.br\/portal\/wp-content\/uploads\/2018\/09\/logo_postagens.jpg\" \/>\n\t<meta property=\"og:image:width\" content=\"512\" \/>\n\t<meta property=\"og:image:height\" content=\"512\" \/>\n\t<meta property=\"og:image:type\" content=\"image\/jpeg\" \/>\n<meta name=\"author\" content=\"admin\" \/>\n<meta name=\"twitter:card\" content=\"summary_large_image\" \/>\n<meta name=\"twitter:label1\" content=\"Escrito por\" \/>\n\t<meta name=\"twitter:data1\" content=\"admin\" \/>\n<script type=\"application\/ld+json\" class=\"yoast-schema-graph\">{\"@context\":\"https:\/\/schema.org\",\"@graph\":[{\"@type\":\"Article\",\"@id\":\"https:\/\/belojardim.pe.leg.br\/portal\/voto-de-pesar-2\/#article\",\"isPartOf\":{\"@id\":\"https:\/\/belojardim.pe.leg.br\/portal\/voto-de-pesar-2\/\"},\"author\":{\"name\":\"admin\",\"@id\":\"https:\/\/belojardim.pe.leg.br\/portal\/#\/schema\/person\/c089396bbdda28d0dc0dc2f55131a756\"},\"headline\":\"VOTO DE PESAR\",\"datePublished\":\"2018-08-08T15:33:47+00:00\",\"dateModified\":\"2018-09-13T15:35:44+00:00\",\"mainEntityOfPage\":{\"@id\":\"https:\/\/belojardim.pe.leg.br\/portal\/voto-de-pesar-2\/\"},\"wordCount\":90,\"commentCount\":0,\"publisher\":{\"@id\":\"https:\/\/belojardim.pe.leg.br\/portal\/#organization\"},\"image\":{\"@id\":\"https:\/\/belojardim.pe.leg.br\/portal\/voto-de-pesar-2\/#primaryimage\"},\"thumbnailUrl\":\"https:\/\/belojardim.pe.leg.br\/portal\/wp-content\/uploads\/2018\/09\/logo_postagens.jpg\",\"articleSection\":[\"Bruno Galv\u00e3o\",\"Claudemir Paulino\",\"Dapaz\",\"Euninho\",\"Evandro Macarr\u00e3o\",\"Gilvandro Estrela\",\"Marcelino Monteiro\",\"Marcos Buchudo\",\"Nilton Senhorinho\",\"Pitomba da Lota\u00e7\u00e3o\",\"Tenente\",\"Votos de Pesar\",\"Z\u00e9 Gury Jr.\",\"Z\u00e9 Pereira\"],\"inLanguage\":\"pt-BR\",\"potentialAction\":[{\"@type\":\"CommentAction\",\"name\":\"Comment\",\"target\":[\"https:\/\/belojardim.pe.leg.br\/portal\/voto-de-pesar-2\/#respond\"]}]},{\"@type\":\"WebPage\",\"@id\":\"https:\/\/belojardim.pe.leg.br\/portal\/voto-de-pesar-2\/\",\"url\":\"https:\/\/belojardim.pe.leg.br\/portal\/voto-de-pesar-2\/\",\"name\":\"VOTO DE PESAR - C\u00e2mara Municipal de Belo Jardim\",\"isPartOf\":{\"@id\":\"https:\/\/belojardim.pe.leg.br\/portal\/#website\"},\"primaryImageOfPage\":{\"@id\":\"https:\/\/belojardim.pe.leg.br\/portal\/voto-de-pesar-2\/#primaryimage\"},\"image\":{\"@id\":\"https:\/\/belojardim.pe.leg.br\/portal\/voto-de-pesar-2\/#primaryimage\"},\"thumbnailUrl\":\"https:\/\/belojardim.pe.leg.br\/portal\/wp-content\/uploads\/2018\/09\/logo_postagens.jpg\",\"datePublished\":\"2018-08-08T15:33:47+00:00\",\"dateModified\":\"2018-09-13T15:35:44+00:00\",\"breadcrumb\":{\"@id\":\"https:\/\/belojardim.pe.leg.br\/portal\/voto-de-pesar-2\/#breadcrumb\"},\"inLanguage\":\"pt-BR\",\"potentialAction\":[{\"@type\":\"ReadAction\",\"target\":[\"https:\/\/belojardim.pe.leg.br\/portal\/voto-de-pesar-2\/\"]}]},{\"@type\":\"ImageObject\",\"inLanguage\":\"pt-BR\",\"@id\":\"https:\/\/belojardim.pe.leg.br\/portal\/voto-de-pesar-2\/#primaryimage\",\"url\":\"https:\/\/belojardim.pe.leg.br\/portal\/wp-content\/uploads\/2018\/09\/logo_postagens.jpg\",\"contentUrl\":\"https:\/\/belojardim.pe.leg.br\/portal\/wp-content\/uploads\/2018\/09\/logo_postagens.jpg\",\"width\":512,\"height\":512},{\"@type\":\"BreadcrumbList\",\"@id\":\"https:\/\/belojardim.pe.leg.br\/portal\/voto-de-pesar-2\/#breadcrumb\",\"itemListElement\":[{\"@type\":\"ListItem\",\"position\":1,\"name\":\"In\u00edcio\",\"item\":\"https:\/\/belojardim.pe.leg.br\/portal\/\"},{\"@type\":\"ListItem\",\"position\":2,\"name\":\"VOTO DE PESAR\"}]},{\"@type\":\"WebSite\",\"@id\":\"https:\/\/belojardim.pe.leg.br\/portal\/#website\",\"url\":\"https:\/\/belojardim.pe.leg.br\/portal\/\",\"name\":\"C\u00e2mara Municipal de Belo Jardim\",\"description\":\"Casa Cust\u00f3dio Ferreira Mergulh\u00e3o\",\"publisher\":{\"@id\":\"https:\/\/belojardim.pe.leg.br\/portal\/#organization\"},\"potentialAction\":[{\"@type\":\"SearchAction\",\"target\":{\"@type\":\"EntryPoint\",\"urlTemplate\":\"https:\/\/belojardim.pe.leg.br\/portal\/?s={search_term_string}\"},\"query-input\":{\"@type\":\"PropertyValueSpecification\",\"valueRequired\":true,\"valueName\":\"search_term_string\"}}],\"inLanguage\":\"pt-BR\"},{\"@type\":\"Organization\",\"@id\":\"https:\/\/belojardim.pe.leg.br\/portal\/#organization\",\"name\":\"C\u00e2mara Municipal de Belo Jardim\",\"url\":\"https:\/\/belojardim.pe.leg.br\/portal\/\",\"logo\":{\"@type\":\"ImageObject\",\"inLanguage\":\"pt-BR\",\"@id\":\"https:\/\/belojardim.pe.leg.br\/portal\/#\/schema\/logo\/image\/\",\"url\":\"https:\/\/belojardim.pe.leg.br\/portal\/wp-content\/uploads\/2025\/02\/brasao_novo_camara.png\",\"contentUrl\":\"https:\/\/belojardim.pe.leg.br\/portal\/wp-content\/uploads\/2025\/02\/brasao_novo_camara.png\",\"width\":7239,\"height\":1735,\"caption\":\"C\u00e2mara Municipal de Belo Jardim\"},\"image\":{\"@id\":\"https:\/\/belojardim.pe.leg.br\/portal\/#\/schema\/logo\/image\/\"}},{\"@type\":\"Person\",\"@id\":\"https:\/\/belojardim.pe.leg.br\/portal\/#\/schema\/person\/c089396bbdda28d0dc0dc2f55131a756\",\"name\":\"admin\",\"image\":{\"@type\":\"ImageObject\",\"inLanguage\":\"pt-BR\",\"@id\":\"https:\/\/belojardim.pe.leg.br\/portal\/#\/schema\/person\/image\/\",\"url\":\"https:\/\/secure.gravatar.com\/avatar\/0dfaa2d7fc5134b8fe4778030bf6f957a5f7c7be5b9aa76789f37b9cfb962b32?s=96&d=mm&r=g\",\"contentUrl\":\"https:\/\/secure.gravatar.com\/avatar\/0dfaa2d7fc5134b8fe4778030bf6f957a5f7c7be5b9aa76789f37b9cfb962b32?s=96&d=mm&r=g\",\"caption\":\"admin\"},\"url\":\"https:\/\/belojardim.pe.leg.br\/portal\/author\/admin\/\"}]}<\/script>\n<!-- \/ Yoast SEO plugin. -->","yoast_head_json":{"title":"VOTO DE PESAR - C\u00e2mara Municipal de Belo Jardim","robots":{"index":"index","follow":"follow","max-snippet":"max-snippet:-1","max-image-preview":"max-image-preview:large","max-video-preview":"max-video-preview:-1"},"canonical":"https:\/\/belojardim.pe.leg.br\/portal\/voto-de-pesar-2\/","og_locale":"pt_BR","og_type":"article","og_title":"VOTO DE PESAR - C\u00e2mara Municipal de Belo Jardim","og_description":"O Exmo. Vereador Sr. Jos\u00e9 Nilton da Silva Senhorinho, requer que conste em Ata da Sess\u00e3o Ordin\u00e1ria do dia 02 de agosto do corrente ano...","og_url":"https:\/\/belojardim.pe.leg.br\/portal\/voto-de-pesar-2\/","og_site_name":"C\u00e2mara Municipal de Belo Jardim","article_published_time":"2018-08-08T15:33:47+00:00","article_modified_time":"2018-09-13T15:35:44+00:00","og_image":[{"width":512,"height":512,"url":"https:\/\/belojardim.pe.leg.br\/portal\/wp-content\/uploads\/2018\/09\/logo_postagens.jpg","type":"image\/jpeg"}],"author":"admin","twitter_card":"summary_large_image","twitter_misc":{"Escrito por":"admin"},"schema":{"@context":"https:\/\/schema.org","@graph":[{"@type":"Article","@id":"https:\/\/belojardim.pe.leg.br\/portal\/voto-de-pesar-2\/#article","isPartOf":{"@id":"https:\/\/belojardim.pe.leg.br\/portal\/voto-de-pesar-2\/"},"author":{"name":"admin","@id":"https:\/\/belojardim.pe.leg.br\/portal\/#\/schema\/person\/c089396bbdda28d0dc0dc2f55131a756"},"headline":"VOTO DE PESAR","datePublished":"2018-08-08T15:33:47+00:00","dateModified":"2018-09-13T15:35:44+00:00","mainEntityOfPage":{"@id":"https:\/\/belojardim.pe.leg.br\/portal\/voto-de-pesar-2\/"},"wordCount":90,"commentCount":0,"publisher":{"@id":"https:\/\/belojardim.pe.leg.br\/portal\/#organization"},"image":{"@id":"https:\/\/belojardim.pe.leg.br\/portal\/voto-de-pesar-2\/#primaryimage"},"thumbnailUrl":"https:\/\/belojardim.pe.leg.br\/portal\/wp-content\/uploads\/2018\/09\/logo_postagens.jpg","articleSection":["Bruno Galv\u00e3o","Claudemir Paulino","Dapaz","Euninho","Evandro Macarr\u00e3o","Gilvandro Estrela","Marcelino Monteiro","Marcos Buchudo","Nilton Senhorinho","Pitomba da Lota\u00e7\u00e3o","Tenente","Votos de Pesar","Z\u00e9 Gury Jr.","Z\u00e9 Pereira"],"inLanguage":"pt-BR","potentialAction":[{"@type":"CommentAction","name":"Comment","target":["https:\/\/belojardim.pe.leg.br\/portal\/voto-de-pesar-2\/#respond"]}]},{"@type":"WebPage","@id":"https:\/\/belojardim.pe.leg.br\/portal\/voto-de-pesar-2\/","url":"https:\/\/belojardim.pe.leg.br\/portal\/voto-de-pesar-2\/","name":"VOTO DE PESAR - C\u00e2mara Municipal de Belo Jardim","isPartOf":{"@id":"https:\/\/belojardim.pe.leg.br\/portal\/#website"},"primaryImageOfPage":{"@id":"https:\/\/belojardim.pe.leg.br\/portal\/voto-de-pesar-2\/#primaryimage"},"image":{"@id":"https:\/\/belojardim.pe.leg.br\/portal\/voto-de-pesar-2\/#primaryimage"},"thumbnailUrl":"https:\/\/belojardim.pe.leg.br\/portal\/wp-content\/uploads\/2018\/09\/logo_postagens.jpg","datePublished":"2018-08-08T15:33:47+00:00","dateModified":"2018-09-13T15:35:44+00:00","breadcrumb":{"@id":"https:\/\/belojardim.pe.leg.br\/portal\/voto-de-pesar-2\/#breadcrumb"},"inLanguage":"pt-BR","potentialAction":[{"@type":"ReadAction","target":["https:\/\/belojardim.pe.leg.br\/portal\/voto-de-pesar-2\/"]}]},{"@type":"ImageObject","inLanguage":"pt-BR","@id":"https:\/\/belojardim.pe.leg.br\/portal\/voto-de-pesar-2\/#primaryimage","url":"https:\/\/belojardim.pe.leg.br\/portal\/wp-content\/uploads\/2018\/09\/logo_postagens.jpg","contentUrl":"https:\/\/belojardim.pe.leg.br\/portal\/wp-content\/uploads\/2018\/09\/logo_postagens.jpg","width":512,"height":512},{"@type":"BreadcrumbList","@id":"https:\/\/belojardim.pe.leg.br\/portal\/voto-de-pesar-2\/#breadcrumb","itemListElement":[{"@type":"ListItem","position":1,"name":"In\u00edcio","item":"https:\/\/belojardim.pe.leg.br\/portal\/"},{"@type":"ListItem","position":2,"name":"VOTO DE PESAR"}]},{"@type":"WebSite","@id":"https:\/\/belojardim.pe.leg.br\/portal\/#website","url":"https:\/\/belojardim.pe.leg.br\/portal\/","name":"C\u00e2mara Municipal de Belo Jardim","description":"Casa Cust\u00f3dio Ferreira Mergulh\u00e3o","publisher":{"@id":"https:\/\/belojardim.pe.leg.br\/portal\/#organization"},"potentialAction":[{"@type":"SearchAction","target":{"@type":"EntryPoint","urlTemplate":"https:\/\/belojardim.pe.leg.br\/portal\/?s={search_term_string}"},"query-input":{"@type":"PropertyValueSpecification","valueRequired":true,"valueName":"search_term_string"}}],"inLanguage":"pt-BR"},{"@type":"Organization","@id":"https:\/\/belojardim.pe.leg.br\/portal\/#organization","name":"C\u00e2mara Municipal de Belo Jardim","url":"https:\/\/belojardim.pe.leg.br\/portal\/","logo":{"@type":"ImageObject","inLanguage":"pt-BR","@id":"https:\/\/belojardim.pe.leg.br\/portal\/#\/schema\/logo\/image\/","url":"https:\/\/belojardim.pe.leg.br\/portal\/wp-content\/uploads\/2025\/02\/brasao_novo_camara.png","contentUrl":"https:\/\/belojardim.pe.leg.br\/portal\/wp-content\/uploads\/2025\/02\/brasao_novo_camara.png","width":7239,"height":1735,"caption":"C\u00e2mara Municipal de Belo Jardim"},"image":{"@id":"https:\/\/belojardim.pe.leg.br\/portal\/#\/schema\/logo\/image\/"}},{"@type":"Person","@id":"https:\/\/belojardim.pe.leg.br\/portal\/#\/schema\/person\/c089396bbdda28d0dc0dc2f55131a756","name":"admin","image":{"@type":"ImageObject","inLanguage":"pt-BR","@id":"https:\/\/belojardim.pe.leg.br\/portal\/#\/schema\/person\/image\/","url":"https:\/\/secure.gravatar.com\/avatar\/0dfaa2d7fc5134b8fe4778030bf6f957a5f7c7be5b9aa76789f37b9cfb962b32?s=96&d=mm&r=g","contentUrl":"https:\/\/secure.gravatar.com\/avatar\/0dfaa2d7fc5134b8fe4778030bf6f957a5f7c7be5b9aa76789f37b9cfb962b32?s=96&d=mm&r=g","caption":"admin"},"url":"https:\/\/belojardim.pe.leg.br\/portal\/author\/admin\/"}]}},"_links":{"self":[{"href":"https:\/\/belojardim.pe.leg.br\/portal\/wp-json\/wp\/v2\/posts\/7812","targetHints":{"allow":["GET"]}}],"collection":[{"href":"https:\/\/belojardim.pe.leg.br\/portal\/wp-json\/wp\/v2\/posts"}],"about":[{"href":"https:\/\/belojardim.pe.leg.br\/portal\/wp-json\/wp\/v2\/types\/post"}],"author":[{"embeddable":true,"href":"https:\/\/belojardim.pe.leg.br\/portal\/wp-json\/wp\/v2\/users\/1"}],"replies":[{"embeddable":true,"href":"https:\/\/belojardim.pe.leg.br\/portal\/wp-json\/wp\/v2\/comments?post=7812"}],"version-history":[{"count":1,"href":"https:\/\/belojardim.pe.leg.br\/portal\/wp-json\/wp\/v2\/posts\/7812\/revisions"}],"predecessor-version":[{"id":7813,"href":"https:\/\/belojardim.pe.leg.br\/portal\/wp-json\/wp\/v2\/posts\/7812\/revisions\/7813"}],"wp:featuredmedia":[{"embeddable":true,"href":"https:\/\/belojardim.pe.leg.br\/portal\/wp-json\/wp\/v2\/media\/7525"}],"wp:attachment":[{"href":"https:\/\/belojardim.pe.leg.br\/portal\/wp-json\/wp\/v2\/media?parent=7812"}],"wp:term":[{"taxonomy":"category","embeddable":true,"href":"https:\/\/belojardim.pe.leg.br\/portal\/wp-json\/wp\/v2\/categories?post=7812"},{"taxonomy":"post_tag","embeddable":true,"href":"https:\/\/belojardim.pe.leg.br\/portal\/wp-json\/wp\/v2\/tags?post=7812"}],"curies":[{"name":"wp","href":"https:\/\/api.w.org\/{rel}","templated":true}]}}