{"id":15489,"date":"2026-03-05T09:13:24","date_gmt":"2026-03-05T12:13:24","guid":{"rendered":"https:\/\/belojardim.pe.leg.br\/portal\/?p=15489"},"modified":"2026-03-05T09:13:24","modified_gmt":"2026-03-05T12:13:24","slug":"vereadores-aprovam-projeto-para-garantir-o-pagamento-das-emendas-impositivas","status":"publish","type":"post","link":"https:\/\/belojardim.pe.leg.br\/portal\/vereadores-aprovam-projeto-para-garantir-o-pagamento-das-emendas-impositivas\/","title":{"rendered":"Vereadores aprovam projeto para garantir o pagamento das emendas impositivas"},"content":{"rendered":"<div class=\"wp-block-image\"><a href=\"https:\/\/belojardim.pe.leg.br\/portal\/wp-content\/uploads\/2026\/03\/WhatsApp-Image-2026-03-05-at-09.08.18.jpeg\"><img loading=\"lazy\" decoding=\"async\" class=\"wpa-warning wpa-image-missing-alt alignleft size-medium wp-image-15491\" src=\"https:\/\/belojardim.pe.leg.br\/portal\/wp-content\/uploads\/2026\/03\/WhatsApp-Image-2026-03-05-at-09.08.18-300x200.jpeg\" alt=\"\" width=\"300\" height=\"200\" data-warning=\"Missing alt text\" srcset=\"https:\/\/belojardim.pe.leg.br\/portal\/wp-content\/uploads\/2026\/03\/WhatsApp-Image-2026-03-05-at-09.08.18-300x200.jpeg 300w, https:\/\/belojardim.pe.leg.br\/portal\/wp-content\/uploads\/2026\/03\/WhatsApp-Image-2026-03-05-at-09.08.18-1024x682.jpeg 1024w, https:\/\/belojardim.pe.leg.br\/portal\/wp-content\/uploads\/2026\/03\/WhatsApp-Image-2026-03-05-at-09.08.18-768x512.jpeg 768w, https:\/\/belojardim.pe.leg.br\/portal\/wp-content\/uploads\/2026\/03\/WhatsApp-Image-2026-03-05-at-09.08.18-1536x1023.jpeg 1536w, https:\/\/belojardim.pe.leg.br\/portal\/wp-content\/uploads\/2026\/03\/WhatsApp-Image-2026-03-05-at-09.08.18-1218x811.jpeg 1218w, https:\/\/belojardim.pe.leg.br\/portal\/wp-content\/uploads\/2026\/03\/WhatsApp-Image-2026-03-05-at-09.08.18.jpeg 1600w\" sizes=\"auto, (max-width: 300px) 100vw, 300px\" \/><\/a>A C\u00e2mara Municipal de Belo Jardim realizou, nesta ter\u00e7a-feira (3), a 5\u00aa sess\u00e3o ordin\u00e1ria do primeiro per\u00edodo legislativo. Diversos projetos de lei foram encaminhados \u00e0s comiss\u00f5es competentes. Al\u00e9m disso, os parlamentares discutiram e aprovaram outros requerimentos.<\/div>\n<p data-start=\"473\" data-end=\"817\">O vereador Edson Silva apresentou um projeto de lei que estabelece prazos para que o Poder Executivo realize o pagamento das emendas impositivas. \u201cEsse projeto \u00e9 uma forma de garantia para n\u00f3s, vereadores, de que nossas emendas ser\u00e3o executadas no prazo previsto em lei\u201d, completou o parlamentar. O projeto de lei foi aprovado pelos vereadores.<\/p>\n<p data-start=\"819\" data-end=\"1100\">O vereador D\u00e9 da Cohab solicitou \u00e0 Mesa Diretora a contrata\u00e7\u00e3o de um int\u00e9rprete de Libras para acompanhar as sess\u00f5es ordin\u00e1rias no plen\u00e1rio. \u201cEssa contrata\u00e7\u00e3o \u00e9 uma forma de inclus\u00e3o. H\u00e1 muitos exemplos de c\u00e2maras que j\u00e1 adotaram a inclus\u00e3o em suas sess\u00f5es\u201d, finalizou D\u00e9 da Cohab.<\/p>\n<p data-start=\"1102\" data-end=\"1360\">O parlamentar Irm\u00e3o Adriano fez uma indica\u00e7\u00e3o ao DNIT (Departamento Nacional de Infraestrutura de Transportes) para que seja realizado um estudo de viabilidade para a instala\u00e7\u00e3o de placas nas rodovias do estado, sinalizando o caminho para a Serra dos Ventos.<\/p>\n<p data-start=\"1362\" data-end=\"1634\">Por fim, os vereadores apresentaram mo\u00e7\u00f5es de aplauso e votos de pesar. A sess\u00e3o pode ser assistida na \u00edntegra pelo canal oficial da C\u00e2mara de Vereadores de Belo Jardim no YouTube e em blogs parceiros. A pr\u00f3xima sess\u00e3o est\u00e1 marcada para a pr\u00f3xima ter\u00e7a-feira, 10 de mar\u00e7o.<\/p>\n<div class=\"wp-block-image\"><a href=\"https:\/\/belojardim.pe.leg.br\/portal\/wp-content\/uploads\/2026\/03\/WhatsApp-Image-2026-03-05-at-09.08.18-1.jpeg\"><img loading=\"lazy\" decoding=\"async\" class=\"wpa-warning wpa-image-missing-alt alignleft size-medium wp-image-15492\" src=\"https:\/\/belojardim.pe.leg.br\/portal\/wp-content\/uploads\/2026\/03\/WhatsApp-Image-2026-03-05-at-09.08.18-1-300x200.jpeg\" alt=\"\" width=\"300\" height=\"200\" data-warning=\"Missing alt text\" srcset=\"https:\/\/belojardim.pe.leg.br\/portal\/wp-content\/uploads\/2026\/03\/WhatsApp-Image-2026-03-05-at-09.08.18-1-300x200.jpeg 300w, https:\/\/belojardim.pe.leg.br\/portal\/wp-content\/uploads\/2026\/03\/WhatsApp-Image-2026-03-05-at-09.08.18-1-1024x682.jpeg 1024w, https:\/\/belojardim.pe.leg.br\/portal\/wp-content\/uploads\/2026\/03\/WhatsApp-Image-2026-03-05-at-09.08.18-1-768x512.jpeg 768w, https:\/\/belojardim.pe.leg.br\/portal\/wp-content\/uploads\/2026\/03\/WhatsApp-Image-2026-03-05-at-09.08.18-1-1536x1023.jpeg 1536w, https:\/\/belojardim.pe.leg.br\/portal\/wp-content\/uploads\/2026\/03\/WhatsApp-Image-2026-03-05-at-09.08.18-1-1218x811.jpeg 1218w, https:\/\/belojardim.pe.leg.br\/portal\/wp-content\/uploads\/2026\/03\/WhatsApp-Image-2026-03-05-at-09.08.18-1.jpeg 1600w\" sizes=\"auto, (max-width: 300px) 100vw, 300px\" \/><\/a><\/p>\n<div class=\"wp-block-image\"><a href=\"https:\/\/belojardim.pe.leg.br\/portal\/wp-content\/uploads\/2026\/03\/WhatsApp-Image-2026-03-05-at-09.08.18-2.jpeg\"><img loading=\"lazy\" decoding=\"async\" class=\"wpa-warning wpa-image-missing-alt alignleft size-medium wp-image-15493\" src=\"https:\/\/belojardim.pe.leg.br\/portal\/wp-content\/uploads\/2026\/03\/WhatsApp-Image-2026-03-05-at-09.08.18-2-300x200.jpeg\" alt=\"\" width=\"300\" height=\"200\" data-warning=\"Missing alt text\" srcset=\"https:\/\/belojardim.pe.leg.br\/portal\/wp-content\/uploads\/2026\/03\/WhatsApp-Image-2026-03-05-at-09.08.18-2-300x200.jpeg 300w, https:\/\/belojardim.pe.leg.br\/portal\/wp-content\/uploads\/2026\/03\/WhatsApp-Image-2026-03-05-at-09.08.18-2-1024x682.jpeg 1024w, https:\/\/belojardim.pe.leg.br\/portal\/wp-content\/uploads\/2026\/03\/WhatsApp-Image-2026-03-05-at-09.08.18-2-768x512.jpeg 768w, https:\/\/belojardim.pe.leg.br\/portal\/wp-content\/uploads\/2026\/03\/WhatsApp-Image-2026-03-05-at-09.08.18-2-1536x1023.jpeg 1536w, https:\/\/belojardim.pe.leg.br\/portal\/wp-content\/uploads\/2026\/03\/WhatsApp-Image-2026-03-05-at-09.08.18-2-1218x811.jpeg 1218w, https:\/\/belojardim.pe.leg.br\/portal\/wp-content\/uploads\/2026\/03\/WhatsApp-Image-2026-03-05-at-09.08.18-2.jpeg 1600w\" sizes=\"auto, (max-width: 300px) 100vw, 300px\" \/><\/a><\/div>\n<\/div>\n","protected":false},"excerpt":{"rendered":"<p>A C\u00e2mara Municipal de Belo Jardim realizou, nesta ter\u00e7a-feira (3), a 5\u00aa sess\u00e3o ordin\u00e1ria do primeiro per\u00edodo legislativo. Diversos projetos de lei foram encaminhados \u00e0s&#8230;<\/p>\n","protected":false},"author":5,"featured_media":15491,"comment_status":"open","ping_status":"open","sticky":false,"template":"","format":"standard","meta":{"footnotes":""},"categories":[58,156],"tags":[],"class_list":["post-15489","post","type-post","status-publish","format-standard","has-post-thumbnail","hentry","category-destaques-2","category-sessoes-2026","wpcat-58-id","wpcat-156-id"],"yoast_head":"<!-- This site is optimized with the Yoast SEO plugin v25.1 - https:\/\/yoast.com\/wordpress\/plugins\/seo\/ -->\n<title>Vereadores aprovam projeto para garantir o pagamento das emendas impositivas - C\u00e2mara Municipal de Belo Jardim<\/title>\n<meta name=\"robots\" content=\"index, follow, max-snippet:-1, max-image-preview:large, max-video-preview:-1\" \/>\n<link rel=\"canonical\" href=\"https:\/\/belojardim.pe.leg.br\/portal\/vereadores-aprovam-projeto-para-garantir-o-pagamento-das-emendas-impositivas\/\" \/>\n<meta property=\"og:locale\" content=\"pt_BR\" \/>\n<meta property=\"og:type\" content=\"article\" \/>\n<meta property=\"og:title\" content=\"Vereadores aprovam projeto para garantir o pagamento das emendas impositivas - C\u00e2mara Municipal de Belo Jardim\" \/>\n<meta property=\"og:description\" content=\"A C\u00e2mara Municipal de Belo Jardim realizou, nesta ter\u00e7a-feira (3), a 5\u00aa sess\u00e3o ordin\u00e1ria do primeiro per\u00edodo legislativo. Diversos projetos de lei foram encaminhados \u00e0s...\" \/>\n<meta property=\"og:url\" content=\"https:\/\/belojardim.pe.leg.br\/portal\/vereadores-aprovam-projeto-para-garantir-o-pagamento-das-emendas-impositivas\/\" \/>\n<meta property=\"og:site_name\" content=\"C\u00e2mara Municipal de Belo Jardim\" \/>\n<meta property=\"article:published_time\" content=\"2026-03-05T12:13:24+00:00\" \/>\n<meta property=\"og:image\" content=\"https:\/\/belojardim.pe.leg.br\/portal\/wp-content\/uploads\/2026\/03\/WhatsApp-Image-2026-03-05-at-09.08.18.jpeg\" \/>\n\t<meta property=\"og:image:width\" content=\"1600\" \/>\n\t<meta property=\"og:image:height\" content=\"1066\" \/>\n\t<meta property=\"og:image:type\" content=\"image\/jpeg\" \/>\n<meta name=\"author\" content=\"camara2\" \/>\n<meta name=\"twitter:card\" content=\"summary_large_image\" \/>\n<meta name=\"twitter:label1\" content=\"Escrito por\" \/>\n\t<meta name=\"twitter:data1\" content=\"camara2\" \/>\n\t<meta name=\"twitter:label2\" content=\"Est. tempo de leitura\" \/>\n\t<meta name=\"twitter:data2\" content=\"3 minutos\" \/>\n<script type=\"application\/ld+json\" class=\"yoast-schema-graph\">{\"@context\":\"https:\/\/schema.org\",\"@graph\":[{\"@type\":\"Article\",\"@id\":\"https:\/\/belojardim.pe.leg.br\/portal\/vereadores-aprovam-projeto-para-garantir-o-pagamento-das-emendas-impositivas\/#article\",\"isPartOf\":{\"@id\":\"https:\/\/belojardim.pe.leg.br\/portal\/vereadores-aprovam-projeto-para-garantir-o-pagamento-das-emendas-impositivas\/\"},\"author\":{\"name\":\"camara2\",\"@id\":\"https:\/\/belojardim.pe.leg.br\/portal\/#\/schema\/person\/f4dc233d702457201065ff3f8eab06af\"},\"headline\":\"Vereadores aprovam projeto para garantir o pagamento das emendas impositivas\",\"datePublished\":\"2026-03-05T12:13:24+00:00\",\"mainEntityOfPage\":{\"@id\":\"https:\/\/belojardim.pe.leg.br\/portal\/vereadores-aprovam-projeto-para-garantir-o-pagamento-das-emendas-impositivas\/\"},\"wordCount\":259,\"commentCount\":0,\"publisher\":{\"@id\":\"https:\/\/belojardim.pe.leg.br\/portal\/#organization\"},\"image\":{\"@id\":\"https:\/\/belojardim.pe.leg.br\/portal\/vereadores-aprovam-projeto-para-garantir-o-pagamento-das-emendas-impositivas\/#primaryimage\"},\"thumbnailUrl\":\"https:\/\/belojardim.pe.leg.br\/portal\/wp-content\/uploads\/2026\/03\/WhatsApp-Image-2026-03-05-at-09.08.18.jpeg\",\"articleSection\":[\"Destaques\",\"Sess\u00f5es 2026\"],\"inLanguage\":\"pt-BR\",\"potentialAction\":[{\"@type\":\"CommentAction\",\"name\":\"Comment\",\"target\":[\"https:\/\/belojardim.pe.leg.br\/portal\/vereadores-aprovam-projeto-para-garantir-o-pagamento-das-emendas-impositivas\/#respond\"]}]},{\"@type\":\"WebPage\",\"@id\":\"https:\/\/belojardim.pe.leg.br\/portal\/vereadores-aprovam-projeto-para-garantir-o-pagamento-das-emendas-impositivas\/\",\"url\":\"https:\/\/belojardim.pe.leg.br\/portal\/vereadores-aprovam-projeto-para-garantir-o-pagamento-das-emendas-impositivas\/\",\"name\":\"Vereadores aprovam projeto para garantir o pagamento das emendas impositivas - C\u00e2mara Municipal de Belo Jardim\",\"isPartOf\":{\"@id\":\"https:\/\/belojardim.pe.leg.br\/portal\/#website\"},\"primaryImageOfPage\":{\"@id\":\"https:\/\/belojardim.pe.leg.br\/portal\/vereadores-aprovam-projeto-para-garantir-o-pagamento-das-emendas-impositivas\/#primaryimage\"},\"image\":{\"@id\":\"https:\/\/belojardim.pe.leg.br\/portal\/vereadores-aprovam-projeto-para-garantir-o-pagamento-das-emendas-impositivas\/#primaryimage\"},\"thumbnailUrl\":\"https:\/\/belojardim.pe.leg.br\/portal\/wp-content\/uploads\/2026\/03\/WhatsApp-Image-2026-03-05-at-09.08.18.jpeg\",\"datePublished\":\"2026-03-05T12:13:24+00:00\",\"breadcrumb\":{\"@id\":\"https:\/\/belojardim.pe.leg.br\/portal\/vereadores-aprovam-projeto-para-garantir-o-pagamento-das-emendas-impositivas\/#breadcrumb\"},\"inLanguage\":\"pt-BR\",\"potentialAction\":[{\"@type\":\"ReadAction\",\"target\":[\"https:\/\/belojardim.pe.leg.br\/portal\/vereadores-aprovam-projeto-para-garantir-o-pagamento-das-emendas-impositivas\/\"]}]},{\"@type\":\"ImageObject\",\"inLanguage\":\"pt-BR\",\"@id\":\"https:\/\/belojardim.pe.leg.br\/portal\/vereadores-aprovam-projeto-para-garantir-o-pagamento-das-emendas-impositivas\/#primaryimage\",\"url\":\"https:\/\/belojardim.pe.leg.br\/portal\/wp-content\/uploads\/2026\/03\/WhatsApp-Image-2026-03-05-at-09.08.18.jpeg\",\"contentUrl\":\"https:\/\/belojardim.pe.leg.br\/portal\/wp-content\/uploads\/2026\/03\/WhatsApp-Image-2026-03-05-at-09.08.18.jpeg\",\"width\":1600,\"height\":1066},{\"@type\":\"BreadcrumbList\",\"@id\":\"https:\/\/belojardim.pe.leg.br\/portal\/vereadores-aprovam-projeto-para-garantir-o-pagamento-das-emendas-impositivas\/#breadcrumb\",\"itemListElement\":[{\"@type\":\"ListItem\",\"position\":1,\"name\":\"In\u00edcio\",\"item\":\"https:\/\/belojardim.pe.leg.br\/portal\/\"},{\"@type\":\"ListItem\",\"position\":2,\"name\":\"Vereadores aprovam projeto para garantir o pagamento das emendas impositivas\"}]},{\"@type\":\"WebSite\",\"@id\":\"https:\/\/belojardim.pe.leg.br\/portal\/#website\",\"url\":\"https:\/\/belojardim.pe.leg.br\/portal\/\",\"name\":\"C\u00e2mara Municipal de Belo Jardim\",\"description\":\"Casa Cust\u00f3dio Ferreira Mergulh\u00e3o\",\"publisher\":{\"@id\":\"https:\/\/belojardim.pe.leg.br\/portal\/#organization\"},\"potentialAction\":[{\"@type\":\"SearchAction\",\"target\":{\"@type\":\"EntryPoint\",\"urlTemplate\":\"https:\/\/belojardim.pe.leg.br\/portal\/?s={search_term_string}\"},\"query-input\":{\"@type\":\"PropertyValueSpecification\",\"valueRequired\":true,\"valueName\":\"search_term_string\"}}],\"inLanguage\":\"pt-BR\"},{\"@type\":\"Organization\",\"@id\":\"https:\/\/belojardim.pe.leg.br\/portal\/#organization\",\"name\":\"C\u00e2mara Municipal de Belo Jardim\",\"url\":\"https:\/\/belojardim.pe.leg.br\/portal\/\",\"logo\":{\"@type\":\"ImageObject\",\"inLanguage\":\"pt-BR\",\"@id\":\"https:\/\/belojardim.pe.leg.br\/portal\/#\/schema\/logo\/image\/\",\"url\":\"https:\/\/belojardim.pe.leg.br\/portal\/wp-content\/uploads\/2025\/02\/brasao_novo_camara.png\",\"contentUrl\":\"https:\/\/belojardim.pe.leg.br\/portal\/wp-content\/uploads\/2025\/02\/brasao_novo_camara.png\",\"width\":7239,\"height\":1735,\"caption\":\"C\u00e2mara Municipal de Belo Jardim\"},\"image\":{\"@id\":\"https:\/\/belojardim.pe.leg.br\/portal\/#\/schema\/logo\/image\/\"}},{\"@type\":\"Person\",\"@id\":\"https:\/\/belojardim.pe.leg.br\/portal\/#\/schema\/person\/f4dc233d702457201065ff3f8eab06af\",\"name\":\"camara2\",\"image\":{\"@type\":\"ImageObject\",\"inLanguage\":\"pt-BR\",\"@id\":\"https:\/\/belojardim.pe.leg.br\/portal\/#\/schema\/person\/image\/\",\"url\":\"https:\/\/secure.gravatar.com\/avatar\/0133c031d6e4f68305a87d4617c0071428620e80cae5a2cf6bdb08eb7cfe8d41?s=96&d=mm&r=g\",\"contentUrl\":\"https:\/\/secure.gravatar.com\/avatar\/0133c031d6e4f68305a87d4617c0071428620e80cae5a2cf6bdb08eb7cfe8d41?s=96&d=mm&r=g\",\"caption\":\"camara2\"},\"url\":\"https:\/\/belojardim.pe.leg.br\/portal\/author\/camara2\/\"}]}<\/script>\n<!-- \/ Yoast SEO plugin. -->","yoast_head_json":{"title":"Vereadores aprovam projeto para garantir o pagamento das emendas impositivas - C\u00e2mara Municipal de Belo Jardim","robots":{"index":"index","follow":"follow","max-snippet":"max-snippet:-1","max-image-preview":"max-image-preview:large","max-video-preview":"max-video-preview:-1"},"canonical":"https:\/\/belojardim.pe.leg.br\/portal\/vereadores-aprovam-projeto-para-garantir-o-pagamento-das-emendas-impositivas\/","og_locale":"pt_BR","og_type":"article","og_title":"Vereadores aprovam projeto para garantir o pagamento das emendas impositivas - C\u00e2mara Municipal de Belo Jardim","og_description":"A C\u00e2mara Municipal de Belo Jardim realizou, nesta ter\u00e7a-feira (3), a 5\u00aa sess\u00e3o ordin\u00e1ria do primeiro per\u00edodo legislativo. Diversos projetos de lei foram encaminhados \u00e0s...","og_url":"https:\/\/belojardim.pe.leg.br\/portal\/vereadores-aprovam-projeto-para-garantir-o-pagamento-das-emendas-impositivas\/","og_site_name":"C\u00e2mara Municipal de Belo Jardim","article_published_time":"2026-03-05T12:13:24+00:00","og_image":[{"width":1600,"height":1066,"url":"https:\/\/belojardim.pe.leg.br\/portal\/wp-content\/uploads\/2026\/03\/WhatsApp-Image-2026-03-05-at-09.08.18.jpeg","type":"image\/jpeg"}],"author":"camara2","twitter_card":"summary_large_image","twitter_misc":{"Escrito por":"camara2","Est. tempo de leitura":"3 minutos"},"schema":{"@context":"https:\/\/schema.org","@graph":[{"@type":"Article","@id":"https:\/\/belojardim.pe.leg.br\/portal\/vereadores-aprovam-projeto-para-garantir-o-pagamento-das-emendas-impositivas\/#article","isPartOf":{"@id":"https:\/\/belojardim.pe.leg.br\/portal\/vereadores-aprovam-projeto-para-garantir-o-pagamento-das-emendas-impositivas\/"},"author":{"name":"camara2","@id":"https:\/\/belojardim.pe.leg.br\/portal\/#\/schema\/person\/f4dc233d702457201065ff3f8eab06af"},"headline":"Vereadores aprovam projeto para garantir o pagamento das emendas impositivas","datePublished":"2026-03-05T12:13:24+00:00","mainEntityOfPage":{"@id":"https:\/\/belojardim.pe.leg.br\/portal\/vereadores-aprovam-projeto-para-garantir-o-pagamento-das-emendas-impositivas\/"},"wordCount":259,"commentCount":0,"publisher":{"@id":"https:\/\/belojardim.pe.leg.br\/portal\/#organization"},"image":{"@id":"https:\/\/belojardim.pe.leg.br\/portal\/vereadores-aprovam-projeto-para-garantir-o-pagamento-das-emendas-impositivas\/#primaryimage"},"thumbnailUrl":"https:\/\/belojardim.pe.leg.br\/portal\/wp-content\/uploads\/2026\/03\/WhatsApp-Image-2026-03-05-at-09.08.18.jpeg","articleSection":["Destaques","Sess\u00f5es 2026"],"inLanguage":"pt-BR","potentialAction":[{"@type":"CommentAction","name":"Comment","target":["https:\/\/belojardim.pe.leg.br\/portal\/vereadores-aprovam-projeto-para-garantir-o-pagamento-das-emendas-impositivas\/#respond"]}]},{"@type":"WebPage","@id":"https:\/\/belojardim.pe.leg.br\/portal\/vereadores-aprovam-projeto-para-garantir-o-pagamento-das-emendas-impositivas\/","url":"https:\/\/belojardim.pe.leg.br\/portal\/vereadores-aprovam-projeto-para-garantir-o-pagamento-das-emendas-impositivas\/","name":"Vereadores aprovam projeto para garantir o pagamento das emendas impositivas - C\u00e2mara Municipal de Belo Jardim","isPartOf":{"@id":"https:\/\/belojardim.pe.leg.br\/portal\/#website"},"primaryImageOfPage":{"@id":"https:\/\/belojardim.pe.leg.br\/portal\/vereadores-aprovam-projeto-para-garantir-o-pagamento-das-emendas-impositivas\/#primaryimage"},"image":{"@id":"https:\/\/belojardim.pe.leg.br\/portal\/vereadores-aprovam-projeto-para-garantir-o-pagamento-das-emendas-impositivas\/#primaryimage"},"thumbnailUrl":"https:\/\/belojardim.pe.leg.br\/portal\/wp-content\/uploads\/2026\/03\/WhatsApp-Image-2026-03-05-at-09.08.18.jpeg","datePublished":"2026-03-05T12:13:24+00:00","breadcrumb":{"@id":"https:\/\/belojardim.pe.leg.br\/portal\/vereadores-aprovam-projeto-para-garantir-o-pagamento-das-emendas-impositivas\/#breadcrumb"},"inLanguage":"pt-BR","potentialAction":[{"@type":"ReadAction","target":["https:\/\/belojardim.pe.leg.br\/portal\/vereadores-aprovam-projeto-para-garantir-o-pagamento-das-emendas-impositivas\/"]}]},{"@type":"ImageObject","inLanguage":"pt-BR","@id":"https:\/\/belojardim.pe.leg.br\/portal\/vereadores-aprovam-projeto-para-garantir-o-pagamento-das-emendas-impositivas\/#primaryimage","url":"https:\/\/belojardim.pe.leg.br\/portal\/wp-content\/uploads\/2026\/03\/WhatsApp-Image-2026-03-05-at-09.08.18.jpeg","contentUrl":"https:\/\/belojardim.pe.leg.br\/portal\/wp-content\/uploads\/2026\/03\/WhatsApp-Image-2026-03-05-at-09.08.18.jpeg","width":1600,"height":1066},{"@type":"BreadcrumbList","@id":"https:\/\/belojardim.pe.leg.br\/portal\/vereadores-aprovam-projeto-para-garantir-o-pagamento-das-emendas-impositivas\/#breadcrumb","itemListElement":[{"@type":"ListItem","position":1,"name":"In\u00edcio","item":"https:\/\/belojardim.pe.leg.br\/portal\/"},{"@type":"ListItem","position":2,"name":"Vereadores aprovam projeto para garantir o pagamento das emendas impositivas"}]},{"@type":"WebSite","@id":"https:\/\/belojardim.pe.leg.br\/portal\/#website","url":"https:\/\/belojardim.pe.leg.br\/portal\/","name":"C\u00e2mara Municipal de Belo Jardim","description":"Casa Cust\u00f3dio Ferreira Mergulh\u00e3o","publisher":{"@id":"https:\/\/belojardim.pe.leg.br\/portal\/#organization"},"potentialAction":[{"@type":"SearchAction","target":{"@type":"EntryPoint","urlTemplate":"https:\/\/belojardim.pe.leg.br\/portal\/?s={search_term_string}"},"query-input":{"@type":"PropertyValueSpecification","valueRequired":true,"valueName":"search_term_string"}}],"inLanguage":"pt-BR"},{"@type":"Organization","@id":"https:\/\/belojardim.pe.leg.br\/portal\/#organization","name":"C\u00e2mara Municipal de Belo Jardim","url":"https:\/\/belojardim.pe.leg.br\/portal\/","logo":{"@type":"ImageObject","inLanguage":"pt-BR","@id":"https:\/\/belojardim.pe.leg.br\/portal\/#\/schema\/logo\/image\/","url":"https:\/\/belojardim.pe.leg.br\/portal\/wp-content\/uploads\/2025\/02\/brasao_novo_camara.png","contentUrl":"https:\/\/belojardim.pe.leg.br\/portal\/wp-content\/uploads\/2025\/02\/brasao_novo_camara.png","width":7239,"height":1735,"caption":"C\u00e2mara Municipal de Belo Jardim"},"image":{"@id":"https:\/\/belojardim.pe.leg.br\/portal\/#\/schema\/logo\/image\/"}},{"@type":"Person","@id":"https:\/\/belojardim.pe.leg.br\/portal\/#\/schema\/person\/f4dc233d702457201065ff3f8eab06af","name":"camara2","image":{"@type":"ImageObject","inLanguage":"pt-BR","@id":"https:\/\/belojardim.pe.leg.br\/portal\/#\/schema\/person\/image\/","url":"https:\/\/secure.gravatar.com\/avatar\/0133c031d6e4f68305a87d4617c0071428620e80cae5a2cf6bdb08eb7cfe8d41?s=96&d=mm&r=g","contentUrl":"https:\/\/secure.gravatar.com\/avatar\/0133c031d6e4f68305a87d4617c0071428620e80cae5a2cf6bdb08eb7cfe8d41?s=96&d=mm&r=g","caption":"camara2"},"url":"https:\/\/belojardim.pe.leg.br\/portal\/author\/camara2\/"}]}},"_links":{"self":[{"href":"https:\/\/belojardim.pe.leg.br\/portal\/wp-json\/wp\/v2\/posts\/15489","targetHints":{"allow":["GET"]}}],"collection":[{"href":"https:\/\/belojardim.pe.leg.br\/portal\/wp-json\/wp\/v2\/posts"}],"about":[{"href":"https:\/\/belojardim.pe.leg.br\/portal\/wp-json\/wp\/v2\/types\/post"}],"author":[{"embeddable":true,"href":"https:\/\/belojardim.pe.leg.br\/portal\/wp-json\/wp\/v2\/users\/5"}],"replies":[{"embeddable":true,"href":"https:\/\/belojardim.pe.leg.br\/portal\/wp-json\/wp\/v2\/comments?post=15489"}],"version-history":[{"count":1,"href":"https:\/\/belojardim.pe.leg.br\/portal\/wp-json\/wp\/v2\/posts\/15489\/revisions"}],"predecessor-version":[{"id":15494,"href":"https:\/\/belojardim.pe.leg.br\/portal\/wp-json\/wp\/v2\/posts\/15489\/revisions\/15494"}],"wp:featuredmedia":[{"embeddable":true,"href":"https:\/\/belojardim.pe.leg.br\/portal\/wp-json\/wp\/v2\/media\/15491"}],"wp:attachment":[{"href":"https:\/\/belojardim.pe.leg.br\/portal\/wp-json\/wp\/v2\/media?parent=15489"}],"wp:term":[{"taxonomy":"category","embeddable":true,"href":"https:\/\/belojardim.pe.leg.br\/portal\/wp-json\/wp\/v2\/categories?post=15489"},{"taxonomy":"post_tag","embeddable":true,"href":"https:\/\/belojardim.pe.leg.br\/portal\/wp-json\/wp\/v2\/tags?post=15489"}],"curies":[{"name":"wp","href":"https:\/\/api.w.org\/{rel}","templated":true}]}}