{"id":15429,"date":"2026-01-07T09:46:26","date_gmt":"2026-01-07T12:46:26","guid":{"rendered":"https:\/\/belojardim.pe.leg.br\/portal\/?p=15429"},"modified":"2026-01-07T09:46:26","modified_gmt":"2026-01-07T12:46:26","slug":"camara-de-vereadores-encerra-2025-com-reuniao-extraordinaria","status":"publish","type":"post","link":"https:\/\/belojardim.pe.leg.br\/portal\/camara-de-vereadores-encerra-2025-com-reuniao-extraordinaria\/","title":{"rendered":"C\u00e2mara de Vereadores encerra 2025 com reuni\u00e3o extraordin\u00e1ria"},"content":{"rendered":"<div class=\"wp-block-image\"><a href=\"https:\/\/belojardim.pe.leg.br\/portal\/wp-content\/uploads\/2026\/01\/WhatsApp-Image-2026-01-07-at-09.42.37.jpeg\"><img loading=\"lazy\" decoding=\"async\" class=\"wpa-warning wpa-image-missing-alt alignleft size-medium wp-image-15430\" src=\"https:\/\/belojardim.pe.leg.br\/portal\/wp-content\/uploads\/2026\/01\/WhatsApp-Image-2026-01-07-at-09.42.37-225x300.jpeg\" alt=\"\" width=\"225\" height=\"300\" data-warning=\"Missing alt text\" srcset=\"https:\/\/belojardim.pe.leg.br\/portal\/wp-content\/uploads\/2026\/01\/WhatsApp-Image-2026-01-07-at-09.42.37-225x300.jpeg 225w, https:\/\/belojardim.pe.leg.br\/portal\/wp-content\/uploads\/2026\/01\/WhatsApp-Image-2026-01-07-at-09.42.37-768x1024.jpeg 768w, https:\/\/belojardim.pe.leg.br\/portal\/wp-content\/uploads\/2026\/01\/WhatsApp-Image-2026-01-07-at-09.42.37.jpeg 960w\" sizes=\"auto, (max-width: 225px) 100vw, 225px\" \/><\/a><\/div>\n<p>A C\u00e2mara de Vereadores de Belo Jardim realizou a 1\u00aa Reuni\u00e3o Extraordin\u00e1ria do segundo per\u00edodo legislativo. A sess\u00e3o foi convocada com urg\u00eancia pelo presidente, Jonas Chagas Torres, para promover altera\u00e7\u00f5es na lei que regulamenta a Zona Azul no munic\u00edpio.<\/p>\n<p>Entre as mudan\u00e7as previstas est\u00e3o a redu\u00e7\u00e3o do n\u00famero de ruas e a gratuidade da taxa de estacionamento para motocicletas. As altera\u00e7\u00f5es foram debatidas e aprovadas pelos vereadores.<\/p>\n<p>Esta foi a \u00faltima sess\u00e3o de 2025. As reuni\u00f5es ordin\u00e1rias retornam ap\u00f3s o recesso parlamentar, no in\u00edcio de fevereiro.<\/p>\n","protected":false},"excerpt":{"rendered":"<p>A C\u00e2mara de Vereadores de Belo Jardim realizou a 1\u00aa Reuni\u00e3o Extraordin\u00e1ria do segundo per\u00edodo legislativo. A sess\u00e3o foi convocada com urg\u00eancia pelo presidente, Jonas&#8230;<\/p>\n","protected":false},"author":5,"featured_media":15430,"comment_status":"open","ping_status":"open","sticky":false,"template":"","format":"standard","meta":{"footnotes":""},"categories":[152],"tags":[],"class_list":["post-15429","post","type-post","status-publish","format-standard","has-post-thumbnail","hentry","category-sessoes-2025","wpcat-152-id"],"yoast_head":"<!-- This site is optimized with the Yoast SEO plugin v25.1 - https:\/\/yoast.com\/wordpress\/plugins\/seo\/ -->\n<title>C\u00e2mara de Vereadores encerra 2025 com reuni\u00e3o extraordin\u00e1ria - C\u00e2mara Municipal de Belo Jardim<\/title>\n<meta name=\"robots\" content=\"index, follow, max-snippet:-1, max-image-preview:large, max-video-preview:-1\" \/>\n<link rel=\"canonical\" href=\"https:\/\/belojardim.pe.leg.br\/portal\/camara-de-vereadores-encerra-2025-com-reuniao-extraordinaria\/\" \/>\n<meta property=\"og:locale\" content=\"pt_BR\" \/>\n<meta property=\"og:type\" content=\"article\" \/>\n<meta property=\"og:title\" content=\"C\u00e2mara de Vereadores encerra 2025 com reuni\u00e3o extraordin\u00e1ria - C\u00e2mara Municipal de Belo Jardim\" \/>\n<meta property=\"og:description\" content=\"A C\u00e2mara de Vereadores de Belo Jardim realizou a 1\u00aa Reuni\u00e3o Extraordin\u00e1ria do segundo per\u00edodo legislativo. A sess\u00e3o foi convocada com urg\u00eancia pelo presidente, Jonas...\" \/>\n<meta property=\"og:url\" content=\"https:\/\/belojardim.pe.leg.br\/portal\/camara-de-vereadores-encerra-2025-com-reuniao-extraordinaria\/\" \/>\n<meta property=\"og:site_name\" content=\"C\u00e2mara Municipal de Belo Jardim\" \/>\n<meta property=\"article:published_time\" content=\"2026-01-07T12:46:26+00:00\" \/>\n<meta property=\"og:image\" content=\"https:\/\/belojardim.pe.leg.br\/portal\/wp-content\/uploads\/2026\/01\/WhatsApp-Image-2026-01-07-at-09.42.37.jpeg\" \/>\n\t<meta property=\"og:image:width\" content=\"960\" \/>\n\t<meta property=\"og:image:height\" content=\"1280\" \/>\n\t<meta property=\"og:image:type\" content=\"image\/jpeg\" \/>\n<meta name=\"author\" content=\"camara2\" \/>\n<meta name=\"twitter:card\" content=\"summary_large_image\" \/>\n<meta name=\"twitter:label1\" content=\"Escrito por\" \/>\n\t<meta name=\"twitter:data1\" content=\"camara2\" \/>\n\t<meta name=\"twitter:label2\" content=\"Est. tempo de leitura\" \/>\n\t<meta name=\"twitter:data2\" content=\"1 minuto\" \/>\n<script type=\"application\/ld+json\" class=\"yoast-schema-graph\">{\"@context\":\"https:\/\/schema.org\",\"@graph\":[{\"@type\":\"Article\",\"@id\":\"https:\/\/belojardim.pe.leg.br\/portal\/camara-de-vereadores-encerra-2025-com-reuniao-extraordinaria\/#article\",\"isPartOf\":{\"@id\":\"https:\/\/belojardim.pe.leg.br\/portal\/camara-de-vereadores-encerra-2025-com-reuniao-extraordinaria\/\"},\"author\":{\"name\":\"camara2\",\"@id\":\"https:\/\/belojardim.pe.leg.br\/portal\/#\/schema\/person\/f4dc233d702457201065ff3f8eab06af\"},\"headline\":\"C\u00e2mara de Vereadores encerra 2025 com reuni\u00e3o extraordin\u00e1ria\",\"datePublished\":\"2026-01-07T12:46:26+00:00\",\"mainEntityOfPage\":{\"@id\":\"https:\/\/belojardim.pe.leg.br\/portal\/camara-de-vereadores-encerra-2025-com-reuniao-extraordinaria\/\"},\"wordCount\":112,\"commentCount\":0,\"publisher\":{\"@id\":\"https:\/\/belojardim.pe.leg.br\/portal\/#organization\"},\"image\":{\"@id\":\"https:\/\/belojardim.pe.leg.br\/portal\/camara-de-vereadores-encerra-2025-com-reuniao-extraordinaria\/#primaryimage\"},\"thumbnailUrl\":\"https:\/\/belojardim.pe.leg.br\/portal\/wp-content\/uploads\/2026\/01\/WhatsApp-Image-2026-01-07-at-09.42.37.jpeg\",\"articleSection\":[\"Sess\u00f5es 2025\"],\"inLanguage\":\"pt-BR\",\"potentialAction\":[{\"@type\":\"CommentAction\",\"name\":\"Comment\",\"target\":[\"https:\/\/belojardim.pe.leg.br\/portal\/camara-de-vereadores-encerra-2025-com-reuniao-extraordinaria\/#respond\"]}]},{\"@type\":\"WebPage\",\"@id\":\"https:\/\/belojardim.pe.leg.br\/portal\/camara-de-vereadores-encerra-2025-com-reuniao-extraordinaria\/\",\"url\":\"https:\/\/belojardim.pe.leg.br\/portal\/camara-de-vereadores-encerra-2025-com-reuniao-extraordinaria\/\",\"name\":\"C\u00e2mara de Vereadores encerra 2025 com reuni\u00e3o extraordin\u00e1ria - C\u00e2mara Municipal de Belo Jardim\",\"isPartOf\":{\"@id\":\"https:\/\/belojardim.pe.leg.br\/portal\/#website\"},\"primaryImageOfPage\":{\"@id\":\"https:\/\/belojardim.pe.leg.br\/portal\/camara-de-vereadores-encerra-2025-com-reuniao-extraordinaria\/#primaryimage\"},\"image\":{\"@id\":\"https:\/\/belojardim.pe.leg.br\/portal\/camara-de-vereadores-encerra-2025-com-reuniao-extraordinaria\/#primaryimage\"},\"thumbnailUrl\":\"https:\/\/belojardim.pe.leg.br\/portal\/wp-content\/uploads\/2026\/01\/WhatsApp-Image-2026-01-07-at-09.42.37.jpeg\",\"datePublished\":\"2026-01-07T12:46:26+00:00\",\"breadcrumb\":{\"@id\":\"https:\/\/belojardim.pe.leg.br\/portal\/camara-de-vereadores-encerra-2025-com-reuniao-extraordinaria\/#breadcrumb\"},\"inLanguage\":\"pt-BR\",\"potentialAction\":[{\"@type\":\"ReadAction\",\"target\":[\"https:\/\/belojardim.pe.leg.br\/portal\/camara-de-vereadores-encerra-2025-com-reuniao-extraordinaria\/\"]}]},{\"@type\":\"ImageObject\",\"inLanguage\":\"pt-BR\",\"@id\":\"https:\/\/belojardim.pe.leg.br\/portal\/camara-de-vereadores-encerra-2025-com-reuniao-extraordinaria\/#primaryimage\",\"url\":\"https:\/\/belojardim.pe.leg.br\/portal\/wp-content\/uploads\/2026\/01\/WhatsApp-Image-2026-01-07-at-09.42.37.jpeg\",\"contentUrl\":\"https:\/\/belojardim.pe.leg.br\/portal\/wp-content\/uploads\/2026\/01\/WhatsApp-Image-2026-01-07-at-09.42.37.jpeg\",\"width\":960,\"height\":1280},{\"@type\":\"BreadcrumbList\",\"@id\":\"https:\/\/belojardim.pe.leg.br\/portal\/camara-de-vereadores-encerra-2025-com-reuniao-extraordinaria\/#breadcrumb\",\"itemListElement\":[{\"@type\":\"ListItem\",\"position\":1,\"name\":\"In\u00edcio\",\"item\":\"https:\/\/belojardim.pe.leg.br\/portal\/\"},{\"@type\":\"ListItem\",\"position\":2,\"name\":\"C\u00e2mara de Vereadores encerra 2025 com reuni\u00e3o extraordin\u00e1ria\"}]},{\"@type\":\"WebSite\",\"@id\":\"https:\/\/belojardim.pe.leg.br\/portal\/#website\",\"url\":\"https:\/\/belojardim.pe.leg.br\/portal\/\",\"name\":\"C\u00e2mara Municipal de Belo Jardim\",\"description\":\"Casa Cust\u00f3dio Ferreira Mergulh\u00e3o\",\"publisher\":{\"@id\":\"https:\/\/belojardim.pe.leg.br\/portal\/#organization\"},\"potentialAction\":[{\"@type\":\"SearchAction\",\"target\":{\"@type\":\"EntryPoint\",\"urlTemplate\":\"https:\/\/belojardim.pe.leg.br\/portal\/?s={search_term_string}\"},\"query-input\":{\"@type\":\"PropertyValueSpecification\",\"valueRequired\":true,\"valueName\":\"search_term_string\"}}],\"inLanguage\":\"pt-BR\"},{\"@type\":\"Organization\",\"@id\":\"https:\/\/belojardim.pe.leg.br\/portal\/#organization\",\"name\":\"C\u00e2mara Municipal de Belo Jardim\",\"url\":\"https:\/\/belojardim.pe.leg.br\/portal\/\",\"logo\":{\"@type\":\"ImageObject\",\"inLanguage\":\"pt-BR\",\"@id\":\"https:\/\/belojardim.pe.leg.br\/portal\/#\/schema\/logo\/image\/\",\"url\":\"https:\/\/belojardim.pe.leg.br\/portal\/wp-content\/uploads\/2025\/02\/brasao_novo_camara.png\",\"contentUrl\":\"https:\/\/belojardim.pe.leg.br\/portal\/wp-content\/uploads\/2025\/02\/brasao_novo_camara.png\",\"width\":7239,\"height\":1735,\"caption\":\"C\u00e2mara Municipal de Belo Jardim\"},\"image\":{\"@id\":\"https:\/\/belojardim.pe.leg.br\/portal\/#\/schema\/logo\/image\/\"}},{\"@type\":\"Person\",\"@id\":\"https:\/\/belojardim.pe.leg.br\/portal\/#\/schema\/person\/f4dc233d702457201065ff3f8eab06af\",\"name\":\"camara2\",\"image\":{\"@type\":\"ImageObject\",\"inLanguage\":\"pt-BR\",\"@id\":\"https:\/\/belojardim.pe.leg.br\/portal\/#\/schema\/person\/image\/\",\"url\":\"https:\/\/secure.gravatar.com\/avatar\/0133c031d6e4f68305a87d4617c0071428620e80cae5a2cf6bdb08eb7cfe8d41?s=96&d=mm&r=g\",\"contentUrl\":\"https:\/\/secure.gravatar.com\/avatar\/0133c031d6e4f68305a87d4617c0071428620e80cae5a2cf6bdb08eb7cfe8d41?s=96&d=mm&r=g\",\"caption\":\"camara2\"},\"url\":\"https:\/\/belojardim.pe.leg.br\/portal\/author\/camara2\/\"}]}<\/script>\n<!-- \/ Yoast SEO plugin. -->","yoast_head_json":{"title":"C\u00e2mara de Vereadores encerra 2025 com reuni\u00e3o extraordin\u00e1ria - C\u00e2mara Municipal de Belo Jardim","robots":{"index":"index","follow":"follow","max-snippet":"max-snippet:-1","max-image-preview":"max-image-preview:large","max-video-preview":"max-video-preview:-1"},"canonical":"https:\/\/belojardim.pe.leg.br\/portal\/camara-de-vereadores-encerra-2025-com-reuniao-extraordinaria\/","og_locale":"pt_BR","og_type":"article","og_title":"C\u00e2mara de Vereadores encerra 2025 com reuni\u00e3o extraordin\u00e1ria - C\u00e2mara Municipal de Belo Jardim","og_description":"A C\u00e2mara de Vereadores de Belo Jardim realizou a 1\u00aa Reuni\u00e3o Extraordin\u00e1ria do segundo per\u00edodo legislativo. A sess\u00e3o foi convocada com urg\u00eancia pelo presidente, Jonas...","og_url":"https:\/\/belojardim.pe.leg.br\/portal\/camara-de-vereadores-encerra-2025-com-reuniao-extraordinaria\/","og_site_name":"C\u00e2mara Municipal de Belo Jardim","article_published_time":"2026-01-07T12:46:26+00:00","og_image":[{"width":960,"height":1280,"url":"https:\/\/belojardim.pe.leg.br\/portal\/wp-content\/uploads\/2026\/01\/WhatsApp-Image-2026-01-07-at-09.42.37.jpeg","type":"image\/jpeg"}],"author":"camara2","twitter_card":"summary_large_image","twitter_misc":{"Escrito por":"camara2","Est. tempo de leitura":"1 minuto"},"schema":{"@context":"https:\/\/schema.org","@graph":[{"@type":"Article","@id":"https:\/\/belojardim.pe.leg.br\/portal\/camara-de-vereadores-encerra-2025-com-reuniao-extraordinaria\/#article","isPartOf":{"@id":"https:\/\/belojardim.pe.leg.br\/portal\/camara-de-vereadores-encerra-2025-com-reuniao-extraordinaria\/"},"author":{"name":"camara2","@id":"https:\/\/belojardim.pe.leg.br\/portal\/#\/schema\/person\/f4dc233d702457201065ff3f8eab06af"},"headline":"C\u00e2mara de Vereadores encerra 2025 com reuni\u00e3o extraordin\u00e1ria","datePublished":"2026-01-07T12:46:26+00:00","mainEntityOfPage":{"@id":"https:\/\/belojardim.pe.leg.br\/portal\/camara-de-vereadores-encerra-2025-com-reuniao-extraordinaria\/"},"wordCount":112,"commentCount":0,"publisher":{"@id":"https:\/\/belojardim.pe.leg.br\/portal\/#organization"},"image":{"@id":"https:\/\/belojardim.pe.leg.br\/portal\/camara-de-vereadores-encerra-2025-com-reuniao-extraordinaria\/#primaryimage"},"thumbnailUrl":"https:\/\/belojardim.pe.leg.br\/portal\/wp-content\/uploads\/2026\/01\/WhatsApp-Image-2026-01-07-at-09.42.37.jpeg","articleSection":["Sess\u00f5es 2025"],"inLanguage":"pt-BR","potentialAction":[{"@type":"CommentAction","name":"Comment","target":["https:\/\/belojardim.pe.leg.br\/portal\/camara-de-vereadores-encerra-2025-com-reuniao-extraordinaria\/#respond"]}]},{"@type":"WebPage","@id":"https:\/\/belojardim.pe.leg.br\/portal\/camara-de-vereadores-encerra-2025-com-reuniao-extraordinaria\/","url":"https:\/\/belojardim.pe.leg.br\/portal\/camara-de-vereadores-encerra-2025-com-reuniao-extraordinaria\/","name":"C\u00e2mara de Vereadores encerra 2025 com reuni\u00e3o extraordin\u00e1ria - C\u00e2mara Municipal de Belo Jardim","isPartOf":{"@id":"https:\/\/belojardim.pe.leg.br\/portal\/#website"},"primaryImageOfPage":{"@id":"https:\/\/belojardim.pe.leg.br\/portal\/camara-de-vereadores-encerra-2025-com-reuniao-extraordinaria\/#primaryimage"},"image":{"@id":"https:\/\/belojardim.pe.leg.br\/portal\/camara-de-vereadores-encerra-2025-com-reuniao-extraordinaria\/#primaryimage"},"thumbnailUrl":"https:\/\/belojardim.pe.leg.br\/portal\/wp-content\/uploads\/2026\/01\/WhatsApp-Image-2026-01-07-at-09.42.37.jpeg","datePublished":"2026-01-07T12:46:26+00:00","breadcrumb":{"@id":"https:\/\/belojardim.pe.leg.br\/portal\/camara-de-vereadores-encerra-2025-com-reuniao-extraordinaria\/#breadcrumb"},"inLanguage":"pt-BR","potentialAction":[{"@type":"ReadAction","target":["https:\/\/belojardim.pe.leg.br\/portal\/camara-de-vereadores-encerra-2025-com-reuniao-extraordinaria\/"]}]},{"@type":"ImageObject","inLanguage":"pt-BR","@id":"https:\/\/belojardim.pe.leg.br\/portal\/camara-de-vereadores-encerra-2025-com-reuniao-extraordinaria\/#primaryimage","url":"https:\/\/belojardim.pe.leg.br\/portal\/wp-content\/uploads\/2026\/01\/WhatsApp-Image-2026-01-07-at-09.42.37.jpeg","contentUrl":"https:\/\/belojardim.pe.leg.br\/portal\/wp-content\/uploads\/2026\/01\/WhatsApp-Image-2026-01-07-at-09.42.37.jpeg","width":960,"height":1280},{"@type":"BreadcrumbList","@id":"https:\/\/belojardim.pe.leg.br\/portal\/camara-de-vereadores-encerra-2025-com-reuniao-extraordinaria\/#breadcrumb","itemListElement":[{"@type":"ListItem","position":1,"name":"In\u00edcio","item":"https:\/\/belojardim.pe.leg.br\/portal\/"},{"@type":"ListItem","position":2,"name":"C\u00e2mara de Vereadores encerra 2025 com reuni\u00e3o extraordin\u00e1ria"}]},{"@type":"WebSite","@id":"https:\/\/belojardim.pe.leg.br\/portal\/#website","url":"https:\/\/belojardim.pe.leg.br\/portal\/","name":"C\u00e2mara Municipal de Belo Jardim","description":"Casa Cust\u00f3dio Ferreira Mergulh\u00e3o","publisher":{"@id":"https:\/\/belojardim.pe.leg.br\/portal\/#organization"},"potentialAction":[{"@type":"SearchAction","target":{"@type":"EntryPoint","urlTemplate":"https:\/\/belojardim.pe.leg.br\/portal\/?s={search_term_string}"},"query-input":{"@type":"PropertyValueSpecification","valueRequired":true,"valueName":"search_term_string"}}],"inLanguage":"pt-BR"},{"@type":"Organization","@id":"https:\/\/belojardim.pe.leg.br\/portal\/#organization","name":"C\u00e2mara Municipal de Belo Jardim","url":"https:\/\/belojardim.pe.leg.br\/portal\/","logo":{"@type":"ImageObject","inLanguage":"pt-BR","@id":"https:\/\/belojardim.pe.leg.br\/portal\/#\/schema\/logo\/image\/","url":"https:\/\/belojardim.pe.leg.br\/portal\/wp-content\/uploads\/2025\/02\/brasao_novo_camara.png","contentUrl":"https:\/\/belojardim.pe.leg.br\/portal\/wp-content\/uploads\/2025\/02\/brasao_novo_camara.png","width":7239,"height":1735,"caption":"C\u00e2mara Municipal de Belo Jardim"},"image":{"@id":"https:\/\/belojardim.pe.leg.br\/portal\/#\/schema\/logo\/image\/"}},{"@type":"Person","@id":"https:\/\/belojardim.pe.leg.br\/portal\/#\/schema\/person\/f4dc233d702457201065ff3f8eab06af","name":"camara2","image":{"@type":"ImageObject","inLanguage":"pt-BR","@id":"https:\/\/belojardim.pe.leg.br\/portal\/#\/schema\/person\/image\/","url":"https:\/\/secure.gravatar.com\/avatar\/0133c031d6e4f68305a87d4617c0071428620e80cae5a2cf6bdb08eb7cfe8d41?s=96&d=mm&r=g","contentUrl":"https:\/\/secure.gravatar.com\/avatar\/0133c031d6e4f68305a87d4617c0071428620e80cae5a2cf6bdb08eb7cfe8d41?s=96&d=mm&r=g","caption":"camara2"},"url":"https:\/\/belojardim.pe.leg.br\/portal\/author\/camara2\/"}]}},"_links":{"self":[{"href":"https:\/\/belojardim.pe.leg.br\/portal\/wp-json\/wp\/v2\/posts\/15429","targetHints":{"allow":["GET"]}}],"collection":[{"href":"https:\/\/belojardim.pe.leg.br\/portal\/wp-json\/wp\/v2\/posts"}],"about":[{"href":"https:\/\/belojardim.pe.leg.br\/portal\/wp-json\/wp\/v2\/types\/post"}],"author":[{"embeddable":true,"href":"https:\/\/belojardim.pe.leg.br\/portal\/wp-json\/wp\/v2\/users\/5"}],"replies":[{"embeddable":true,"href":"https:\/\/belojardim.pe.leg.br\/portal\/wp-json\/wp\/v2\/comments?post=15429"}],"version-history":[{"count":1,"href":"https:\/\/belojardim.pe.leg.br\/portal\/wp-json\/wp\/v2\/posts\/15429\/revisions"}],"predecessor-version":[{"id":15431,"href":"https:\/\/belojardim.pe.leg.br\/portal\/wp-json\/wp\/v2\/posts\/15429\/revisions\/15431"}],"wp:featuredmedia":[{"embeddable":true,"href":"https:\/\/belojardim.pe.leg.br\/portal\/wp-json\/wp\/v2\/media\/15430"}],"wp:attachment":[{"href":"https:\/\/belojardim.pe.leg.br\/portal\/wp-json\/wp\/v2\/media?parent=15429"}],"wp:term":[{"taxonomy":"category","embeddable":true,"href":"https:\/\/belojardim.pe.leg.br\/portal\/wp-json\/wp\/v2\/categories?post=15429"},{"taxonomy":"post_tag","embeddable":true,"href":"https:\/\/belojardim.pe.leg.br\/portal\/wp-json\/wp\/v2\/tags?post=15429"}],"curies":[{"name":"wp","href":"https:\/\/api.w.org\/{rel}","templated":true}]}}