{"id":15413,"date":"2025-12-17T12:22:18","date_gmt":"2025-12-17T15:22:18","guid":{"rendered":"https:\/\/belojardim.pe.leg.br\/portal\/?p=15413"},"modified":"2025-12-17T12:22:18","modified_gmt":"2025-12-17T15:22:18","slug":"vereadores-encaminham-criacao-de-subprefeitura-em-serra-do-vento-as-comissoes","status":"publish","type":"post","link":"https:\/\/belojardim.pe.leg.br\/portal\/vereadores-encaminham-criacao-de-subprefeitura-em-serra-do-vento-as-comissoes\/","title":{"rendered":"Vereadores encaminham cria\u00e7\u00e3o de Subprefeitura em Serra do Vento \u00e0s comiss\u00f5es"},"content":{"rendered":"<div class=\"wp-block-image\"><a href=\"https:\/\/belojardim.pe.leg.br\/portal\/wp-content\/uploads\/2025\/12\/WhatsApp-Image-2025-12-17-at-12.16.11.jpeg\"><img loading=\"lazy\" decoding=\"async\" class=\"wpa-warning wpa-image-missing-alt alignleft size-medium wp-image-15414\" src=\"https:\/\/belojardim.pe.leg.br\/portal\/wp-content\/uploads\/2025\/12\/WhatsApp-Image-2025-12-17-at-12.16.11-300x200.jpeg\" alt=\"\" width=\"300\" height=\"200\" data-warning=\"Missing alt text\" srcset=\"https:\/\/belojardim.pe.leg.br\/portal\/wp-content\/uploads\/2025\/12\/WhatsApp-Image-2025-12-17-at-12.16.11-300x200.jpeg 300w, https:\/\/belojardim.pe.leg.br\/portal\/wp-content\/uploads\/2025\/12\/WhatsApp-Image-2025-12-17-at-12.16.11-1024x683.jpeg 1024w, https:\/\/belojardim.pe.leg.br\/portal\/wp-content\/uploads\/2025\/12\/WhatsApp-Image-2025-12-17-at-12.16.11-768x512.jpeg 768w, https:\/\/belojardim.pe.leg.br\/portal\/wp-content\/uploads\/2025\/12\/WhatsApp-Image-2025-12-17-at-12.16.11-1218x813.jpeg 1218w, https:\/\/belojardim.pe.leg.br\/portal\/wp-content\/uploads\/2025\/12\/WhatsApp-Image-2025-12-17-at-12.16.11.jpeg 1280w\" sizes=\"auto, (max-width: 300px) 100vw, 300px\" \/><\/a><span style=\"font-weight: 400;\">A C\u00e2mara Municipal de Belo Jardim realizou, na \u00faltima ter\u00e7a-feira (16), a 24\u00aa Sess\u00e3o Ordin\u00e1ria do segundo per\u00edodo legislativo. Na ordem do dia, os parlamentares votaram e aprovaram diversos projetos de lei, al\u00e9m de encaminharem outros \u00e0s comiss\u00f5es competentes.<\/span><\/div>\n<p><span style=\"font-weight: 400;\">Os vereadores aprovaram leis que autorizam a doa\u00e7\u00e3o de terrenos para empresas do munic\u00edpio de Belo Jardim. O objetivo \u00e9 possibilitar a expans\u00e3o dos locais de trabalho, incentivando o empreendedorismo e gerando novas vagas de emprego.<\/span><\/p>\n<p><span style=\"font-weight: 400;\">Tamb\u00e9m foi encaminhado \u00e0s comiss\u00f5es competentes o projeto de lei que autoriza a cria\u00e7\u00e3o da Subprefeitura no distrito de Serra do Vento. Segundo o prefeito, a medida busca otimizar os servi\u00e7os p\u00fablicos oferecidos \u00e0 popula\u00e7\u00e3o local.<\/span><\/p>\n<p><span style=\"font-weight: 400;\">Por fim, os vereadores apresentaram mo\u00e7\u00f5es de aplauso e votos de pesar. A sess\u00e3o pode ser assistida na \u00edntegra pelo canal oficial da C\u00e2mara de Vereadores de Belo Jardim no YouTube e em blogs parceiros. A \u00faltima sess\u00e3o do ano est\u00e1 marcada para a pr\u00f3xima ter\u00e7a-feira, 23 de dezembro.<\/span><\/p>\n<p>&nbsp;<\/p>\n","protected":false},"excerpt":{"rendered":"<p>A C\u00e2mara Municipal de Belo Jardim realizou, na \u00faltima ter\u00e7a-feira (16), a 24\u00aa Sess\u00e3o Ordin\u00e1ria do segundo per\u00edodo legislativo. Na ordem do dia, os parlamentares&#8230;<\/p>\n","protected":false},"author":5,"featured_media":15414,"comment_status":"open","ping_status":"open","sticky":false,"template":"","format":"standard","meta":{"footnotes":""},"categories":[152],"tags":[],"class_list":["post-15413","post","type-post","status-publish","format-standard","has-post-thumbnail","hentry","category-sessoes-2025","wpcat-152-id"],"yoast_head":"<!-- This site is optimized with the Yoast SEO plugin v25.1 - https:\/\/yoast.com\/wordpress\/plugins\/seo\/ -->\n<title>Vereadores encaminham cria\u00e7\u00e3o de Subprefeitura em Serra do Vento \u00e0s comiss\u00f5es - C\u00e2mara Municipal de Belo Jardim<\/title>\n<meta name=\"robots\" content=\"index, follow, max-snippet:-1, max-image-preview:large, max-video-preview:-1\" \/>\n<link rel=\"canonical\" href=\"https:\/\/belojardim.pe.leg.br\/portal\/vereadores-encaminham-criacao-de-subprefeitura-em-serra-do-vento-as-comissoes\/\" \/>\n<meta property=\"og:locale\" content=\"pt_BR\" \/>\n<meta property=\"og:type\" content=\"article\" \/>\n<meta property=\"og:title\" content=\"Vereadores encaminham cria\u00e7\u00e3o de Subprefeitura em Serra do Vento \u00e0s comiss\u00f5es - C\u00e2mara Municipal de Belo Jardim\" \/>\n<meta property=\"og:description\" content=\"A C\u00e2mara Municipal de Belo Jardim realizou, na \u00faltima ter\u00e7a-feira (16), a 24\u00aa Sess\u00e3o Ordin\u00e1ria do segundo per\u00edodo legislativo. Na ordem do dia, os parlamentares...\" \/>\n<meta property=\"og:url\" content=\"https:\/\/belojardim.pe.leg.br\/portal\/vereadores-encaminham-criacao-de-subprefeitura-em-serra-do-vento-as-comissoes\/\" \/>\n<meta property=\"og:site_name\" content=\"C\u00e2mara Municipal de Belo Jardim\" \/>\n<meta property=\"article:published_time\" content=\"2025-12-17T15:22:18+00:00\" \/>\n<meta property=\"og:image\" content=\"https:\/\/belojardim.pe.leg.br\/portal\/wp-content\/uploads\/2025\/12\/WhatsApp-Image-2025-12-17-at-12.16.11.jpeg\" \/>\n\t<meta property=\"og:image:width\" content=\"1280\" \/>\n\t<meta property=\"og:image:height\" content=\"854\" \/>\n\t<meta property=\"og:image:type\" content=\"image\/jpeg\" \/>\n<meta name=\"author\" content=\"camara2\" \/>\n<meta name=\"twitter:card\" content=\"summary_large_image\" \/>\n<meta name=\"twitter:label1\" content=\"Escrito por\" \/>\n\t<meta name=\"twitter:data1\" content=\"camara2\" \/>\n\t<meta name=\"twitter:label2\" content=\"Est. tempo de leitura\" \/>\n\t<meta name=\"twitter:data2\" content=\"2 minutos\" \/>\n<script type=\"application\/ld+json\" class=\"yoast-schema-graph\">{\"@context\":\"https:\/\/schema.org\",\"@graph\":[{\"@type\":\"Article\",\"@id\":\"https:\/\/belojardim.pe.leg.br\/portal\/vereadores-encaminham-criacao-de-subprefeitura-em-serra-do-vento-as-comissoes\/#article\",\"isPartOf\":{\"@id\":\"https:\/\/belojardim.pe.leg.br\/portal\/vereadores-encaminham-criacao-de-subprefeitura-em-serra-do-vento-as-comissoes\/\"},\"author\":{\"name\":\"camara2\",\"@id\":\"https:\/\/belojardim.pe.leg.br\/portal\/#\/schema\/person\/f4dc233d702457201065ff3f8eab06af\"},\"headline\":\"Vereadores encaminham cria\u00e7\u00e3o de Subprefeitura em Serra do Vento \u00e0s comiss\u00f5es\",\"datePublished\":\"2025-12-17T15:22:18+00:00\",\"mainEntityOfPage\":{\"@id\":\"https:\/\/belojardim.pe.leg.br\/portal\/vereadores-encaminham-criacao-de-subprefeitura-em-serra-do-vento-as-comissoes\/\"},\"wordCount\":191,\"commentCount\":0,\"publisher\":{\"@id\":\"https:\/\/belojardim.pe.leg.br\/portal\/#organization\"},\"image\":{\"@id\":\"https:\/\/belojardim.pe.leg.br\/portal\/vereadores-encaminham-criacao-de-subprefeitura-em-serra-do-vento-as-comissoes\/#primaryimage\"},\"thumbnailUrl\":\"https:\/\/belojardim.pe.leg.br\/portal\/wp-content\/uploads\/2025\/12\/WhatsApp-Image-2025-12-17-at-12.16.11.jpeg\",\"articleSection\":[\"Sess\u00f5es 2025\"],\"inLanguage\":\"pt-BR\",\"potentialAction\":[{\"@type\":\"CommentAction\",\"name\":\"Comment\",\"target\":[\"https:\/\/belojardim.pe.leg.br\/portal\/vereadores-encaminham-criacao-de-subprefeitura-em-serra-do-vento-as-comissoes\/#respond\"]}]},{\"@type\":\"WebPage\",\"@id\":\"https:\/\/belojardim.pe.leg.br\/portal\/vereadores-encaminham-criacao-de-subprefeitura-em-serra-do-vento-as-comissoes\/\",\"url\":\"https:\/\/belojardim.pe.leg.br\/portal\/vereadores-encaminham-criacao-de-subprefeitura-em-serra-do-vento-as-comissoes\/\",\"name\":\"Vereadores encaminham cria\u00e7\u00e3o de Subprefeitura em Serra do Vento \u00e0s comiss\u00f5es - C\u00e2mara Municipal de Belo Jardim\",\"isPartOf\":{\"@id\":\"https:\/\/belojardim.pe.leg.br\/portal\/#website\"},\"primaryImageOfPage\":{\"@id\":\"https:\/\/belojardim.pe.leg.br\/portal\/vereadores-encaminham-criacao-de-subprefeitura-em-serra-do-vento-as-comissoes\/#primaryimage\"},\"image\":{\"@id\":\"https:\/\/belojardim.pe.leg.br\/portal\/vereadores-encaminham-criacao-de-subprefeitura-em-serra-do-vento-as-comissoes\/#primaryimage\"},\"thumbnailUrl\":\"https:\/\/belojardim.pe.leg.br\/portal\/wp-content\/uploads\/2025\/12\/WhatsApp-Image-2025-12-17-at-12.16.11.jpeg\",\"datePublished\":\"2025-12-17T15:22:18+00:00\",\"breadcrumb\":{\"@id\":\"https:\/\/belojardim.pe.leg.br\/portal\/vereadores-encaminham-criacao-de-subprefeitura-em-serra-do-vento-as-comissoes\/#breadcrumb\"},\"inLanguage\":\"pt-BR\",\"potentialAction\":[{\"@type\":\"ReadAction\",\"target\":[\"https:\/\/belojardim.pe.leg.br\/portal\/vereadores-encaminham-criacao-de-subprefeitura-em-serra-do-vento-as-comissoes\/\"]}]},{\"@type\":\"ImageObject\",\"inLanguage\":\"pt-BR\",\"@id\":\"https:\/\/belojardim.pe.leg.br\/portal\/vereadores-encaminham-criacao-de-subprefeitura-em-serra-do-vento-as-comissoes\/#primaryimage\",\"url\":\"https:\/\/belojardim.pe.leg.br\/portal\/wp-content\/uploads\/2025\/12\/WhatsApp-Image-2025-12-17-at-12.16.11.jpeg\",\"contentUrl\":\"https:\/\/belojardim.pe.leg.br\/portal\/wp-content\/uploads\/2025\/12\/WhatsApp-Image-2025-12-17-at-12.16.11.jpeg\",\"width\":1280,\"height\":854},{\"@type\":\"BreadcrumbList\",\"@id\":\"https:\/\/belojardim.pe.leg.br\/portal\/vereadores-encaminham-criacao-de-subprefeitura-em-serra-do-vento-as-comissoes\/#breadcrumb\",\"itemListElement\":[{\"@type\":\"ListItem\",\"position\":1,\"name\":\"In\u00edcio\",\"item\":\"https:\/\/belojardim.pe.leg.br\/portal\/\"},{\"@type\":\"ListItem\",\"position\":2,\"name\":\"Vereadores encaminham cria\u00e7\u00e3o de Subprefeitura em Serra do Vento \u00e0s comiss\u00f5es\"}]},{\"@type\":\"WebSite\",\"@id\":\"https:\/\/belojardim.pe.leg.br\/portal\/#website\",\"url\":\"https:\/\/belojardim.pe.leg.br\/portal\/\",\"name\":\"C\u00e2mara Municipal de Belo Jardim\",\"description\":\"Casa Cust\u00f3dio Ferreira Mergulh\u00e3o\",\"publisher\":{\"@id\":\"https:\/\/belojardim.pe.leg.br\/portal\/#organization\"},\"potentialAction\":[{\"@type\":\"SearchAction\",\"target\":{\"@type\":\"EntryPoint\",\"urlTemplate\":\"https:\/\/belojardim.pe.leg.br\/portal\/?s={search_term_string}\"},\"query-input\":{\"@type\":\"PropertyValueSpecification\",\"valueRequired\":true,\"valueName\":\"search_term_string\"}}],\"inLanguage\":\"pt-BR\"},{\"@type\":\"Organization\",\"@id\":\"https:\/\/belojardim.pe.leg.br\/portal\/#organization\",\"name\":\"C\u00e2mara Municipal de Belo Jardim\",\"url\":\"https:\/\/belojardim.pe.leg.br\/portal\/\",\"logo\":{\"@type\":\"ImageObject\",\"inLanguage\":\"pt-BR\",\"@id\":\"https:\/\/belojardim.pe.leg.br\/portal\/#\/schema\/logo\/image\/\",\"url\":\"https:\/\/belojardim.pe.leg.br\/portal\/wp-content\/uploads\/2025\/02\/brasao_novo_camara.png\",\"contentUrl\":\"https:\/\/belojardim.pe.leg.br\/portal\/wp-content\/uploads\/2025\/02\/brasao_novo_camara.png\",\"width\":7239,\"height\":1735,\"caption\":\"C\u00e2mara Municipal de Belo Jardim\"},\"image\":{\"@id\":\"https:\/\/belojardim.pe.leg.br\/portal\/#\/schema\/logo\/image\/\"}},{\"@type\":\"Person\",\"@id\":\"https:\/\/belojardim.pe.leg.br\/portal\/#\/schema\/person\/f4dc233d702457201065ff3f8eab06af\",\"name\":\"camara2\",\"image\":{\"@type\":\"ImageObject\",\"inLanguage\":\"pt-BR\",\"@id\":\"https:\/\/belojardim.pe.leg.br\/portal\/#\/schema\/person\/image\/\",\"url\":\"https:\/\/secure.gravatar.com\/avatar\/0133c031d6e4f68305a87d4617c0071428620e80cae5a2cf6bdb08eb7cfe8d41?s=96&d=mm&r=g\",\"contentUrl\":\"https:\/\/secure.gravatar.com\/avatar\/0133c031d6e4f68305a87d4617c0071428620e80cae5a2cf6bdb08eb7cfe8d41?s=96&d=mm&r=g\",\"caption\":\"camara2\"},\"url\":\"https:\/\/belojardim.pe.leg.br\/portal\/author\/camara2\/\"}]}<\/script>\n<!-- \/ Yoast SEO plugin. -->","yoast_head_json":{"title":"Vereadores encaminham cria\u00e7\u00e3o de Subprefeitura em Serra do Vento \u00e0s comiss\u00f5es - C\u00e2mara Municipal de Belo Jardim","robots":{"index":"index","follow":"follow","max-snippet":"max-snippet:-1","max-image-preview":"max-image-preview:large","max-video-preview":"max-video-preview:-1"},"canonical":"https:\/\/belojardim.pe.leg.br\/portal\/vereadores-encaminham-criacao-de-subprefeitura-em-serra-do-vento-as-comissoes\/","og_locale":"pt_BR","og_type":"article","og_title":"Vereadores encaminham cria\u00e7\u00e3o de Subprefeitura em Serra do Vento \u00e0s comiss\u00f5es - C\u00e2mara Municipal de Belo Jardim","og_description":"A C\u00e2mara Municipal de Belo Jardim realizou, na \u00faltima ter\u00e7a-feira (16), a 24\u00aa Sess\u00e3o Ordin\u00e1ria do segundo per\u00edodo legislativo. Na ordem do dia, os parlamentares...","og_url":"https:\/\/belojardim.pe.leg.br\/portal\/vereadores-encaminham-criacao-de-subprefeitura-em-serra-do-vento-as-comissoes\/","og_site_name":"C\u00e2mara Municipal de Belo Jardim","article_published_time":"2025-12-17T15:22:18+00:00","og_image":[{"width":1280,"height":854,"url":"https:\/\/belojardim.pe.leg.br\/portal\/wp-content\/uploads\/2025\/12\/WhatsApp-Image-2025-12-17-at-12.16.11.jpeg","type":"image\/jpeg"}],"author":"camara2","twitter_card":"summary_large_image","twitter_misc":{"Escrito por":"camara2","Est. tempo de leitura":"2 minutos"},"schema":{"@context":"https:\/\/schema.org","@graph":[{"@type":"Article","@id":"https:\/\/belojardim.pe.leg.br\/portal\/vereadores-encaminham-criacao-de-subprefeitura-em-serra-do-vento-as-comissoes\/#article","isPartOf":{"@id":"https:\/\/belojardim.pe.leg.br\/portal\/vereadores-encaminham-criacao-de-subprefeitura-em-serra-do-vento-as-comissoes\/"},"author":{"name":"camara2","@id":"https:\/\/belojardim.pe.leg.br\/portal\/#\/schema\/person\/f4dc233d702457201065ff3f8eab06af"},"headline":"Vereadores encaminham cria\u00e7\u00e3o de Subprefeitura em Serra do Vento \u00e0s comiss\u00f5es","datePublished":"2025-12-17T15:22:18+00:00","mainEntityOfPage":{"@id":"https:\/\/belojardim.pe.leg.br\/portal\/vereadores-encaminham-criacao-de-subprefeitura-em-serra-do-vento-as-comissoes\/"},"wordCount":191,"commentCount":0,"publisher":{"@id":"https:\/\/belojardim.pe.leg.br\/portal\/#organization"},"image":{"@id":"https:\/\/belojardim.pe.leg.br\/portal\/vereadores-encaminham-criacao-de-subprefeitura-em-serra-do-vento-as-comissoes\/#primaryimage"},"thumbnailUrl":"https:\/\/belojardim.pe.leg.br\/portal\/wp-content\/uploads\/2025\/12\/WhatsApp-Image-2025-12-17-at-12.16.11.jpeg","articleSection":["Sess\u00f5es 2025"],"inLanguage":"pt-BR","potentialAction":[{"@type":"CommentAction","name":"Comment","target":["https:\/\/belojardim.pe.leg.br\/portal\/vereadores-encaminham-criacao-de-subprefeitura-em-serra-do-vento-as-comissoes\/#respond"]}]},{"@type":"WebPage","@id":"https:\/\/belojardim.pe.leg.br\/portal\/vereadores-encaminham-criacao-de-subprefeitura-em-serra-do-vento-as-comissoes\/","url":"https:\/\/belojardim.pe.leg.br\/portal\/vereadores-encaminham-criacao-de-subprefeitura-em-serra-do-vento-as-comissoes\/","name":"Vereadores encaminham cria\u00e7\u00e3o de Subprefeitura em Serra do Vento \u00e0s comiss\u00f5es - C\u00e2mara Municipal de Belo Jardim","isPartOf":{"@id":"https:\/\/belojardim.pe.leg.br\/portal\/#website"},"primaryImageOfPage":{"@id":"https:\/\/belojardim.pe.leg.br\/portal\/vereadores-encaminham-criacao-de-subprefeitura-em-serra-do-vento-as-comissoes\/#primaryimage"},"image":{"@id":"https:\/\/belojardim.pe.leg.br\/portal\/vereadores-encaminham-criacao-de-subprefeitura-em-serra-do-vento-as-comissoes\/#primaryimage"},"thumbnailUrl":"https:\/\/belojardim.pe.leg.br\/portal\/wp-content\/uploads\/2025\/12\/WhatsApp-Image-2025-12-17-at-12.16.11.jpeg","datePublished":"2025-12-17T15:22:18+00:00","breadcrumb":{"@id":"https:\/\/belojardim.pe.leg.br\/portal\/vereadores-encaminham-criacao-de-subprefeitura-em-serra-do-vento-as-comissoes\/#breadcrumb"},"inLanguage":"pt-BR","potentialAction":[{"@type":"ReadAction","target":["https:\/\/belojardim.pe.leg.br\/portal\/vereadores-encaminham-criacao-de-subprefeitura-em-serra-do-vento-as-comissoes\/"]}]},{"@type":"ImageObject","inLanguage":"pt-BR","@id":"https:\/\/belojardim.pe.leg.br\/portal\/vereadores-encaminham-criacao-de-subprefeitura-em-serra-do-vento-as-comissoes\/#primaryimage","url":"https:\/\/belojardim.pe.leg.br\/portal\/wp-content\/uploads\/2025\/12\/WhatsApp-Image-2025-12-17-at-12.16.11.jpeg","contentUrl":"https:\/\/belojardim.pe.leg.br\/portal\/wp-content\/uploads\/2025\/12\/WhatsApp-Image-2025-12-17-at-12.16.11.jpeg","width":1280,"height":854},{"@type":"BreadcrumbList","@id":"https:\/\/belojardim.pe.leg.br\/portal\/vereadores-encaminham-criacao-de-subprefeitura-em-serra-do-vento-as-comissoes\/#breadcrumb","itemListElement":[{"@type":"ListItem","position":1,"name":"In\u00edcio","item":"https:\/\/belojardim.pe.leg.br\/portal\/"},{"@type":"ListItem","position":2,"name":"Vereadores encaminham cria\u00e7\u00e3o de Subprefeitura em Serra do Vento \u00e0s comiss\u00f5es"}]},{"@type":"WebSite","@id":"https:\/\/belojardim.pe.leg.br\/portal\/#website","url":"https:\/\/belojardim.pe.leg.br\/portal\/","name":"C\u00e2mara Municipal de Belo Jardim","description":"Casa Cust\u00f3dio Ferreira Mergulh\u00e3o","publisher":{"@id":"https:\/\/belojardim.pe.leg.br\/portal\/#organization"},"potentialAction":[{"@type":"SearchAction","target":{"@type":"EntryPoint","urlTemplate":"https:\/\/belojardim.pe.leg.br\/portal\/?s={search_term_string}"},"query-input":{"@type":"PropertyValueSpecification","valueRequired":true,"valueName":"search_term_string"}}],"inLanguage":"pt-BR"},{"@type":"Organization","@id":"https:\/\/belojardim.pe.leg.br\/portal\/#organization","name":"C\u00e2mara Municipal de Belo Jardim","url":"https:\/\/belojardim.pe.leg.br\/portal\/","logo":{"@type":"ImageObject","inLanguage":"pt-BR","@id":"https:\/\/belojardim.pe.leg.br\/portal\/#\/schema\/logo\/image\/","url":"https:\/\/belojardim.pe.leg.br\/portal\/wp-content\/uploads\/2025\/02\/brasao_novo_camara.png","contentUrl":"https:\/\/belojardim.pe.leg.br\/portal\/wp-content\/uploads\/2025\/02\/brasao_novo_camara.png","width":7239,"height":1735,"caption":"C\u00e2mara Municipal de Belo Jardim"},"image":{"@id":"https:\/\/belojardim.pe.leg.br\/portal\/#\/schema\/logo\/image\/"}},{"@type":"Person","@id":"https:\/\/belojardim.pe.leg.br\/portal\/#\/schema\/person\/f4dc233d702457201065ff3f8eab06af","name":"camara2","image":{"@type":"ImageObject","inLanguage":"pt-BR","@id":"https:\/\/belojardim.pe.leg.br\/portal\/#\/schema\/person\/image\/","url":"https:\/\/secure.gravatar.com\/avatar\/0133c031d6e4f68305a87d4617c0071428620e80cae5a2cf6bdb08eb7cfe8d41?s=96&d=mm&r=g","contentUrl":"https:\/\/secure.gravatar.com\/avatar\/0133c031d6e4f68305a87d4617c0071428620e80cae5a2cf6bdb08eb7cfe8d41?s=96&d=mm&r=g","caption":"camara2"},"url":"https:\/\/belojardim.pe.leg.br\/portal\/author\/camara2\/"}]}},"_links":{"self":[{"href":"https:\/\/belojardim.pe.leg.br\/portal\/wp-json\/wp\/v2\/posts\/15413","targetHints":{"allow":["GET"]}}],"collection":[{"href":"https:\/\/belojardim.pe.leg.br\/portal\/wp-json\/wp\/v2\/posts"}],"about":[{"href":"https:\/\/belojardim.pe.leg.br\/portal\/wp-json\/wp\/v2\/types\/post"}],"author":[{"embeddable":true,"href":"https:\/\/belojardim.pe.leg.br\/portal\/wp-json\/wp\/v2\/users\/5"}],"replies":[{"embeddable":true,"href":"https:\/\/belojardim.pe.leg.br\/portal\/wp-json\/wp\/v2\/comments?post=15413"}],"version-history":[{"count":1,"href":"https:\/\/belojardim.pe.leg.br\/portal\/wp-json\/wp\/v2\/posts\/15413\/revisions"}],"predecessor-version":[{"id":15415,"href":"https:\/\/belojardim.pe.leg.br\/portal\/wp-json\/wp\/v2\/posts\/15413\/revisions\/15415"}],"wp:featuredmedia":[{"embeddable":true,"href":"https:\/\/belojardim.pe.leg.br\/portal\/wp-json\/wp\/v2\/media\/15414"}],"wp:attachment":[{"href":"https:\/\/belojardim.pe.leg.br\/portal\/wp-json\/wp\/v2\/media?parent=15413"}],"wp:term":[{"taxonomy":"category","embeddable":true,"href":"https:\/\/belojardim.pe.leg.br\/portal\/wp-json\/wp\/v2\/categories?post=15413"},{"taxonomy":"post_tag","embeddable":true,"href":"https:\/\/belojardim.pe.leg.br\/portal\/wp-json\/wp\/v2\/tags?post=15413"}],"curies":[{"name":"wp","href":"https:\/\/api.w.org\/{rel}","templated":true}]}}