{"id":15372,"date":"2025-11-12T12:10:12","date_gmt":"2025-11-12T15:10:12","guid":{"rendered":"https:\/\/belojardim.pe.leg.br\/portal\/?p=15372"},"modified":"2025-11-12T12:10:12","modified_gmt":"2025-11-12T15:10:12","slug":"vereadores-discutem-implantacao-de-novo-estacionamento-no-centro-da-cidade","status":"publish","type":"post","link":"https:\/\/belojardim.pe.leg.br\/portal\/vereadores-discutem-implantacao-de-novo-estacionamento-no-centro-da-cidade\/","title":{"rendered":"Vereadores discutem implanta\u00e7\u00e3o de novo estacionamento no centro da cidade"},"content":{"rendered":"<div class=\"wp-block-image\"><a href=\"https:\/\/belojardim.pe.leg.br\/portal\/wp-content\/uploads\/2025\/11\/WhatsApp-Image-2025-11-12-at-12.04.55.jpeg\"><img loading=\"lazy\" decoding=\"async\" class=\"wpa-warning wpa-image-missing-alt alignleft size-medium wp-image-15373\" src=\"https:\/\/belojardim.pe.leg.br\/portal\/wp-content\/uploads\/2025\/11\/WhatsApp-Image-2025-11-12-at-12.04.55-300x200.jpeg\" alt=\"\" width=\"300\" height=\"200\" data-warning=\"Missing alt text\" srcset=\"https:\/\/belojardim.pe.leg.br\/portal\/wp-content\/uploads\/2025\/11\/WhatsApp-Image-2025-11-12-at-12.04.55-300x200.jpeg 300w, https:\/\/belojardim.pe.leg.br\/portal\/wp-content\/uploads\/2025\/11\/WhatsApp-Image-2025-11-12-at-12.04.55-1024x682.jpeg 1024w, https:\/\/belojardim.pe.leg.br\/portal\/wp-content\/uploads\/2025\/11\/WhatsApp-Image-2025-11-12-at-12.04.55-768x512.jpeg 768w, https:\/\/belojardim.pe.leg.br\/portal\/wp-content\/uploads\/2025\/11\/WhatsApp-Image-2025-11-12-at-12.04.55-1536x1023.jpeg 1536w, https:\/\/belojardim.pe.leg.br\/portal\/wp-content\/uploads\/2025\/11\/WhatsApp-Image-2025-11-12-at-12.04.55-1218x811.jpeg 1218w, https:\/\/belojardim.pe.leg.br\/portal\/wp-content\/uploads\/2025\/11\/WhatsApp-Image-2025-11-12-at-12.04.55.jpeg 1600w\" sizes=\"auto, (max-width: 300px) 100vw, 300px\" \/><\/a><\/div>\n<p>A C\u00e2mara de Vereadores de Belo Jardim realizou a 16\u00aa sess\u00e3o do segundo per\u00edodo legislativo. Durante a reuni\u00e3o, projetos de lei foram encaminhados \u00e0s comiss\u00f5es competentes, al\u00e9m da aprova\u00e7\u00e3o de uma resolu\u00e7\u00e3o e de diversos requerimentos.<\/p>\n<p>O vereador Edson Silva solicitou \u00e0s secretarias respons\u00e1veis que sejam feitas adequa\u00e7\u00f5es em todos os redutores de velocidade do munic\u00edpio, de acordo com as normas do Conselho Nacional de Tr\u00e2nsito (Contran). \u201cMuitas pessoas resolvem fazer um quebra-mola em frente \u00e0s suas casas e, na maioria das vezes, ele \u00e9 constru\u00eddo de qualquer jeito\u201d, afirmou o vereador. Ap\u00f3s o debate, o requerimento foi aprovado.<\/p>\n<p>O parlamentar Nilton Senhorinho solicitou ao prefeito do munic\u00edpio a implanta\u00e7\u00e3o de um estacionamento exclusivo para motocicletas no antigo acesso \u00e0 Rua S\u00e3o Jo\u00e3o, no cruzamento com a linha f\u00e9rrea. \u201cMuitas motos ficam estacionadas nas laterais das lojas e acabam atrapalhando o estacionamento de outros ve\u00edculos. A cria\u00e7\u00e3o de um espa\u00e7o espec\u00edfico para motocicletas ajudaria a desafogar o tr\u00e2nsito nas proximidades\u201d, defendeu Nilton.<\/p>\n<p>Ao final, foram aprovadas mo\u00e7\u00f5es de aplauso e apresentadas solicita\u00e7\u00f5es verbais. A sess\u00e3o pode ser assistida na \u00edntegra pelo canal oficial da C\u00e2mara de Vereadores de Belo Jardim no YouTube e nos blogs parceiros. A pr\u00f3xima sess\u00e3o ocorrer\u00e1 na quinta-feira, 13 de novembro.<\/p>\n<div class=\"wp-block-image\"><a href=\"https:\/\/belojardim.pe.leg.br\/portal\/wp-content\/uploads\/2025\/11\/WhatsApp-Image-2025-11-12-at-12.04.55-1.jpeg\"><img loading=\"lazy\" decoding=\"async\" class=\"wpa-warning wpa-image-missing-alt alignleft size-medium wp-image-15374\" src=\"https:\/\/belojardim.pe.leg.br\/portal\/wp-content\/uploads\/2025\/11\/WhatsApp-Image-2025-11-12-at-12.04.55-1-300x200.jpeg\" alt=\"\" width=\"300\" height=\"200\" data-warning=\"Missing alt text\" srcset=\"https:\/\/belojardim.pe.leg.br\/portal\/wp-content\/uploads\/2025\/11\/WhatsApp-Image-2025-11-12-at-12.04.55-1-300x200.jpeg 300w, https:\/\/belojardim.pe.leg.br\/portal\/wp-content\/uploads\/2025\/11\/WhatsApp-Image-2025-11-12-at-12.04.55-1-1024x682.jpeg 1024w, https:\/\/belojardim.pe.leg.br\/portal\/wp-content\/uploads\/2025\/11\/WhatsApp-Image-2025-11-12-at-12.04.55-1-768x512.jpeg 768w, https:\/\/belojardim.pe.leg.br\/portal\/wp-content\/uploads\/2025\/11\/WhatsApp-Image-2025-11-12-at-12.04.55-1-1536x1023.jpeg 1536w, https:\/\/belojardim.pe.leg.br\/portal\/wp-content\/uploads\/2025\/11\/WhatsApp-Image-2025-11-12-at-12.04.55-1-1218x811.jpeg 1218w, https:\/\/belojardim.pe.leg.br\/portal\/wp-content\/uploads\/2025\/11\/WhatsApp-Image-2025-11-12-at-12.04.55-1.jpeg 1600w\" sizes=\"auto, (max-width: 300px) 100vw, 300px\" \/><\/a><\/div>\n<p>&nbsp;<\/p>\n","protected":false},"excerpt":{"rendered":"<p>A C\u00e2mara de Vereadores de Belo Jardim realizou a 16\u00aa sess\u00e3o do segundo per\u00edodo legislativo. Durante a reuni\u00e3o, projetos de lei foram encaminhados \u00e0s comiss\u00f5es&#8230;<\/p>\n","protected":false},"author":5,"featured_media":15373,"comment_status":"open","ping_status":"open","sticky":false,"template":"","format":"standard","meta":{"footnotes":""},"categories":[152],"tags":[],"class_list":["post-15372","post","type-post","status-publish","format-standard","has-post-thumbnail","hentry","category-sessoes-2025","wpcat-152-id"],"yoast_head":"<!-- This site is optimized with the Yoast SEO plugin v25.1 - https:\/\/yoast.com\/wordpress\/plugins\/seo\/ -->\n<title>Vereadores discutem implanta\u00e7\u00e3o de novo estacionamento no centro da cidade - C\u00e2mara Municipal de Belo Jardim<\/title>\n<meta name=\"robots\" content=\"index, follow, max-snippet:-1, max-image-preview:large, max-video-preview:-1\" \/>\n<link rel=\"canonical\" href=\"https:\/\/belojardim.pe.leg.br\/portal\/vereadores-discutem-implantacao-de-novo-estacionamento-no-centro-da-cidade\/\" \/>\n<meta property=\"og:locale\" content=\"pt_BR\" \/>\n<meta property=\"og:type\" content=\"article\" \/>\n<meta property=\"og:title\" content=\"Vereadores discutem implanta\u00e7\u00e3o de novo estacionamento no centro da cidade - C\u00e2mara Municipal de Belo Jardim\" \/>\n<meta property=\"og:description\" content=\"A C\u00e2mara de Vereadores de Belo Jardim realizou a 16\u00aa sess\u00e3o do segundo per\u00edodo legislativo. Durante a reuni\u00e3o, projetos de lei foram encaminhados \u00e0s comiss\u00f5es...\" \/>\n<meta property=\"og:url\" content=\"https:\/\/belojardim.pe.leg.br\/portal\/vereadores-discutem-implantacao-de-novo-estacionamento-no-centro-da-cidade\/\" \/>\n<meta property=\"og:site_name\" content=\"C\u00e2mara Municipal de Belo Jardim\" \/>\n<meta property=\"article:published_time\" content=\"2025-11-12T15:10:12+00:00\" \/>\n<meta property=\"og:image\" content=\"https:\/\/belojardim.pe.leg.br\/portal\/wp-content\/uploads\/2025\/11\/WhatsApp-Image-2025-11-12-at-12.04.55.jpeg\" \/>\n\t<meta property=\"og:image:width\" content=\"1600\" \/>\n\t<meta property=\"og:image:height\" content=\"1066\" \/>\n\t<meta property=\"og:image:type\" content=\"image\/jpeg\" \/>\n<meta name=\"author\" content=\"camara2\" \/>\n<meta name=\"twitter:card\" content=\"summary_large_image\" \/>\n<meta name=\"twitter:label1\" content=\"Escrito por\" \/>\n\t<meta name=\"twitter:data1\" content=\"camara2\" \/>\n\t<meta name=\"twitter:label2\" content=\"Est. tempo de leitura\" \/>\n\t<meta name=\"twitter:data2\" content=\"2 minutos\" \/>\n<script type=\"application\/ld+json\" class=\"yoast-schema-graph\">{\"@context\":\"https:\/\/schema.org\",\"@graph\":[{\"@type\":\"Article\",\"@id\":\"https:\/\/belojardim.pe.leg.br\/portal\/vereadores-discutem-implantacao-de-novo-estacionamento-no-centro-da-cidade\/#article\",\"isPartOf\":{\"@id\":\"https:\/\/belojardim.pe.leg.br\/portal\/vereadores-discutem-implantacao-de-novo-estacionamento-no-centro-da-cidade\/\"},\"author\":{\"name\":\"camara2\",\"@id\":\"https:\/\/belojardim.pe.leg.br\/portal\/#\/schema\/person\/f4dc233d702457201065ff3f8eab06af\"},\"headline\":\"Vereadores discutem implanta\u00e7\u00e3o de novo estacionamento no centro da cidade\",\"datePublished\":\"2025-11-12T15:10:12+00:00\",\"mainEntityOfPage\":{\"@id\":\"https:\/\/belojardim.pe.leg.br\/portal\/vereadores-discutem-implantacao-de-novo-estacionamento-no-centro-da-cidade\/\"},\"wordCount\":243,\"commentCount\":0,\"publisher\":{\"@id\":\"https:\/\/belojardim.pe.leg.br\/portal\/#organization\"},\"image\":{\"@id\":\"https:\/\/belojardim.pe.leg.br\/portal\/vereadores-discutem-implantacao-de-novo-estacionamento-no-centro-da-cidade\/#primaryimage\"},\"thumbnailUrl\":\"https:\/\/belojardim.pe.leg.br\/portal\/wp-content\/uploads\/2025\/11\/WhatsApp-Image-2025-11-12-at-12.04.55.jpeg\",\"articleSection\":[\"Sess\u00f5es 2025\"],\"inLanguage\":\"pt-BR\",\"potentialAction\":[{\"@type\":\"CommentAction\",\"name\":\"Comment\",\"target\":[\"https:\/\/belojardim.pe.leg.br\/portal\/vereadores-discutem-implantacao-de-novo-estacionamento-no-centro-da-cidade\/#respond\"]}]},{\"@type\":\"WebPage\",\"@id\":\"https:\/\/belojardim.pe.leg.br\/portal\/vereadores-discutem-implantacao-de-novo-estacionamento-no-centro-da-cidade\/\",\"url\":\"https:\/\/belojardim.pe.leg.br\/portal\/vereadores-discutem-implantacao-de-novo-estacionamento-no-centro-da-cidade\/\",\"name\":\"Vereadores discutem implanta\u00e7\u00e3o de novo estacionamento no centro da cidade - C\u00e2mara Municipal de Belo Jardim\",\"isPartOf\":{\"@id\":\"https:\/\/belojardim.pe.leg.br\/portal\/#website\"},\"primaryImageOfPage\":{\"@id\":\"https:\/\/belojardim.pe.leg.br\/portal\/vereadores-discutem-implantacao-de-novo-estacionamento-no-centro-da-cidade\/#primaryimage\"},\"image\":{\"@id\":\"https:\/\/belojardim.pe.leg.br\/portal\/vereadores-discutem-implantacao-de-novo-estacionamento-no-centro-da-cidade\/#primaryimage\"},\"thumbnailUrl\":\"https:\/\/belojardim.pe.leg.br\/portal\/wp-content\/uploads\/2025\/11\/WhatsApp-Image-2025-11-12-at-12.04.55.jpeg\",\"datePublished\":\"2025-11-12T15:10:12+00:00\",\"breadcrumb\":{\"@id\":\"https:\/\/belojardim.pe.leg.br\/portal\/vereadores-discutem-implantacao-de-novo-estacionamento-no-centro-da-cidade\/#breadcrumb\"},\"inLanguage\":\"pt-BR\",\"potentialAction\":[{\"@type\":\"ReadAction\",\"target\":[\"https:\/\/belojardim.pe.leg.br\/portal\/vereadores-discutem-implantacao-de-novo-estacionamento-no-centro-da-cidade\/\"]}]},{\"@type\":\"ImageObject\",\"inLanguage\":\"pt-BR\",\"@id\":\"https:\/\/belojardim.pe.leg.br\/portal\/vereadores-discutem-implantacao-de-novo-estacionamento-no-centro-da-cidade\/#primaryimage\",\"url\":\"https:\/\/belojardim.pe.leg.br\/portal\/wp-content\/uploads\/2025\/11\/WhatsApp-Image-2025-11-12-at-12.04.55.jpeg\",\"contentUrl\":\"https:\/\/belojardim.pe.leg.br\/portal\/wp-content\/uploads\/2025\/11\/WhatsApp-Image-2025-11-12-at-12.04.55.jpeg\",\"width\":1600,\"height\":1066},{\"@type\":\"BreadcrumbList\",\"@id\":\"https:\/\/belojardim.pe.leg.br\/portal\/vereadores-discutem-implantacao-de-novo-estacionamento-no-centro-da-cidade\/#breadcrumb\",\"itemListElement\":[{\"@type\":\"ListItem\",\"position\":1,\"name\":\"In\u00edcio\",\"item\":\"https:\/\/belojardim.pe.leg.br\/portal\/\"},{\"@type\":\"ListItem\",\"position\":2,\"name\":\"Vereadores discutem implanta\u00e7\u00e3o de novo estacionamento no centro da cidade\"}]},{\"@type\":\"WebSite\",\"@id\":\"https:\/\/belojardim.pe.leg.br\/portal\/#website\",\"url\":\"https:\/\/belojardim.pe.leg.br\/portal\/\",\"name\":\"C\u00e2mara Municipal de Belo Jardim\",\"description\":\"Casa Cust\u00f3dio Ferreira Mergulh\u00e3o\",\"publisher\":{\"@id\":\"https:\/\/belojardim.pe.leg.br\/portal\/#organization\"},\"potentialAction\":[{\"@type\":\"SearchAction\",\"target\":{\"@type\":\"EntryPoint\",\"urlTemplate\":\"https:\/\/belojardim.pe.leg.br\/portal\/?s={search_term_string}\"},\"query-input\":{\"@type\":\"PropertyValueSpecification\",\"valueRequired\":true,\"valueName\":\"search_term_string\"}}],\"inLanguage\":\"pt-BR\"},{\"@type\":\"Organization\",\"@id\":\"https:\/\/belojardim.pe.leg.br\/portal\/#organization\",\"name\":\"C\u00e2mara Municipal de Belo Jardim\",\"url\":\"https:\/\/belojardim.pe.leg.br\/portal\/\",\"logo\":{\"@type\":\"ImageObject\",\"inLanguage\":\"pt-BR\",\"@id\":\"https:\/\/belojardim.pe.leg.br\/portal\/#\/schema\/logo\/image\/\",\"url\":\"https:\/\/belojardim.pe.leg.br\/portal\/wp-content\/uploads\/2025\/02\/brasao_novo_camara.png\",\"contentUrl\":\"https:\/\/belojardim.pe.leg.br\/portal\/wp-content\/uploads\/2025\/02\/brasao_novo_camara.png\",\"width\":7239,\"height\":1735,\"caption\":\"C\u00e2mara Municipal de Belo Jardim\"},\"image\":{\"@id\":\"https:\/\/belojardim.pe.leg.br\/portal\/#\/schema\/logo\/image\/\"}},{\"@type\":\"Person\",\"@id\":\"https:\/\/belojardim.pe.leg.br\/portal\/#\/schema\/person\/f4dc233d702457201065ff3f8eab06af\",\"name\":\"camara2\",\"image\":{\"@type\":\"ImageObject\",\"inLanguage\":\"pt-BR\",\"@id\":\"https:\/\/belojardim.pe.leg.br\/portal\/#\/schema\/person\/image\/\",\"url\":\"https:\/\/secure.gravatar.com\/avatar\/0133c031d6e4f68305a87d4617c0071428620e80cae5a2cf6bdb08eb7cfe8d41?s=96&d=mm&r=g\",\"contentUrl\":\"https:\/\/secure.gravatar.com\/avatar\/0133c031d6e4f68305a87d4617c0071428620e80cae5a2cf6bdb08eb7cfe8d41?s=96&d=mm&r=g\",\"caption\":\"camara2\"},\"url\":\"https:\/\/belojardim.pe.leg.br\/portal\/author\/camara2\/\"}]}<\/script>\n<!-- \/ Yoast SEO plugin. -->","yoast_head_json":{"title":"Vereadores discutem implanta\u00e7\u00e3o de novo estacionamento no centro da cidade - C\u00e2mara Municipal de Belo Jardim","robots":{"index":"index","follow":"follow","max-snippet":"max-snippet:-1","max-image-preview":"max-image-preview:large","max-video-preview":"max-video-preview:-1"},"canonical":"https:\/\/belojardim.pe.leg.br\/portal\/vereadores-discutem-implantacao-de-novo-estacionamento-no-centro-da-cidade\/","og_locale":"pt_BR","og_type":"article","og_title":"Vereadores discutem implanta\u00e7\u00e3o de novo estacionamento no centro da cidade - C\u00e2mara Municipal de Belo Jardim","og_description":"A C\u00e2mara de Vereadores de Belo Jardim realizou a 16\u00aa sess\u00e3o do segundo per\u00edodo legislativo. Durante a reuni\u00e3o, projetos de lei foram encaminhados \u00e0s comiss\u00f5es...","og_url":"https:\/\/belojardim.pe.leg.br\/portal\/vereadores-discutem-implantacao-de-novo-estacionamento-no-centro-da-cidade\/","og_site_name":"C\u00e2mara Municipal de Belo Jardim","article_published_time":"2025-11-12T15:10:12+00:00","og_image":[{"width":1600,"height":1066,"url":"https:\/\/belojardim.pe.leg.br\/portal\/wp-content\/uploads\/2025\/11\/WhatsApp-Image-2025-11-12-at-12.04.55.jpeg","type":"image\/jpeg"}],"author":"camara2","twitter_card":"summary_large_image","twitter_misc":{"Escrito por":"camara2","Est. tempo de leitura":"2 minutos"},"schema":{"@context":"https:\/\/schema.org","@graph":[{"@type":"Article","@id":"https:\/\/belojardim.pe.leg.br\/portal\/vereadores-discutem-implantacao-de-novo-estacionamento-no-centro-da-cidade\/#article","isPartOf":{"@id":"https:\/\/belojardim.pe.leg.br\/portal\/vereadores-discutem-implantacao-de-novo-estacionamento-no-centro-da-cidade\/"},"author":{"name":"camara2","@id":"https:\/\/belojardim.pe.leg.br\/portal\/#\/schema\/person\/f4dc233d702457201065ff3f8eab06af"},"headline":"Vereadores discutem implanta\u00e7\u00e3o de novo estacionamento no centro da cidade","datePublished":"2025-11-12T15:10:12+00:00","mainEntityOfPage":{"@id":"https:\/\/belojardim.pe.leg.br\/portal\/vereadores-discutem-implantacao-de-novo-estacionamento-no-centro-da-cidade\/"},"wordCount":243,"commentCount":0,"publisher":{"@id":"https:\/\/belojardim.pe.leg.br\/portal\/#organization"},"image":{"@id":"https:\/\/belojardim.pe.leg.br\/portal\/vereadores-discutem-implantacao-de-novo-estacionamento-no-centro-da-cidade\/#primaryimage"},"thumbnailUrl":"https:\/\/belojardim.pe.leg.br\/portal\/wp-content\/uploads\/2025\/11\/WhatsApp-Image-2025-11-12-at-12.04.55.jpeg","articleSection":["Sess\u00f5es 2025"],"inLanguage":"pt-BR","potentialAction":[{"@type":"CommentAction","name":"Comment","target":["https:\/\/belojardim.pe.leg.br\/portal\/vereadores-discutem-implantacao-de-novo-estacionamento-no-centro-da-cidade\/#respond"]}]},{"@type":"WebPage","@id":"https:\/\/belojardim.pe.leg.br\/portal\/vereadores-discutem-implantacao-de-novo-estacionamento-no-centro-da-cidade\/","url":"https:\/\/belojardim.pe.leg.br\/portal\/vereadores-discutem-implantacao-de-novo-estacionamento-no-centro-da-cidade\/","name":"Vereadores discutem implanta\u00e7\u00e3o de novo estacionamento no centro da cidade - C\u00e2mara Municipal de Belo Jardim","isPartOf":{"@id":"https:\/\/belojardim.pe.leg.br\/portal\/#website"},"primaryImageOfPage":{"@id":"https:\/\/belojardim.pe.leg.br\/portal\/vereadores-discutem-implantacao-de-novo-estacionamento-no-centro-da-cidade\/#primaryimage"},"image":{"@id":"https:\/\/belojardim.pe.leg.br\/portal\/vereadores-discutem-implantacao-de-novo-estacionamento-no-centro-da-cidade\/#primaryimage"},"thumbnailUrl":"https:\/\/belojardim.pe.leg.br\/portal\/wp-content\/uploads\/2025\/11\/WhatsApp-Image-2025-11-12-at-12.04.55.jpeg","datePublished":"2025-11-12T15:10:12+00:00","breadcrumb":{"@id":"https:\/\/belojardim.pe.leg.br\/portal\/vereadores-discutem-implantacao-de-novo-estacionamento-no-centro-da-cidade\/#breadcrumb"},"inLanguage":"pt-BR","potentialAction":[{"@type":"ReadAction","target":["https:\/\/belojardim.pe.leg.br\/portal\/vereadores-discutem-implantacao-de-novo-estacionamento-no-centro-da-cidade\/"]}]},{"@type":"ImageObject","inLanguage":"pt-BR","@id":"https:\/\/belojardim.pe.leg.br\/portal\/vereadores-discutem-implantacao-de-novo-estacionamento-no-centro-da-cidade\/#primaryimage","url":"https:\/\/belojardim.pe.leg.br\/portal\/wp-content\/uploads\/2025\/11\/WhatsApp-Image-2025-11-12-at-12.04.55.jpeg","contentUrl":"https:\/\/belojardim.pe.leg.br\/portal\/wp-content\/uploads\/2025\/11\/WhatsApp-Image-2025-11-12-at-12.04.55.jpeg","width":1600,"height":1066},{"@type":"BreadcrumbList","@id":"https:\/\/belojardim.pe.leg.br\/portal\/vereadores-discutem-implantacao-de-novo-estacionamento-no-centro-da-cidade\/#breadcrumb","itemListElement":[{"@type":"ListItem","position":1,"name":"In\u00edcio","item":"https:\/\/belojardim.pe.leg.br\/portal\/"},{"@type":"ListItem","position":2,"name":"Vereadores discutem implanta\u00e7\u00e3o de novo estacionamento no centro da cidade"}]},{"@type":"WebSite","@id":"https:\/\/belojardim.pe.leg.br\/portal\/#website","url":"https:\/\/belojardim.pe.leg.br\/portal\/","name":"C\u00e2mara Municipal de Belo Jardim","description":"Casa Cust\u00f3dio Ferreira Mergulh\u00e3o","publisher":{"@id":"https:\/\/belojardim.pe.leg.br\/portal\/#organization"},"potentialAction":[{"@type":"SearchAction","target":{"@type":"EntryPoint","urlTemplate":"https:\/\/belojardim.pe.leg.br\/portal\/?s={search_term_string}"},"query-input":{"@type":"PropertyValueSpecification","valueRequired":true,"valueName":"search_term_string"}}],"inLanguage":"pt-BR"},{"@type":"Organization","@id":"https:\/\/belojardim.pe.leg.br\/portal\/#organization","name":"C\u00e2mara Municipal de Belo Jardim","url":"https:\/\/belojardim.pe.leg.br\/portal\/","logo":{"@type":"ImageObject","inLanguage":"pt-BR","@id":"https:\/\/belojardim.pe.leg.br\/portal\/#\/schema\/logo\/image\/","url":"https:\/\/belojardim.pe.leg.br\/portal\/wp-content\/uploads\/2025\/02\/brasao_novo_camara.png","contentUrl":"https:\/\/belojardim.pe.leg.br\/portal\/wp-content\/uploads\/2025\/02\/brasao_novo_camara.png","width":7239,"height":1735,"caption":"C\u00e2mara Municipal de Belo Jardim"},"image":{"@id":"https:\/\/belojardim.pe.leg.br\/portal\/#\/schema\/logo\/image\/"}},{"@type":"Person","@id":"https:\/\/belojardim.pe.leg.br\/portal\/#\/schema\/person\/f4dc233d702457201065ff3f8eab06af","name":"camara2","image":{"@type":"ImageObject","inLanguage":"pt-BR","@id":"https:\/\/belojardim.pe.leg.br\/portal\/#\/schema\/person\/image\/","url":"https:\/\/secure.gravatar.com\/avatar\/0133c031d6e4f68305a87d4617c0071428620e80cae5a2cf6bdb08eb7cfe8d41?s=96&d=mm&r=g","contentUrl":"https:\/\/secure.gravatar.com\/avatar\/0133c031d6e4f68305a87d4617c0071428620e80cae5a2cf6bdb08eb7cfe8d41?s=96&d=mm&r=g","caption":"camara2"},"url":"https:\/\/belojardim.pe.leg.br\/portal\/author\/camara2\/"}]}},"_links":{"self":[{"href":"https:\/\/belojardim.pe.leg.br\/portal\/wp-json\/wp\/v2\/posts\/15372","targetHints":{"allow":["GET"]}}],"collection":[{"href":"https:\/\/belojardim.pe.leg.br\/portal\/wp-json\/wp\/v2\/posts"}],"about":[{"href":"https:\/\/belojardim.pe.leg.br\/portal\/wp-json\/wp\/v2\/types\/post"}],"author":[{"embeddable":true,"href":"https:\/\/belojardim.pe.leg.br\/portal\/wp-json\/wp\/v2\/users\/5"}],"replies":[{"embeddable":true,"href":"https:\/\/belojardim.pe.leg.br\/portal\/wp-json\/wp\/v2\/comments?post=15372"}],"version-history":[{"count":1,"href":"https:\/\/belojardim.pe.leg.br\/portal\/wp-json\/wp\/v2\/posts\/15372\/revisions"}],"predecessor-version":[{"id":15375,"href":"https:\/\/belojardim.pe.leg.br\/portal\/wp-json\/wp\/v2\/posts\/15372\/revisions\/15375"}],"wp:featuredmedia":[{"embeddable":true,"href":"https:\/\/belojardim.pe.leg.br\/portal\/wp-json\/wp\/v2\/media\/15373"}],"wp:attachment":[{"href":"https:\/\/belojardim.pe.leg.br\/portal\/wp-json\/wp\/v2\/media?parent=15372"}],"wp:term":[{"taxonomy":"category","embeddable":true,"href":"https:\/\/belojardim.pe.leg.br\/portal\/wp-json\/wp\/v2\/categories?post=15372"},{"taxonomy":"post_tag","embeddable":true,"href":"https:\/\/belojardim.pe.leg.br\/portal\/wp-json\/wp\/v2\/tags?post=15372"}],"curies":[{"name":"wp","href":"https:\/\/api.w.org\/{rel}","templated":true}]}}