{"id":15356,"date":"2025-10-28T21:41:26","date_gmt":"2025-10-29T00:41:26","guid":{"rendered":"https:\/\/belojardim.pe.leg.br\/portal\/?p=15356"},"modified":"2025-10-28T21:45:06","modified_gmt":"2025-10-29T00:45:06","slug":"moradores-do-vila-bela-solicitam-melhorias-durante-sessao-ordinaria","status":"publish","type":"post","link":"https:\/\/belojardim.pe.leg.br\/portal\/moradores-do-vila-bela-solicitam-melhorias-durante-sessao-ordinaria\/","title":{"rendered":"Moradores do Vila Bela solicitam melhorias durante sess\u00e3o ordin\u00e1ria"},"content":{"rendered":"<div class=\"wp-block-image\">\n<div class=\"wp-block-image\"><a href=\"https:\/\/belojardim.pe.leg.br\/portal\/wp-content\/uploads\/2025\/10\/WhatsApp-Image-2025-10-28-at-21.40.12-1.jpeg\"><img loading=\"lazy\" decoding=\"async\" class=\"wpa-warning wpa-image-missing-alt alignleft size-medium wp-image-15358\" src=\"https:\/\/belojardim.pe.leg.br\/portal\/wp-content\/uploads\/2025\/10\/WhatsApp-Image-2025-10-28-at-21.40.12-1-300x200.jpeg\" alt=\"\" width=\"300\" height=\"200\" data-warning=\"Missing alt text\" srcset=\"https:\/\/belojardim.pe.leg.br\/portal\/wp-content\/uploads\/2025\/10\/WhatsApp-Image-2025-10-28-at-21.40.12-1-300x200.jpeg 300w, https:\/\/belojardim.pe.leg.br\/portal\/wp-content\/uploads\/2025\/10\/WhatsApp-Image-2025-10-28-at-21.40.12-1-1024x683.jpeg 1024w, https:\/\/belojardim.pe.leg.br\/portal\/wp-content\/uploads\/2025\/10\/WhatsApp-Image-2025-10-28-at-21.40.12-1-768x512.jpeg 768w, https:\/\/belojardim.pe.leg.br\/portal\/wp-content\/uploads\/2025\/10\/WhatsApp-Image-2025-10-28-at-21.40.12-1-1218x813.jpeg 1218w, https:\/\/belojardim.pe.leg.br\/portal\/wp-content\/uploads\/2025\/10\/WhatsApp-Image-2025-10-28-at-21.40.12-1.jpeg 1280w\" sizes=\"auto, (max-width: 300px) 100vw, 300px\" \/><\/a><\/div>\n<p>A C\u00e2mara de Vereadores de Belo Jardim realizou, na manh\u00e3 desta ter\u00e7a-feira (28), a 14\u00aa sess\u00e3o ordin\u00e1ria do segundo per\u00edodo legislativo. Na pauta do dia, projetos de lei, requerimentos e solicita\u00e7\u00f5es verbais foram apreciados e votados pelos vereadores. Durante a reuni\u00e3o, moradores do bairro Vila Bela utilizaram a tribuna popular para reivindicar melhorias para a comunidade.<\/p>\n<\/div>\n<p>O vereador Cristiano Ara\u00fajo solicitou a reforma da Pra\u00e7a do Chor\u00e3o, localizada no bairro Santo Ant\u00f4nio. \u201c\u00c9 uma pra\u00e7a que precisa de revitaliza\u00e7\u00e3o devido \u00e0 sua situa\u00e7\u00e3o prec\u00e1ria. Fiz o pedido ao prefeito e estou apresentando em forma de requerimento\u201d, declarou o parlamentar. Al\u00e9m disso, Cristiano Ara\u00fajo solicitou \u00e0 Secretaria de Assist\u00eancia Social a realiza\u00e7\u00e3o de um cadastro das pessoas que necessitam de moradia, para fim de realiza\u00e7\u00e3o de a\u00e7\u00f5es.<\/p>\n<p>Por fim, os vereadores apresentaram solicita\u00e7\u00f5es verbais. A reuni\u00e3o est\u00e1 dispon\u00edvel na \u00edntegra no canal oficial da C\u00e2mara de Vereadores de Belo Jardim, no YouTube, e tamb\u00e9m nos blogs parceiros. A pr\u00f3xima sess\u00e3o ocorrer\u00e1 na ter\u00e7a-feira, 4 de novembro.<\/p>\n<div class=\"wp-block-image\">\n<p><a href=\"https:\/\/belojardim.pe.leg.br\/portal\/wp-content\/uploads\/2025\/10\/WhatsApp-Image-2025-10-28-at-21.40.12.jpeg\"><img loading=\"lazy\" decoding=\"async\" class=\"wpa-warning wpa-image-missing-alt alignleft size-medium wp-image-15359\" src=\"https:\/\/belojardim.pe.leg.br\/portal\/wp-content\/uploads\/2025\/10\/WhatsApp-Image-2025-10-28-at-21.40.12-300x200.jpeg\" alt=\"\" width=\"300\" height=\"200\" data-warning=\"Missing alt text\" srcset=\"https:\/\/belojardim.pe.leg.br\/portal\/wp-content\/uploads\/2025\/10\/WhatsApp-Image-2025-10-28-at-21.40.12-300x200.jpeg 300w, https:\/\/belojardim.pe.leg.br\/portal\/wp-content\/uploads\/2025\/10\/WhatsApp-Image-2025-10-28-at-21.40.12-1024x682.jpeg 1024w, https:\/\/belojardim.pe.leg.br\/portal\/wp-content\/uploads\/2025\/10\/WhatsApp-Image-2025-10-28-at-21.40.12-768x512.jpeg 768w, https:\/\/belojardim.pe.leg.br\/portal\/wp-content\/uploads\/2025\/10\/WhatsApp-Image-2025-10-28-at-21.40.12-1536x1023.jpeg 1536w, https:\/\/belojardim.pe.leg.br\/portal\/wp-content\/uploads\/2025\/10\/WhatsApp-Image-2025-10-28-at-21.40.12-1218x811.jpeg 1218w, https:\/\/belojardim.pe.leg.br\/portal\/wp-content\/uploads\/2025\/10\/WhatsApp-Image-2025-10-28-at-21.40.12.jpeg 1600w\" sizes=\"auto, (max-width: 300px) 100vw, 300px\" \/><\/a><\/p>\n<div class=\"wp-block-image\"><a href=\"https:\/\/belojardim.pe.leg.br\/portal\/wp-content\/uploads\/2025\/10\/WhatsApp-Image-2025-10-28-at-21.40.12-2.jpeg\"><img loading=\"lazy\" decoding=\"async\" class=\"wpa-warning wpa-image-missing-alt alignleft size-medium wp-image-15357\" src=\"https:\/\/belojardim.pe.leg.br\/portal\/wp-content\/uploads\/2025\/10\/WhatsApp-Image-2025-10-28-at-21.40.12-2-300x200.jpeg\" alt=\"\" width=\"300\" height=\"200\" data-warning=\"Missing alt text\" srcset=\"https:\/\/belojardim.pe.leg.br\/portal\/wp-content\/uploads\/2025\/10\/WhatsApp-Image-2025-10-28-at-21.40.12-2-300x200.jpeg 300w, https:\/\/belojardim.pe.leg.br\/portal\/wp-content\/uploads\/2025\/10\/WhatsApp-Image-2025-10-28-at-21.40.12-2-1024x682.jpeg 1024w, https:\/\/belojardim.pe.leg.br\/portal\/wp-content\/uploads\/2025\/10\/WhatsApp-Image-2025-10-28-at-21.40.12-2-768x512.jpeg 768w, https:\/\/belojardim.pe.leg.br\/portal\/wp-content\/uploads\/2025\/10\/WhatsApp-Image-2025-10-28-at-21.40.12-2-1536x1023.jpeg 1536w, https:\/\/belojardim.pe.leg.br\/portal\/wp-content\/uploads\/2025\/10\/WhatsApp-Image-2025-10-28-at-21.40.12-2-1218x811.jpeg 1218w, https:\/\/belojardim.pe.leg.br\/portal\/wp-content\/uploads\/2025\/10\/WhatsApp-Image-2025-10-28-at-21.40.12-2.jpeg 1600w\" sizes=\"auto, (max-width: 300px) 100vw, 300px\" \/><\/a><\/div>\n<\/div>\n","protected":false},"excerpt":{"rendered":"<p>A C\u00e2mara de Vereadores de Belo Jardim realizou, na manh\u00e3 desta ter\u00e7a-feira (28), a 14\u00aa sess\u00e3o ordin\u00e1ria do segundo per\u00edodo legislativo. Na pauta do dia,&#8230;<\/p>\n","protected":false},"author":5,"featured_media":15359,"comment_status":"open","ping_status":"open","sticky":false,"template":"","format":"standard","meta":{"footnotes":""},"categories":[152],"tags":[],"class_list":["post-15356","post","type-post","status-publish","format-standard","has-post-thumbnail","hentry","category-sessoes-2025","wpcat-152-id"],"yoast_head":"<!-- This site is optimized with the Yoast SEO plugin v25.1 - https:\/\/yoast.com\/wordpress\/plugins\/seo\/ -->\n<title>Moradores do Vila Bela solicitam melhorias durante sess\u00e3o ordin\u00e1ria - C\u00e2mara Municipal de Belo Jardim<\/title>\n<meta name=\"robots\" content=\"index, follow, max-snippet:-1, max-image-preview:large, max-video-preview:-1\" \/>\n<link rel=\"canonical\" href=\"https:\/\/belojardim.pe.leg.br\/portal\/moradores-do-vila-bela-solicitam-melhorias-durante-sessao-ordinaria\/\" \/>\n<meta property=\"og:locale\" content=\"pt_BR\" \/>\n<meta property=\"og:type\" content=\"article\" \/>\n<meta property=\"og:title\" content=\"Moradores do Vila Bela solicitam melhorias durante sess\u00e3o ordin\u00e1ria - C\u00e2mara Municipal de Belo Jardim\" \/>\n<meta property=\"og:description\" content=\"A C\u00e2mara de Vereadores de Belo Jardim realizou, na manh\u00e3 desta ter\u00e7a-feira (28), a 14\u00aa sess\u00e3o ordin\u00e1ria do segundo per\u00edodo legislativo. Na pauta do dia,...\" \/>\n<meta property=\"og:url\" content=\"https:\/\/belojardim.pe.leg.br\/portal\/moradores-do-vila-bela-solicitam-melhorias-durante-sessao-ordinaria\/\" \/>\n<meta property=\"og:site_name\" content=\"C\u00e2mara Municipal de Belo Jardim\" \/>\n<meta property=\"article:published_time\" content=\"2025-10-29T00:41:26+00:00\" \/>\n<meta property=\"article:modified_time\" content=\"2025-10-29T00:45:06+00:00\" \/>\n<meta property=\"og:image\" content=\"https:\/\/belojardim.pe.leg.br\/portal\/wp-content\/uploads\/2025\/10\/WhatsApp-Image-2025-10-28-at-21.40.12.jpeg\" \/>\n\t<meta property=\"og:image:width\" content=\"1600\" \/>\n\t<meta property=\"og:image:height\" content=\"1066\" \/>\n\t<meta property=\"og:image:type\" content=\"image\/jpeg\" \/>\n<meta name=\"author\" content=\"camara2\" \/>\n<meta name=\"twitter:card\" content=\"summary_large_image\" \/>\n<meta name=\"twitter:label1\" content=\"Escrito por\" \/>\n\t<meta name=\"twitter:data1\" content=\"camara2\" \/>\n\t<meta name=\"twitter:label2\" content=\"Est. tempo de leitura\" \/>\n\t<meta name=\"twitter:data2\" content=\"2 minutos\" \/>\n<script type=\"application\/ld+json\" class=\"yoast-schema-graph\">{\"@context\":\"https:\/\/schema.org\",\"@graph\":[{\"@type\":\"Article\",\"@id\":\"https:\/\/belojardim.pe.leg.br\/portal\/moradores-do-vila-bela-solicitam-melhorias-durante-sessao-ordinaria\/#article\",\"isPartOf\":{\"@id\":\"https:\/\/belojardim.pe.leg.br\/portal\/moradores-do-vila-bela-solicitam-melhorias-durante-sessao-ordinaria\/\"},\"author\":{\"name\":\"camara2\",\"@id\":\"https:\/\/belojardim.pe.leg.br\/portal\/#\/schema\/person\/f4dc233d702457201065ff3f8eab06af\"},\"headline\":\"Moradores do Vila Bela solicitam melhorias durante sess\u00e3o ordin\u00e1ria\",\"datePublished\":\"2025-10-29T00:41:26+00:00\",\"dateModified\":\"2025-10-29T00:45:06+00:00\",\"mainEntityOfPage\":{\"@id\":\"https:\/\/belojardim.pe.leg.br\/portal\/moradores-do-vila-bela-solicitam-melhorias-durante-sessao-ordinaria\/\"},\"wordCount\":199,\"commentCount\":0,\"publisher\":{\"@id\":\"https:\/\/belojardim.pe.leg.br\/portal\/#organization\"},\"image\":{\"@id\":\"https:\/\/belojardim.pe.leg.br\/portal\/moradores-do-vila-bela-solicitam-melhorias-durante-sessao-ordinaria\/#primaryimage\"},\"thumbnailUrl\":\"https:\/\/belojardim.pe.leg.br\/portal\/wp-content\/uploads\/2025\/10\/WhatsApp-Image-2025-10-28-at-21.40.12.jpeg\",\"articleSection\":[\"Sess\u00f5es 2025\"],\"inLanguage\":\"pt-BR\",\"potentialAction\":[{\"@type\":\"CommentAction\",\"name\":\"Comment\",\"target\":[\"https:\/\/belojardim.pe.leg.br\/portal\/moradores-do-vila-bela-solicitam-melhorias-durante-sessao-ordinaria\/#respond\"]}]},{\"@type\":\"WebPage\",\"@id\":\"https:\/\/belojardim.pe.leg.br\/portal\/moradores-do-vila-bela-solicitam-melhorias-durante-sessao-ordinaria\/\",\"url\":\"https:\/\/belojardim.pe.leg.br\/portal\/moradores-do-vila-bela-solicitam-melhorias-durante-sessao-ordinaria\/\",\"name\":\"Moradores do Vila Bela solicitam melhorias durante sess\u00e3o ordin\u00e1ria - C\u00e2mara Municipal de Belo Jardim\",\"isPartOf\":{\"@id\":\"https:\/\/belojardim.pe.leg.br\/portal\/#website\"},\"primaryImageOfPage\":{\"@id\":\"https:\/\/belojardim.pe.leg.br\/portal\/moradores-do-vila-bela-solicitam-melhorias-durante-sessao-ordinaria\/#primaryimage\"},\"image\":{\"@id\":\"https:\/\/belojardim.pe.leg.br\/portal\/moradores-do-vila-bela-solicitam-melhorias-durante-sessao-ordinaria\/#primaryimage\"},\"thumbnailUrl\":\"https:\/\/belojardim.pe.leg.br\/portal\/wp-content\/uploads\/2025\/10\/WhatsApp-Image-2025-10-28-at-21.40.12.jpeg\",\"datePublished\":\"2025-10-29T00:41:26+00:00\",\"dateModified\":\"2025-10-29T00:45:06+00:00\",\"breadcrumb\":{\"@id\":\"https:\/\/belojardim.pe.leg.br\/portal\/moradores-do-vila-bela-solicitam-melhorias-durante-sessao-ordinaria\/#breadcrumb\"},\"inLanguage\":\"pt-BR\",\"potentialAction\":[{\"@type\":\"ReadAction\",\"target\":[\"https:\/\/belojardim.pe.leg.br\/portal\/moradores-do-vila-bela-solicitam-melhorias-durante-sessao-ordinaria\/\"]}]},{\"@type\":\"ImageObject\",\"inLanguage\":\"pt-BR\",\"@id\":\"https:\/\/belojardim.pe.leg.br\/portal\/moradores-do-vila-bela-solicitam-melhorias-durante-sessao-ordinaria\/#primaryimage\",\"url\":\"https:\/\/belojardim.pe.leg.br\/portal\/wp-content\/uploads\/2025\/10\/WhatsApp-Image-2025-10-28-at-21.40.12.jpeg\",\"contentUrl\":\"https:\/\/belojardim.pe.leg.br\/portal\/wp-content\/uploads\/2025\/10\/WhatsApp-Image-2025-10-28-at-21.40.12.jpeg\",\"width\":1600,\"height\":1066},{\"@type\":\"BreadcrumbList\",\"@id\":\"https:\/\/belojardim.pe.leg.br\/portal\/moradores-do-vila-bela-solicitam-melhorias-durante-sessao-ordinaria\/#breadcrumb\",\"itemListElement\":[{\"@type\":\"ListItem\",\"position\":1,\"name\":\"In\u00edcio\",\"item\":\"https:\/\/belojardim.pe.leg.br\/portal\/\"},{\"@type\":\"ListItem\",\"position\":2,\"name\":\"Moradores do Vila Bela solicitam melhorias durante sess\u00e3o ordin\u00e1ria\"}]},{\"@type\":\"WebSite\",\"@id\":\"https:\/\/belojardim.pe.leg.br\/portal\/#website\",\"url\":\"https:\/\/belojardim.pe.leg.br\/portal\/\",\"name\":\"C\u00e2mara Municipal de Belo Jardim\",\"description\":\"Casa Cust\u00f3dio Ferreira Mergulh\u00e3o\",\"publisher\":{\"@id\":\"https:\/\/belojardim.pe.leg.br\/portal\/#organization\"},\"potentialAction\":[{\"@type\":\"SearchAction\",\"target\":{\"@type\":\"EntryPoint\",\"urlTemplate\":\"https:\/\/belojardim.pe.leg.br\/portal\/?s={search_term_string}\"},\"query-input\":{\"@type\":\"PropertyValueSpecification\",\"valueRequired\":true,\"valueName\":\"search_term_string\"}}],\"inLanguage\":\"pt-BR\"},{\"@type\":\"Organization\",\"@id\":\"https:\/\/belojardim.pe.leg.br\/portal\/#organization\",\"name\":\"C\u00e2mara Municipal de Belo Jardim\",\"url\":\"https:\/\/belojardim.pe.leg.br\/portal\/\",\"logo\":{\"@type\":\"ImageObject\",\"inLanguage\":\"pt-BR\",\"@id\":\"https:\/\/belojardim.pe.leg.br\/portal\/#\/schema\/logo\/image\/\",\"url\":\"https:\/\/belojardim.pe.leg.br\/portal\/wp-content\/uploads\/2025\/02\/brasao_novo_camara.png\",\"contentUrl\":\"https:\/\/belojardim.pe.leg.br\/portal\/wp-content\/uploads\/2025\/02\/brasao_novo_camara.png\",\"width\":7239,\"height\":1735,\"caption\":\"C\u00e2mara Municipal de Belo Jardim\"},\"image\":{\"@id\":\"https:\/\/belojardim.pe.leg.br\/portal\/#\/schema\/logo\/image\/\"}},{\"@type\":\"Person\",\"@id\":\"https:\/\/belojardim.pe.leg.br\/portal\/#\/schema\/person\/f4dc233d702457201065ff3f8eab06af\",\"name\":\"camara2\",\"image\":{\"@type\":\"ImageObject\",\"inLanguage\":\"pt-BR\",\"@id\":\"https:\/\/belojardim.pe.leg.br\/portal\/#\/schema\/person\/image\/\",\"url\":\"https:\/\/secure.gravatar.com\/avatar\/0133c031d6e4f68305a87d4617c0071428620e80cae5a2cf6bdb08eb7cfe8d41?s=96&d=mm&r=g\",\"contentUrl\":\"https:\/\/secure.gravatar.com\/avatar\/0133c031d6e4f68305a87d4617c0071428620e80cae5a2cf6bdb08eb7cfe8d41?s=96&d=mm&r=g\",\"caption\":\"camara2\"},\"url\":\"https:\/\/belojardim.pe.leg.br\/portal\/author\/camara2\/\"}]}<\/script>\n<!-- \/ Yoast SEO plugin. -->","yoast_head_json":{"title":"Moradores do Vila Bela solicitam melhorias durante sess\u00e3o ordin\u00e1ria - C\u00e2mara Municipal de Belo Jardim","robots":{"index":"index","follow":"follow","max-snippet":"max-snippet:-1","max-image-preview":"max-image-preview:large","max-video-preview":"max-video-preview:-1"},"canonical":"https:\/\/belojardim.pe.leg.br\/portal\/moradores-do-vila-bela-solicitam-melhorias-durante-sessao-ordinaria\/","og_locale":"pt_BR","og_type":"article","og_title":"Moradores do Vila Bela solicitam melhorias durante sess\u00e3o ordin\u00e1ria - C\u00e2mara Municipal de Belo Jardim","og_description":"A C\u00e2mara de Vereadores de Belo Jardim realizou, na manh\u00e3 desta ter\u00e7a-feira (28), a 14\u00aa sess\u00e3o ordin\u00e1ria do segundo per\u00edodo legislativo. Na pauta do dia,...","og_url":"https:\/\/belojardim.pe.leg.br\/portal\/moradores-do-vila-bela-solicitam-melhorias-durante-sessao-ordinaria\/","og_site_name":"C\u00e2mara Municipal de Belo Jardim","article_published_time":"2025-10-29T00:41:26+00:00","article_modified_time":"2025-10-29T00:45:06+00:00","og_image":[{"width":1600,"height":1066,"url":"https:\/\/belojardim.pe.leg.br\/portal\/wp-content\/uploads\/2025\/10\/WhatsApp-Image-2025-10-28-at-21.40.12.jpeg","type":"image\/jpeg"}],"author":"camara2","twitter_card":"summary_large_image","twitter_misc":{"Escrito por":"camara2","Est. tempo de leitura":"2 minutos"},"schema":{"@context":"https:\/\/schema.org","@graph":[{"@type":"Article","@id":"https:\/\/belojardim.pe.leg.br\/portal\/moradores-do-vila-bela-solicitam-melhorias-durante-sessao-ordinaria\/#article","isPartOf":{"@id":"https:\/\/belojardim.pe.leg.br\/portal\/moradores-do-vila-bela-solicitam-melhorias-durante-sessao-ordinaria\/"},"author":{"name":"camara2","@id":"https:\/\/belojardim.pe.leg.br\/portal\/#\/schema\/person\/f4dc233d702457201065ff3f8eab06af"},"headline":"Moradores do Vila Bela solicitam melhorias durante sess\u00e3o ordin\u00e1ria","datePublished":"2025-10-29T00:41:26+00:00","dateModified":"2025-10-29T00:45:06+00:00","mainEntityOfPage":{"@id":"https:\/\/belojardim.pe.leg.br\/portal\/moradores-do-vila-bela-solicitam-melhorias-durante-sessao-ordinaria\/"},"wordCount":199,"commentCount":0,"publisher":{"@id":"https:\/\/belojardim.pe.leg.br\/portal\/#organization"},"image":{"@id":"https:\/\/belojardim.pe.leg.br\/portal\/moradores-do-vila-bela-solicitam-melhorias-durante-sessao-ordinaria\/#primaryimage"},"thumbnailUrl":"https:\/\/belojardim.pe.leg.br\/portal\/wp-content\/uploads\/2025\/10\/WhatsApp-Image-2025-10-28-at-21.40.12.jpeg","articleSection":["Sess\u00f5es 2025"],"inLanguage":"pt-BR","potentialAction":[{"@type":"CommentAction","name":"Comment","target":["https:\/\/belojardim.pe.leg.br\/portal\/moradores-do-vila-bela-solicitam-melhorias-durante-sessao-ordinaria\/#respond"]}]},{"@type":"WebPage","@id":"https:\/\/belojardim.pe.leg.br\/portal\/moradores-do-vila-bela-solicitam-melhorias-durante-sessao-ordinaria\/","url":"https:\/\/belojardim.pe.leg.br\/portal\/moradores-do-vila-bela-solicitam-melhorias-durante-sessao-ordinaria\/","name":"Moradores do Vila Bela solicitam melhorias durante sess\u00e3o ordin\u00e1ria - C\u00e2mara Municipal de Belo Jardim","isPartOf":{"@id":"https:\/\/belojardim.pe.leg.br\/portal\/#website"},"primaryImageOfPage":{"@id":"https:\/\/belojardim.pe.leg.br\/portal\/moradores-do-vila-bela-solicitam-melhorias-durante-sessao-ordinaria\/#primaryimage"},"image":{"@id":"https:\/\/belojardim.pe.leg.br\/portal\/moradores-do-vila-bela-solicitam-melhorias-durante-sessao-ordinaria\/#primaryimage"},"thumbnailUrl":"https:\/\/belojardim.pe.leg.br\/portal\/wp-content\/uploads\/2025\/10\/WhatsApp-Image-2025-10-28-at-21.40.12.jpeg","datePublished":"2025-10-29T00:41:26+00:00","dateModified":"2025-10-29T00:45:06+00:00","breadcrumb":{"@id":"https:\/\/belojardim.pe.leg.br\/portal\/moradores-do-vila-bela-solicitam-melhorias-durante-sessao-ordinaria\/#breadcrumb"},"inLanguage":"pt-BR","potentialAction":[{"@type":"ReadAction","target":["https:\/\/belojardim.pe.leg.br\/portal\/moradores-do-vila-bela-solicitam-melhorias-durante-sessao-ordinaria\/"]}]},{"@type":"ImageObject","inLanguage":"pt-BR","@id":"https:\/\/belojardim.pe.leg.br\/portal\/moradores-do-vila-bela-solicitam-melhorias-durante-sessao-ordinaria\/#primaryimage","url":"https:\/\/belojardim.pe.leg.br\/portal\/wp-content\/uploads\/2025\/10\/WhatsApp-Image-2025-10-28-at-21.40.12.jpeg","contentUrl":"https:\/\/belojardim.pe.leg.br\/portal\/wp-content\/uploads\/2025\/10\/WhatsApp-Image-2025-10-28-at-21.40.12.jpeg","width":1600,"height":1066},{"@type":"BreadcrumbList","@id":"https:\/\/belojardim.pe.leg.br\/portal\/moradores-do-vila-bela-solicitam-melhorias-durante-sessao-ordinaria\/#breadcrumb","itemListElement":[{"@type":"ListItem","position":1,"name":"In\u00edcio","item":"https:\/\/belojardim.pe.leg.br\/portal\/"},{"@type":"ListItem","position":2,"name":"Moradores do Vila Bela solicitam melhorias durante sess\u00e3o ordin\u00e1ria"}]},{"@type":"WebSite","@id":"https:\/\/belojardim.pe.leg.br\/portal\/#website","url":"https:\/\/belojardim.pe.leg.br\/portal\/","name":"C\u00e2mara Municipal de Belo Jardim","description":"Casa Cust\u00f3dio Ferreira Mergulh\u00e3o","publisher":{"@id":"https:\/\/belojardim.pe.leg.br\/portal\/#organization"},"potentialAction":[{"@type":"SearchAction","target":{"@type":"EntryPoint","urlTemplate":"https:\/\/belojardim.pe.leg.br\/portal\/?s={search_term_string}"},"query-input":{"@type":"PropertyValueSpecification","valueRequired":true,"valueName":"search_term_string"}}],"inLanguage":"pt-BR"},{"@type":"Organization","@id":"https:\/\/belojardim.pe.leg.br\/portal\/#organization","name":"C\u00e2mara Municipal de Belo Jardim","url":"https:\/\/belojardim.pe.leg.br\/portal\/","logo":{"@type":"ImageObject","inLanguage":"pt-BR","@id":"https:\/\/belojardim.pe.leg.br\/portal\/#\/schema\/logo\/image\/","url":"https:\/\/belojardim.pe.leg.br\/portal\/wp-content\/uploads\/2025\/02\/brasao_novo_camara.png","contentUrl":"https:\/\/belojardim.pe.leg.br\/portal\/wp-content\/uploads\/2025\/02\/brasao_novo_camara.png","width":7239,"height":1735,"caption":"C\u00e2mara Municipal de Belo Jardim"},"image":{"@id":"https:\/\/belojardim.pe.leg.br\/portal\/#\/schema\/logo\/image\/"}},{"@type":"Person","@id":"https:\/\/belojardim.pe.leg.br\/portal\/#\/schema\/person\/f4dc233d702457201065ff3f8eab06af","name":"camara2","image":{"@type":"ImageObject","inLanguage":"pt-BR","@id":"https:\/\/belojardim.pe.leg.br\/portal\/#\/schema\/person\/image\/","url":"https:\/\/secure.gravatar.com\/avatar\/0133c031d6e4f68305a87d4617c0071428620e80cae5a2cf6bdb08eb7cfe8d41?s=96&d=mm&r=g","contentUrl":"https:\/\/secure.gravatar.com\/avatar\/0133c031d6e4f68305a87d4617c0071428620e80cae5a2cf6bdb08eb7cfe8d41?s=96&d=mm&r=g","caption":"camara2"},"url":"https:\/\/belojardim.pe.leg.br\/portal\/author\/camara2\/"}]}},"_links":{"self":[{"href":"https:\/\/belojardim.pe.leg.br\/portal\/wp-json\/wp\/v2\/posts\/15356","targetHints":{"allow":["GET"]}}],"collection":[{"href":"https:\/\/belojardim.pe.leg.br\/portal\/wp-json\/wp\/v2\/posts"}],"about":[{"href":"https:\/\/belojardim.pe.leg.br\/portal\/wp-json\/wp\/v2\/types\/post"}],"author":[{"embeddable":true,"href":"https:\/\/belojardim.pe.leg.br\/portal\/wp-json\/wp\/v2\/users\/5"}],"replies":[{"embeddable":true,"href":"https:\/\/belojardim.pe.leg.br\/portal\/wp-json\/wp\/v2\/comments?post=15356"}],"version-history":[{"count":2,"href":"https:\/\/belojardim.pe.leg.br\/portal\/wp-json\/wp\/v2\/posts\/15356\/revisions"}],"predecessor-version":[{"id":15361,"href":"https:\/\/belojardim.pe.leg.br\/portal\/wp-json\/wp\/v2\/posts\/15356\/revisions\/15361"}],"wp:featuredmedia":[{"embeddable":true,"href":"https:\/\/belojardim.pe.leg.br\/portal\/wp-json\/wp\/v2\/media\/15359"}],"wp:attachment":[{"href":"https:\/\/belojardim.pe.leg.br\/portal\/wp-json\/wp\/v2\/media?parent=15356"}],"wp:term":[{"taxonomy":"category","embeddable":true,"href":"https:\/\/belojardim.pe.leg.br\/portal\/wp-json\/wp\/v2\/categories?post=15356"},{"taxonomy":"post_tag","embeddable":true,"href":"https:\/\/belojardim.pe.leg.br\/portal\/wp-json\/wp\/v2\/tags?post=15356"}],"curies":[{"name":"wp","href":"https:\/\/api.w.org\/{rel}","templated":true}]}}