{"id":15306,"date":"2025-10-01T11:53:40","date_gmt":"2025-10-01T14:53:40","guid":{"rendered":"https:\/\/belojardim.pe.leg.br\/portal\/?p=15306"},"modified":"2025-10-01T11:53:40","modified_gmt":"2025-10-01T14:53:40","slug":"parlamentares-solicitam-terreno-para-construcao-de-igreja-no-bairro-vila-bela","status":"publish","type":"post","link":"https:\/\/belojardim.pe.leg.br\/portal\/parlamentares-solicitam-terreno-para-construcao-de-igreja-no-bairro-vila-bela\/","title":{"rendered":"Parlamentares solicitam terreno para constru\u00e7\u00e3o de igreja no bairro Vila Bela"},"content":{"rendered":"<div class=\"wp-block-image\"><a href=\"https:\/\/belojardim.pe.leg.br\/portal\/wp-content\/uploads\/2025\/10\/WhatsApp-Image-2025-10-01-at-11.47.22-3.jpeg\"><img loading=\"lazy\" decoding=\"async\" class=\"wpa-warning wpa-image-missing-alt alignleft size-medium wp-image-15307\" src=\"https:\/\/belojardim.pe.leg.br\/portal\/wp-content\/uploads\/2025\/10\/WhatsApp-Image-2025-10-01-at-11.47.22-3-300x200.jpeg\" alt=\"\" width=\"300\" height=\"200\" data-warning=\"Missing alt text\" srcset=\"https:\/\/belojardim.pe.leg.br\/portal\/wp-content\/uploads\/2025\/10\/WhatsApp-Image-2025-10-01-at-11.47.22-3-300x200.jpeg 300w, https:\/\/belojardim.pe.leg.br\/portal\/wp-content\/uploads\/2025\/10\/WhatsApp-Image-2025-10-01-at-11.47.22-3-1024x683.jpeg 1024w, https:\/\/belojardim.pe.leg.br\/portal\/wp-content\/uploads\/2025\/10\/WhatsApp-Image-2025-10-01-at-11.47.22-3-768x512.jpeg 768w, https:\/\/belojardim.pe.leg.br\/portal\/wp-content\/uploads\/2025\/10\/WhatsApp-Image-2025-10-01-at-11.47.22-3-1218x813.jpeg 1218w, https:\/\/belojardim.pe.leg.br\/portal\/wp-content\/uploads\/2025\/10\/WhatsApp-Image-2025-10-01-at-11.47.22-3.jpeg 1280w\" sizes=\"auto, (max-width: 300px) 100vw, 300px\" \/><\/a>A C\u00e2mara Municipal de Belo Jardim reuniu-se na manh\u00e3 da \u00faltima ter\u00e7a-feira (1\u00ba) para a 8\u00aa Reuni\u00e3o Ordin\u00e1ria do segundo per\u00edodo legislativo. Durante a sess\u00e3o, os parlamentares encaminharam projetos de lei \u00e0s comiss\u00f5es permanentes e aprovaram requerimentos.<\/div>\n<p>O vereador Everaldo Jos\u00e9 (D\u00e9 da Cohab I) solicitou ao Poder Executivo a realiza\u00e7\u00e3o de um estudo de viabilidade para a doa\u00e7\u00e3o de um terreno no bairro Vila Bela, destinado \u00e0 constru\u00e7\u00e3o de uma igreja cat\u00f3lica na localidade. \u201cO padre tem realizado missas no local com uma tenda no meio da pra\u00e7a e me procurou para saber se haveria essa possibilidade&#8221;, explicou o parlamentar.<\/p>\n<p>Ao final, foram aprovadas mo\u00e7\u00f5es de aplauso e realizadas solicita\u00e7\u00f5es verbais. A sess\u00e3o pode ser assistida na \u00edntegra pelo canal oficial da C\u00e2mara de Vereadores de Belo Jardim no YouTube e nos blogs parceiros. A pr\u00f3xima sess\u00e3o ocorrer\u00e1 na quinta-feira, 2 de outubro.<\/p>\n<p>&nbsp;<\/p>\n<div class=\"wp-block-image\"><a href=\"https:\/\/belojardim.pe.leg.br\/portal\/wp-content\/uploads\/2025\/10\/WhatsApp-Image-2025-10-01-at-11.47.22-2.jpeg\"><img loading=\"lazy\" decoding=\"async\" class=\"wpa-warning wpa-image-missing-alt alignleft size-medium wp-image-15308\" src=\"https:\/\/belojardim.pe.leg.br\/portal\/wp-content\/uploads\/2025\/10\/WhatsApp-Image-2025-10-01-at-11.47.22-2-300x200.jpeg\" alt=\"\" width=\"300\" height=\"200\" data-warning=\"Missing alt text\" srcset=\"https:\/\/belojardim.pe.leg.br\/portal\/wp-content\/uploads\/2025\/10\/WhatsApp-Image-2025-10-01-at-11.47.22-2-300x200.jpeg 300w, https:\/\/belojardim.pe.leg.br\/portal\/wp-content\/uploads\/2025\/10\/WhatsApp-Image-2025-10-01-at-11.47.22-2-1024x683.jpeg 1024w, https:\/\/belojardim.pe.leg.br\/portal\/wp-content\/uploads\/2025\/10\/WhatsApp-Image-2025-10-01-at-11.47.22-2-768x512.jpeg 768w, https:\/\/belojardim.pe.leg.br\/portal\/wp-content\/uploads\/2025\/10\/WhatsApp-Image-2025-10-01-at-11.47.22-2-1218x813.jpeg 1218w, https:\/\/belojardim.pe.leg.br\/portal\/wp-content\/uploads\/2025\/10\/WhatsApp-Image-2025-10-01-at-11.47.22-2.jpeg 1280w\" sizes=\"auto, (max-width: 300px) 100vw, 300px\" \/><\/a><\/div>\n<div class=\"wp-block-image\"><a href=\"https:\/\/belojardim.pe.leg.br\/portal\/wp-content\/uploads\/2025\/10\/WhatsApp-Image-2025-10-01-at-11.47.22-1.jpeg\"><img loading=\"lazy\" decoding=\"async\" class=\"wpa-warning wpa-image-missing-alt alignleft size-medium wp-image-15309\" src=\"https:\/\/belojardim.pe.leg.br\/portal\/wp-content\/uploads\/2025\/10\/WhatsApp-Image-2025-10-01-at-11.47.22-1-300x200.jpeg\" alt=\"\" width=\"300\" height=\"200\" data-warning=\"Missing alt text\" srcset=\"https:\/\/belojardim.pe.leg.br\/portal\/wp-content\/uploads\/2025\/10\/WhatsApp-Image-2025-10-01-at-11.47.22-1-300x200.jpeg 300w, https:\/\/belojardim.pe.leg.br\/portal\/wp-content\/uploads\/2025\/10\/WhatsApp-Image-2025-10-01-at-11.47.22-1-1024x683.jpeg 1024w, https:\/\/belojardim.pe.leg.br\/portal\/wp-content\/uploads\/2025\/10\/WhatsApp-Image-2025-10-01-at-11.47.22-1-768x512.jpeg 768w, https:\/\/belojardim.pe.leg.br\/portal\/wp-content\/uploads\/2025\/10\/WhatsApp-Image-2025-10-01-at-11.47.22-1-1218x813.jpeg 1218w, https:\/\/belojardim.pe.leg.br\/portal\/wp-content\/uploads\/2025\/10\/WhatsApp-Image-2025-10-01-at-11.47.22-1.jpeg 1280w\" sizes=\"auto, (max-width: 300px) 100vw, 300px\" \/><\/a><\/div>\n","protected":false},"excerpt":{"rendered":"<p>A C\u00e2mara Municipal de Belo Jardim reuniu-se na manh\u00e3 da \u00faltima ter\u00e7a-feira (1\u00ba) para a 8\u00aa Reuni\u00e3o Ordin\u00e1ria do segundo per\u00edodo legislativo. Durante a sess\u00e3o,&#8230;<\/p>\n","protected":false},"author":5,"featured_media":15307,"comment_status":"open","ping_status":"open","sticky":false,"template":"","format":"standard","meta":{"footnotes":""},"categories":[152],"tags":[],"class_list":["post-15306","post","type-post","status-publish","format-standard","has-post-thumbnail","hentry","category-sessoes-2025","wpcat-152-id"],"yoast_head":"<!-- This site is optimized with the Yoast SEO plugin v25.1 - https:\/\/yoast.com\/wordpress\/plugins\/seo\/ -->\n<title>Parlamentares solicitam terreno para constru\u00e7\u00e3o de igreja no bairro Vila Bela - C\u00e2mara Municipal de Belo Jardim<\/title>\n<meta name=\"robots\" content=\"index, follow, max-snippet:-1, max-image-preview:large, max-video-preview:-1\" \/>\n<link rel=\"canonical\" href=\"https:\/\/belojardim.pe.leg.br\/portal\/parlamentares-solicitam-terreno-para-construcao-de-igreja-no-bairro-vila-bela\/\" \/>\n<meta property=\"og:locale\" content=\"pt_BR\" \/>\n<meta property=\"og:type\" content=\"article\" \/>\n<meta property=\"og:title\" content=\"Parlamentares solicitam terreno para constru\u00e7\u00e3o de igreja no bairro Vila Bela - C\u00e2mara Municipal de Belo Jardim\" \/>\n<meta property=\"og:description\" content=\"A C\u00e2mara Municipal de Belo Jardim reuniu-se na manh\u00e3 da \u00faltima ter\u00e7a-feira (1\u00ba) para a 8\u00aa Reuni\u00e3o Ordin\u00e1ria do segundo per\u00edodo legislativo. Durante a sess\u00e3o,...\" \/>\n<meta property=\"og:url\" content=\"https:\/\/belojardim.pe.leg.br\/portal\/parlamentares-solicitam-terreno-para-construcao-de-igreja-no-bairro-vila-bela\/\" \/>\n<meta property=\"og:site_name\" content=\"C\u00e2mara Municipal de Belo Jardim\" \/>\n<meta property=\"article:published_time\" content=\"2025-10-01T14:53:40+00:00\" \/>\n<meta property=\"og:image\" content=\"https:\/\/belojardim.pe.leg.br\/portal\/wp-content\/uploads\/2025\/10\/WhatsApp-Image-2025-10-01-at-11.47.22-3.jpeg\" \/>\n\t<meta property=\"og:image:width\" content=\"1280\" \/>\n\t<meta property=\"og:image:height\" content=\"854\" \/>\n\t<meta property=\"og:image:type\" content=\"image\/jpeg\" \/>\n<meta name=\"author\" content=\"camara2\" \/>\n<meta name=\"twitter:card\" content=\"summary_large_image\" \/>\n<meta name=\"twitter:label1\" content=\"Escrito por\" \/>\n\t<meta name=\"twitter:data1\" content=\"camara2\" \/>\n\t<meta name=\"twitter:label2\" content=\"Est. tempo de leitura\" \/>\n\t<meta name=\"twitter:data2\" content=\"2 minutos\" \/>\n<script type=\"application\/ld+json\" class=\"yoast-schema-graph\">{\"@context\":\"https:\/\/schema.org\",\"@graph\":[{\"@type\":\"Article\",\"@id\":\"https:\/\/belojardim.pe.leg.br\/portal\/parlamentares-solicitam-terreno-para-construcao-de-igreja-no-bairro-vila-bela\/#article\",\"isPartOf\":{\"@id\":\"https:\/\/belojardim.pe.leg.br\/portal\/parlamentares-solicitam-terreno-para-construcao-de-igreja-no-bairro-vila-bela\/\"},\"author\":{\"name\":\"camara2\",\"@id\":\"https:\/\/belojardim.pe.leg.br\/portal\/#\/schema\/person\/f4dc233d702457201065ff3f8eab06af\"},\"headline\":\"Parlamentares solicitam terreno para constru\u00e7\u00e3o de igreja no bairro Vila Bela\",\"datePublished\":\"2025-10-01T14:53:40+00:00\",\"mainEntityOfPage\":{\"@id\":\"https:\/\/belojardim.pe.leg.br\/portal\/parlamentares-solicitam-terreno-para-construcao-de-igreja-no-bairro-vila-bela\/\"},\"wordCount\":171,\"commentCount\":0,\"publisher\":{\"@id\":\"https:\/\/belojardim.pe.leg.br\/portal\/#organization\"},\"image\":{\"@id\":\"https:\/\/belojardim.pe.leg.br\/portal\/parlamentares-solicitam-terreno-para-construcao-de-igreja-no-bairro-vila-bela\/#primaryimage\"},\"thumbnailUrl\":\"https:\/\/belojardim.pe.leg.br\/portal\/wp-content\/uploads\/2025\/10\/WhatsApp-Image-2025-10-01-at-11.47.22-3.jpeg\",\"articleSection\":[\"Sess\u00f5es 2025\"],\"inLanguage\":\"pt-BR\",\"potentialAction\":[{\"@type\":\"CommentAction\",\"name\":\"Comment\",\"target\":[\"https:\/\/belojardim.pe.leg.br\/portal\/parlamentares-solicitam-terreno-para-construcao-de-igreja-no-bairro-vila-bela\/#respond\"]}]},{\"@type\":\"WebPage\",\"@id\":\"https:\/\/belojardim.pe.leg.br\/portal\/parlamentares-solicitam-terreno-para-construcao-de-igreja-no-bairro-vila-bela\/\",\"url\":\"https:\/\/belojardim.pe.leg.br\/portal\/parlamentares-solicitam-terreno-para-construcao-de-igreja-no-bairro-vila-bela\/\",\"name\":\"Parlamentares solicitam terreno para constru\u00e7\u00e3o de igreja no bairro Vila Bela - C\u00e2mara Municipal de Belo Jardim\",\"isPartOf\":{\"@id\":\"https:\/\/belojardim.pe.leg.br\/portal\/#website\"},\"primaryImageOfPage\":{\"@id\":\"https:\/\/belojardim.pe.leg.br\/portal\/parlamentares-solicitam-terreno-para-construcao-de-igreja-no-bairro-vila-bela\/#primaryimage\"},\"image\":{\"@id\":\"https:\/\/belojardim.pe.leg.br\/portal\/parlamentares-solicitam-terreno-para-construcao-de-igreja-no-bairro-vila-bela\/#primaryimage\"},\"thumbnailUrl\":\"https:\/\/belojardim.pe.leg.br\/portal\/wp-content\/uploads\/2025\/10\/WhatsApp-Image-2025-10-01-at-11.47.22-3.jpeg\",\"datePublished\":\"2025-10-01T14:53:40+00:00\",\"breadcrumb\":{\"@id\":\"https:\/\/belojardim.pe.leg.br\/portal\/parlamentares-solicitam-terreno-para-construcao-de-igreja-no-bairro-vila-bela\/#breadcrumb\"},\"inLanguage\":\"pt-BR\",\"potentialAction\":[{\"@type\":\"ReadAction\",\"target\":[\"https:\/\/belojardim.pe.leg.br\/portal\/parlamentares-solicitam-terreno-para-construcao-de-igreja-no-bairro-vila-bela\/\"]}]},{\"@type\":\"ImageObject\",\"inLanguage\":\"pt-BR\",\"@id\":\"https:\/\/belojardim.pe.leg.br\/portal\/parlamentares-solicitam-terreno-para-construcao-de-igreja-no-bairro-vila-bela\/#primaryimage\",\"url\":\"https:\/\/belojardim.pe.leg.br\/portal\/wp-content\/uploads\/2025\/10\/WhatsApp-Image-2025-10-01-at-11.47.22-3.jpeg\",\"contentUrl\":\"https:\/\/belojardim.pe.leg.br\/portal\/wp-content\/uploads\/2025\/10\/WhatsApp-Image-2025-10-01-at-11.47.22-3.jpeg\",\"width\":1280,\"height\":854},{\"@type\":\"BreadcrumbList\",\"@id\":\"https:\/\/belojardim.pe.leg.br\/portal\/parlamentares-solicitam-terreno-para-construcao-de-igreja-no-bairro-vila-bela\/#breadcrumb\",\"itemListElement\":[{\"@type\":\"ListItem\",\"position\":1,\"name\":\"In\u00edcio\",\"item\":\"https:\/\/belojardim.pe.leg.br\/portal\/\"},{\"@type\":\"ListItem\",\"position\":2,\"name\":\"Parlamentares solicitam terreno para constru\u00e7\u00e3o de igreja no bairro Vila Bela\"}]},{\"@type\":\"WebSite\",\"@id\":\"https:\/\/belojardim.pe.leg.br\/portal\/#website\",\"url\":\"https:\/\/belojardim.pe.leg.br\/portal\/\",\"name\":\"C\u00e2mara Municipal de Belo Jardim\",\"description\":\"Casa Cust\u00f3dio Ferreira Mergulh\u00e3o\",\"publisher\":{\"@id\":\"https:\/\/belojardim.pe.leg.br\/portal\/#organization\"},\"potentialAction\":[{\"@type\":\"SearchAction\",\"target\":{\"@type\":\"EntryPoint\",\"urlTemplate\":\"https:\/\/belojardim.pe.leg.br\/portal\/?s={search_term_string}\"},\"query-input\":{\"@type\":\"PropertyValueSpecification\",\"valueRequired\":true,\"valueName\":\"search_term_string\"}}],\"inLanguage\":\"pt-BR\"},{\"@type\":\"Organization\",\"@id\":\"https:\/\/belojardim.pe.leg.br\/portal\/#organization\",\"name\":\"C\u00e2mara Municipal de Belo Jardim\",\"url\":\"https:\/\/belojardim.pe.leg.br\/portal\/\",\"logo\":{\"@type\":\"ImageObject\",\"inLanguage\":\"pt-BR\",\"@id\":\"https:\/\/belojardim.pe.leg.br\/portal\/#\/schema\/logo\/image\/\",\"url\":\"https:\/\/belojardim.pe.leg.br\/portal\/wp-content\/uploads\/2025\/02\/brasao_novo_camara.png\",\"contentUrl\":\"https:\/\/belojardim.pe.leg.br\/portal\/wp-content\/uploads\/2025\/02\/brasao_novo_camara.png\",\"width\":7239,\"height\":1735,\"caption\":\"C\u00e2mara Municipal de Belo Jardim\"},\"image\":{\"@id\":\"https:\/\/belojardim.pe.leg.br\/portal\/#\/schema\/logo\/image\/\"}},{\"@type\":\"Person\",\"@id\":\"https:\/\/belojardim.pe.leg.br\/portal\/#\/schema\/person\/f4dc233d702457201065ff3f8eab06af\",\"name\":\"camara2\",\"image\":{\"@type\":\"ImageObject\",\"inLanguage\":\"pt-BR\",\"@id\":\"https:\/\/belojardim.pe.leg.br\/portal\/#\/schema\/person\/image\/\",\"url\":\"https:\/\/secure.gravatar.com\/avatar\/0133c031d6e4f68305a87d4617c0071428620e80cae5a2cf6bdb08eb7cfe8d41?s=96&d=mm&r=g\",\"contentUrl\":\"https:\/\/secure.gravatar.com\/avatar\/0133c031d6e4f68305a87d4617c0071428620e80cae5a2cf6bdb08eb7cfe8d41?s=96&d=mm&r=g\",\"caption\":\"camara2\"},\"url\":\"https:\/\/belojardim.pe.leg.br\/portal\/author\/camara2\/\"}]}<\/script>\n<!-- \/ Yoast SEO plugin. -->","yoast_head_json":{"title":"Parlamentares solicitam terreno para constru\u00e7\u00e3o de igreja no bairro Vila Bela - C\u00e2mara Municipal de Belo Jardim","robots":{"index":"index","follow":"follow","max-snippet":"max-snippet:-1","max-image-preview":"max-image-preview:large","max-video-preview":"max-video-preview:-1"},"canonical":"https:\/\/belojardim.pe.leg.br\/portal\/parlamentares-solicitam-terreno-para-construcao-de-igreja-no-bairro-vila-bela\/","og_locale":"pt_BR","og_type":"article","og_title":"Parlamentares solicitam terreno para constru\u00e7\u00e3o de igreja no bairro Vila Bela - C\u00e2mara Municipal de Belo Jardim","og_description":"A C\u00e2mara Municipal de Belo Jardim reuniu-se na manh\u00e3 da \u00faltima ter\u00e7a-feira (1\u00ba) para a 8\u00aa Reuni\u00e3o Ordin\u00e1ria do segundo per\u00edodo legislativo. Durante a sess\u00e3o,...","og_url":"https:\/\/belojardim.pe.leg.br\/portal\/parlamentares-solicitam-terreno-para-construcao-de-igreja-no-bairro-vila-bela\/","og_site_name":"C\u00e2mara Municipal de Belo Jardim","article_published_time":"2025-10-01T14:53:40+00:00","og_image":[{"width":1280,"height":854,"url":"https:\/\/belojardim.pe.leg.br\/portal\/wp-content\/uploads\/2025\/10\/WhatsApp-Image-2025-10-01-at-11.47.22-3.jpeg","type":"image\/jpeg"}],"author":"camara2","twitter_card":"summary_large_image","twitter_misc":{"Escrito por":"camara2","Est. tempo de leitura":"2 minutos"},"schema":{"@context":"https:\/\/schema.org","@graph":[{"@type":"Article","@id":"https:\/\/belojardim.pe.leg.br\/portal\/parlamentares-solicitam-terreno-para-construcao-de-igreja-no-bairro-vila-bela\/#article","isPartOf":{"@id":"https:\/\/belojardim.pe.leg.br\/portal\/parlamentares-solicitam-terreno-para-construcao-de-igreja-no-bairro-vila-bela\/"},"author":{"name":"camara2","@id":"https:\/\/belojardim.pe.leg.br\/portal\/#\/schema\/person\/f4dc233d702457201065ff3f8eab06af"},"headline":"Parlamentares solicitam terreno para constru\u00e7\u00e3o de igreja no bairro Vila Bela","datePublished":"2025-10-01T14:53:40+00:00","mainEntityOfPage":{"@id":"https:\/\/belojardim.pe.leg.br\/portal\/parlamentares-solicitam-terreno-para-construcao-de-igreja-no-bairro-vila-bela\/"},"wordCount":171,"commentCount":0,"publisher":{"@id":"https:\/\/belojardim.pe.leg.br\/portal\/#organization"},"image":{"@id":"https:\/\/belojardim.pe.leg.br\/portal\/parlamentares-solicitam-terreno-para-construcao-de-igreja-no-bairro-vila-bela\/#primaryimage"},"thumbnailUrl":"https:\/\/belojardim.pe.leg.br\/portal\/wp-content\/uploads\/2025\/10\/WhatsApp-Image-2025-10-01-at-11.47.22-3.jpeg","articleSection":["Sess\u00f5es 2025"],"inLanguage":"pt-BR","potentialAction":[{"@type":"CommentAction","name":"Comment","target":["https:\/\/belojardim.pe.leg.br\/portal\/parlamentares-solicitam-terreno-para-construcao-de-igreja-no-bairro-vila-bela\/#respond"]}]},{"@type":"WebPage","@id":"https:\/\/belojardim.pe.leg.br\/portal\/parlamentares-solicitam-terreno-para-construcao-de-igreja-no-bairro-vila-bela\/","url":"https:\/\/belojardim.pe.leg.br\/portal\/parlamentares-solicitam-terreno-para-construcao-de-igreja-no-bairro-vila-bela\/","name":"Parlamentares solicitam terreno para constru\u00e7\u00e3o de igreja no bairro Vila Bela - C\u00e2mara Municipal de Belo Jardim","isPartOf":{"@id":"https:\/\/belojardim.pe.leg.br\/portal\/#website"},"primaryImageOfPage":{"@id":"https:\/\/belojardim.pe.leg.br\/portal\/parlamentares-solicitam-terreno-para-construcao-de-igreja-no-bairro-vila-bela\/#primaryimage"},"image":{"@id":"https:\/\/belojardim.pe.leg.br\/portal\/parlamentares-solicitam-terreno-para-construcao-de-igreja-no-bairro-vila-bela\/#primaryimage"},"thumbnailUrl":"https:\/\/belojardim.pe.leg.br\/portal\/wp-content\/uploads\/2025\/10\/WhatsApp-Image-2025-10-01-at-11.47.22-3.jpeg","datePublished":"2025-10-01T14:53:40+00:00","breadcrumb":{"@id":"https:\/\/belojardim.pe.leg.br\/portal\/parlamentares-solicitam-terreno-para-construcao-de-igreja-no-bairro-vila-bela\/#breadcrumb"},"inLanguage":"pt-BR","potentialAction":[{"@type":"ReadAction","target":["https:\/\/belojardim.pe.leg.br\/portal\/parlamentares-solicitam-terreno-para-construcao-de-igreja-no-bairro-vila-bela\/"]}]},{"@type":"ImageObject","inLanguage":"pt-BR","@id":"https:\/\/belojardim.pe.leg.br\/portal\/parlamentares-solicitam-terreno-para-construcao-de-igreja-no-bairro-vila-bela\/#primaryimage","url":"https:\/\/belojardim.pe.leg.br\/portal\/wp-content\/uploads\/2025\/10\/WhatsApp-Image-2025-10-01-at-11.47.22-3.jpeg","contentUrl":"https:\/\/belojardim.pe.leg.br\/portal\/wp-content\/uploads\/2025\/10\/WhatsApp-Image-2025-10-01-at-11.47.22-3.jpeg","width":1280,"height":854},{"@type":"BreadcrumbList","@id":"https:\/\/belojardim.pe.leg.br\/portal\/parlamentares-solicitam-terreno-para-construcao-de-igreja-no-bairro-vila-bela\/#breadcrumb","itemListElement":[{"@type":"ListItem","position":1,"name":"In\u00edcio","item":"https:\/\/belojardim.pe.leg.br\/portal\/"},{"@type":"ListItem","position":2,"name":"Parlamentares solicitam terreno para constru\u00e7\u00e3o de igreja no bairro Vila Bela"}]},{"@type":"WebSite","@id":"https:\/\/belojardim.pe.leg.br\/portal\/#website","url":"https:\/\/belojardim.pe.leg.br\/portal\/","name":"C\u00e2mara Municipal de Belo Jardim","description":"Casa Cust\u00f3dio Ferreira Mergulh\u00e3o","publisher":{"@id":"https:\/\/belojardim.pe.leg.br\/portal\/#organization"},"potentialAction":[{"@type":"SearchAction","target":{"@type":"EntryPoint","urlTemplate":"https:\/\/belojardim.pe.leg.br\/portal\/?s={search_term_string}"},"query-input":{"@type":"PropertyValueSpecification","valueRequired":true,"valueName":"search_term_string"}}],"inLanguage":"pt-BR"},{"@type":"Organization","@id":"https:\/\/belojardim.pe.leg.br\/portal\/#organization","name":"C\u00e2mara Municipal de Belo Jardim","url":"https:\/\/belojardim.pe.leg.br\/portal\/","logo":{"@type":"ImageObject","inLanguage":"pt-BR","@id":"https:\/\/belojardim.pe.leg.br\/portal\/#\/schema\/logo\/image\/","url":"https:\/\/belojardim.pe.leg.br\/portal\/wp-content\/uploads\/2025\/02\/brasao_novo_camara.png","contentUrl":"https:\/\/belojardim.pe.leg.br\/portal\/wp-content\/uploads\/2025\/02\/brasao_novo_camara.png","width":7239,"height":1735,"caption":"C\u00e2mara Municipal de Belo Jardim"},"image":{"@id":"https:\/\/belojardim.pe.leg.br\/portal\/#\/schema\/logo\/image\/"}},{"@type":"Person","@id":"https:\/\/belojardim.pe.leg.br\/portal\/#\/schema\/person\/f4dc233d702457201065ff3f8eab06af","name":"camara2","image":{"@type":"ImageObject","inLanguage":"pt-BR","@id":"https:\/\/belojardim.pe.leg.br\/portal\/#\/schema\/person\/image\/","url":"https:\/\/secure.gravatar.com\/avatar\/0133c031d6e4f68305a87d4617c0071428620e80cae5a2cf6bdb08eb7cfe8d41?s=96&d=mm&r=g","contentUrl":"https:\/\/secure.gravatar.com\/avatar\/0133c031d6e4f68305a87d4617c0071428620e80cae5a2cf6bdb08eb7cfe8d41?s=96&d=mm&r=g","caption":"camara2"},"url":"https:\/\/belojardim.pe.leg.br\/portal\/author\/camara2\/"}]}},"_links":{"self":[{"href":"https:\/\/belojardim.pe.leg.br\/portal\/wp-json\/wp\/v2\/posts\/15306","targetHints":{"allow":["GET"]}}],"collection":[{"href":"https:\/\/belojardim.pe.leg.br\/portal\/wp-json\/wp\/v2\/posts"}],"about":[{"href":"https:\/\/belojardim.pe.leg.br\/portal\/wp-json\/wp\/v2\/types\/post"}],"author":[{"embeddable":true,"href":"https:\/\/belojardim.pe.leg.br\/portal\/wp-json\/wp\/v2\/users\/5"}],"replies":[{"embeddable":true,"href":"https:\/\/belojardim.pe.leg.br\/portal\/wp-json\/wp\/v2\/comments?post=15306"}],"version-history":[{"count":1,"href":"https:\/\/belojardim.pe.leg.br\/portal\/wp-json\/wp\/v2\/posts\/15306\/revisions"}],"predecessor-version":[{"id":15310,"href":"https:\/\/belojardim.pe.leg.br\/portal\/wp-json\/wp\/v2\/posts\/15306\/revisions\/15310"}],"wp:featuredmedia":[{"embeddable":true,"href":"https:\/\/belojardim.pe.leg.br\/portal\/wp-json\/wp\/v2\/media\/15307"}],"wp:attachment":[{"href":"https:\/\/belojardim.pe.leg.br\/portal\/wp-json\/wp\/v2\/media?parent=15306"}],"wp:term":[{"taxonomy":"category","embeddable":true,"href":"https:\/\/belojardim.pe.leg.br\/portal\/wp-json\/wp\/v2\/categories?post=15306"},{"taxonomy":"post_tag","embeddable":true,"href":"https:\/\/belojardim.pe.leg.br\/portal\/wp-json\/wp\/v2\/tags?post=15306"}],"curies":[{"name":"wp","href":"https:\/\/api.w.org\/{rel}","templated":true}]}}