{"id":12457,"date":"2023-09-01T08:18:27","date_gmt":"2023-09-01T11:18:27","guid":{"rendered":"https:\/\/belojardim.pe.leg.br\/portal\/?p=12457"},"modified":"2023-09-01T14:23:45","modified_gmt":"2023-09-01T17:23:45","slug":"aviso-de-interesse-de-contratacao-direta-sem-licitacao-e-coleta-de-cotacao-de-precos-6","status":"publish","type":"post","link":"https:\/\/belojardim.pe.leg.br\/portal\/aviso-de-interesse-de-contratacao-direta-sem-licitacao-e-coleta-de-cotacao-de-precos-6\/","title":{"rendered":"AVISO DE INTERESSE DE CONTRATA\u00c7\u00c3O DIRETA SEM LICITA\u00c7\u00c3O  E COLETA DE COTA\u00c7\u00c3O DE PRE\u00c7OS"},"content":{"rendered":"<p style=\"text-align: center;\"><strong>PROCESSO ADMINISTRATIVO N\u00ba 013\/2023<\/strong><\/p>\n<p style=\"text-align: center;\"><strong>DISPENSA DE LICITA\u00c7\u00c3O N\u00b0 006\/2023<\/strong><\/p>\n<p><strong>A C\u00c2MARA MUNICIPAL DE BELO JARDIM-PE<\/strong>, em conformidade com o disposto no art. 75, II, \u00a7 3\u00ba da Lei n\u00ba 14.133, de 1\u00ba de abril de 2021, e no Decreto 11.317\/22, torna p\u00fablico que a administra\u00e7\u00e3o pretende realizar dispensa de licita\u00e7\u00e3o com vistas \u00e0 <strong>AQUISI\u00c7\u00c3O DE EQUIPAMENTOS ELETROELETR\u00d4NICOS (IMPRESSORAS E SCANNER), EM PRONTA ENTREGA, PARA ATENDIMENTO DAS DEMANDAS ADMINISTRATIVAS E LEGISLATIVAS DA C\u00c2MARA MUNICIPAL DE BELO JARDIM<\/strong>, conforme itens, quantidades e especifica\u00e7\u00f5es m\u00ednimas estabelecidas no Documento de Formaliza\u00e7\u00e3o da Demanda (DFD) e no Termo de Refer\u00eancia anexos, os quais podem ser acessado no seguinte endere\u00e7o eletr\u00f4nico: <a href=\"http:\/\/www.transparenciape.com.br\/CamaraBeloJardim\/cotacoes.php\">http:\/\/www.transparenciape.com.br\/CamaraBeloJardim\/cotacoes.php<\/a>. Valor estimado da contrata\u00e7\u00e3o \/ m\u00e1ximo admitido para o fornecimento dos 02 (dois) itens, nas quantidades estimadas: <strong>R$ 15.131,64 (quinze mil cento e trinta e um reais e sessenta e quatro centavos). <\/strong>As cota\u00e7\u00f5es dever\u00e3o ser apresentadas de acordo com o modelo contido no link http:\/\/www.transparenciape.com.br\/CamaraBeloJardim\/cotacoes.php, o fazendo entre os dias 01\/09\/2023 e 06\/09\/2023, \u00e0s 13:00h (hor\u00e1rio de Bras\u00edlia), e encaminhadas no e-mail: cotacoes@belojardim.pe.leg.br.<\/p>\n<p style=\"text-align: center;\">Belo Jardim-PE, 01 de setembro de 2023.<\/p>\n<p style=\"text-align: center;\"><strong>J\u00daLIO AUGUSTO DE SOUZA CARVALHO<br \/>\n<\/strong>Presidente da CPL | Agente de Contrata\u00e7\u00e3o<\/p>\n<p><a href=\"https:\/\/belojardim.pe.leg.br\/portal\/wp-content\/uploads\/2023\/09\/1.-Extrato-de-Aviso-Recepcao-das-Cotacoes.pdf\">1. Extrato de Aviso &#8211; Recep\u00e7\u00e3o das Cota\u00e7\u00f5es.<\/a><\/p>\n<p><a href=\"https:\/\/belojardim.pe.leg.br\/portal\/wp-content\/uploads\/2023\/09\/2.-Aviso-de-Cotacoes-e-Procedimentos-de-Selecao.pdf\">2. Aviso de Cota\u00e7\u00f5es e Procedimentos de Sele\u00e7\u00e3o.<\/a><\/p>\n<p><a href=\"https:\/\/belojardim.pe.leg.br\/portal\/wp-content\/uploads\/2023\/09\/Anexo-I-Documento-de-Formalizacao-da-Demanda-DFD.pdf\">Anexo I &#8211; Documento de Formaliza\u00e7\u00e3o da Demanda (DFD)<\/a><\/p>\n<p><a href=\"https:\/\/belojardim.pe.leg.br\/portal\/wp-content\/uploads\/2023\/09\/Anexo-II-Termo-de-Referencia.pdf\">Anexo II- Termo de Refer\u00eancia.<\/a><\/p>\n<p><a href=\"https:\/\/belojardim.pe.leg.br\/portal\/wp-content\/uploads\/2023\/09\/ANEXO-III-Exigencias-documentais.pdf\">Anexo III &#8211; Exig\u00eancias documentais.<\/a><\/p>\n<p><a href=\"https:\/\/belojardim.pe.leg.br\/portal\/wp-content\/uploads\/2023\/09\/ANEXO-IV-Minuta-de-Contrato-direto.pdf\">ANEXO IV &#8211; Minuta de Contrato direto.<\/a><\/p>\n<p><a href=\"https:\/\/belojardim.pe.leg.br\/portal\/wp-content\/uploads\/2023\/09\/Anexo-V-Modelo-de-Cotacao-de-Precos.pdf\">Anexo V &#8211; Modelo de Cota\u00e7\u00e3o de Pre\u00e7os.<\/a><\/p>\n","protected":false},"excerpt":{"rendered":"<p>PROCESSO ADMINISTRATIVO N\u00ba 013\/2023 DISPENSA DE LICITA\u00c7\u00c3O N\u00b0 006\/2023 A C\u00c2MARA MUNICIPAL DE BELO JARDIM-PE, em conformidade com o disposto no art. 75, II, \u00a7&#8230;<\/p>\n","protected":false},"author":1,"featured_media":12226,"comment_status":"open","ping_status":"open","sticky":false,"template":"","format":"standard","meta":{"footnotes":""},"categories":[137],"tags":[],"class_list":["post-12457","post","type-post","status-publish","format-standard","has-post-thumbnail","hentry","category-cotacoes","wpcat-137-id"],"yoast_head":"<!-- This site is optimized with the Yoast SEO plugin v25.1 - https:\/\/yoast.com\/wordpress\/plugins\/seo\/ -->\n<title>AVISO DE INTERESSE DE CONTRATA\u00c7\u00c3O DIRETA SEM LICITA\u00c7\u00c3O E COLETA DE COTA\u00c7\u00c3O DE PRE\u00c7OS - C\u00e2mara Municipal de Belo Jardim<\/title>\n<meta name=\"robots\" content=\"index, follow, max-snippet:-1, max-image-preview:large, max-video-preview:-1\" \/>\n<link rel=\"canonical\" href=\"https:\/\/belojardim.pe.leg.br\/portal\/aviso-de-interesse-de-contratacao-direta-sem-licitacao-e-coleta-de-cotacao-de-precos-6\/\" \/>\n<meta property=\"og:locale\" content=\"pt_BR\" \/>\n<meta property=\"og:type\" content=\"article\" \/>\n<meta property=\"og:title\" content=\"AVISO DE INTERESSE DE CONTRATA\u00c7\u00c3O DIRETA SEM LICITA\u00c7\u00c3O E COLETA DE COTA\u00c7\u00c3O DE PRE\u00c7OS - C\u00e2mara Municipal de Belo Jardim\" \/>\n<meta property=\"og:description\" content=\"PROCESSO ADMINISTRATIVO N\u00ba 013\/2023 DISPENSA DE LICITA\u00c7\u00c3O N\u00b0 006\/2023 A C\u00c2MARA MUNICIPAL DE BELO JARDIM-PE, em conformidade com o disposto no art. 75, II, \u00a7...\" \/>\n<meta property=\"og:url\" content=\"https:\/\/belojardim.pe.leg.br\/portal\/aviso-de-interesse-de-contratacao-direta-sem-licitacao-e-coleta-de-cotacao-de-precos-6\/\" \/>\n<meta property=\"og:site_name\" content=\"C\u00e2mara Municipal de Belo Jardim\" \/>\n<meta property=\"article:published_time\" content=\"2023-09-01T11:18:27+00:00\" \/>\n<meta property=\"article:modified_time\" content=\"2023-09-01T17:23:45+00:00\" \/>\n<meta property=\"og:image\" content=\"https:\/\/belojardim.pe.leg.br\/portal\/wp-content\/uploads\/2022\/12\/cotacao.jpg\" \/>\n\t<meta property=\"og:image:width\" content=\"1655\" \/>\n\t<meta property=\"og:image:height\" content=\"1182\" \/>\n\t<meta property=\"og:image:type\" content=\"image\/jpeg\" \/>\n<meta name=\"author\" content=\"admin\" \/>\n<meta name=\"twitter:card\" content=\"summary_large_image\" \/>\n<meta name=\"twitter:label1\" content=\"Escrito por\" \/>\n\t<meta name=\"twitter:data1\" content=\"admin\" \/>\n\t<meta name=\"twitter:label2\" content=\"Est. tempo de leitura\" \/>\n\t<meta name=\"twitter:data2\" content=\"2 minutos\" \/>\n<script type=\"application\/ld+json\" class=\"yoast-schema-graph\">{\"@context\":\"https:\/\/schema.org\",\"@graph\":[{\"@type\":\"Article\",\"@id\":\"https:\/\/belojardim.pe.leg.br\/portal\/aviso-de-interesse-de-contratacao-direta-sem-licitacao-e-coleta-de-cotacao-de-precos-6\/#article\",\"isPartOf\":{\"@id\":\"https:\/\/belojardim.pe.leg.br\/portal\/aviso-de-interesse-de-contratacao-direta-sem-licitacao-e-coleta-de-cotacao-de-precos-6\/\"},\"author\":{\"name\":\"admin\",\"@id\":\"https:\/\/belojardim.pe.leg.br\/portal\/#\/schema\/person\/c089396bbdda28d0dc0dc2f55131a756\"},\"headline\":\"AVISO DE INTERESSE DE CONTRATA\u00c7\u00c3O DIRETA SEM LICITA\u00c7\u00c3O E COLETA DE COTA\u00c7\u00c3O DE PRE\u00c7OS\",\"datePublished\":\"2023-09-01T11:18:27+00:00\",\"dateModified\":\"2023-09-01T17:23:45+00:00\",\"mainEntityOfPage\":{\"@id\":\"https:\/\/belojardim.pe.leg.br\/portal\/aviso-de-interesse-de-contratacao-direta-sem-licitacao-e-coleta-de-cotacao-de-precos-6\/\"},\"wordCount\":286,\"commentCount\":0,\"publisher\":{\"@id\":\"https:\/\/belojardim.pe.leg.br\/portal\/#organization\"},\"image\":{\"@id\":\"https:\/\/belojardim.pe.leg.br\/portal\/aviso-de-interesse-de-contratacao-direta-sem-licitacao-e-coleta-de-cotacao-de-precos-6\/#primaryimage\"},\"thumbnailUrl\":\"https:\/\/belojardim.pe.leg.br\/portal\/wp-content\/uploads\/2022\/12\/cotacao.jpg\",\"articleSection\":[\"Cota\u00e7\u00f5es\"],\"inLanguage\":\"pt-BR\",\"potentialAction\":[{\"@type\":\"CommentAction\",\"name\":\"Comment\",\"target\":[\"https:\/\/belojardim.pe.leg.br\/portal\/aviso-de-interesse-de-contratacao-direta-sem-licitacao-e-coleta-de-cotacao-de-precos-6\/#respond\"]}]},{\"@type\":\"WebPage\",\"@id\":\"https:\/\/belojardim.pe.leg.br\/portal\/aviso-de-interesse-de-contratacao-direta-sem-licitacao-e-coleta-de-cotacao-de-precos-6\/\",\"url\":\"https:\/\/belojardim.pe.leg.br\/portal\/aviso-de-interesse-de-contratacao-direta-sem-licitacao-e-coleta-de-cotacao-de-precos-6\/\",\"name\":\"AVISO DE INTERESSE DE CONTRATA\u00c7\u00c3O DIRETA SEM LICITA\u00c7\u00c3O E COLETA DE COTA\u00c7\u00c3O DE PRE\u00c7OS - C\u00e2mara Municipal de Belo Jardim\",\"isPartOf\":{\"@id\":\"https:\/\/belojardim.pe.leg.br\/portal\/#website\"},\"primaryImageOfPage\":{\"@id\":\"https:\/\/belojardim.pe.leg.br\/portal\/aviso-de-interesse-de-contratacao-direta-sem-licitacao-e-coleta-de-cotacao-de-precos-6\/#primaryimage\"},\"image\":{\"@id\":\"https:\/\/belojardim.pe.leg.br\/portal\/aviso-de-interesse-de-contratacao-direta-sem-licitacao-e-coleta-de-cotacao-de-precos-6\/#primaryimage\"},\"thumbnailUrl\":\"https:\/\/belojardim.pe.leg.br\/portal\/wp-content\/uploads\/2022\/12\/cotacao.jpg\",\"datePublished\":\"2023-09-01T11:18:27+00:00\",\"dateModified\":\"2023-09-01T17:23:45+00:00\",\"breadcrumb\":{\"@id\":\"https:\/\/belojardim.pe.leg.br\/portal\/aviso-de-interesse-de-contratacao-direta-sem-licitacao-e-coleta-de-cotacao-de-precos-6\/#breadcrumb\"},\"inLanguage\":\"pt-BR\",\"potentialAction\":[{\"@type\":\"ReadAction\",\"target\":[\"https:\/\/belojardim.pe.leg.br\/portal\/aviso-de-interesse-de-contratacao-direta-sem-licitacao-e-coleta-de-cotacao-de-precos-6\/\"]}]},{\"@type\":\"ImageObject\",\"inLanguage\":\"pt-BR\",\"@id\":\"https:\/\/belojardim.pe.leg.br\/portal\/aviso-de-interesse-de-contratacao-direta-sem-licitacao-e-coleta-de-cotacao-de-precos-6\/#primaryimage\",\"url\":\"https:\/\/belojardim.pe.leg.br\/portal\/wp-content\/uploads\/2022\/12\/cotacao.jpg\",\"contentUrl\":\"https:\/\/belojardim.pe.leg.br\/portal\/wp-content\/uploads\/2022\/12\/cotacao.jpg\",\"width\":1655,\"height\":1182},{\"@type\":\"BreadcrumbList\",\"@id\":\"https:\/\/belojardim.pe.leg.br\/portal\/aviso-de-interesse-de-contratacao-direta-sem-licitacao-e-coleta-de-cotacao-de-precos-6\/#breadcrumb\",\"itemListElement\":[{\"@type\":\"ListItem\",\"position\":1,\"name\":\"In\u00edcio\",\"item\":\"https:\/\/belojardim.pe.leg.br\/portal\/\"},{\"@type\":\"ListItem\",\"position\":2,\"name\":\"AVISO DE INTERESSE DE CONTRATA\u00c7\u00c3O DIRETA SEM LICITA\u00c7\u00c3O E COLETA DE COTA\u00c7\u00c3O DE PRE\u00c7OS\"}]},{\"@type\":\"WebSite\",\"@id\":\"https:\/\/belojardim.pe.leg.br\/portal\/#website\",\"url\":\"https:\/\/belojardim.pe.leg.br\/portal\/\",\"name\":\"C\u00e2mara Municipal de Belo Jardim\",\"description\":\"Casa Cust\u00f3dio Ferreira Mergulh\u00e3o\",\"publisher\":{\"@id\":\"https:\/\/belojardim.pe.leg.br\/portal\/#organization\"},\"potentialAction\":[{\"@type\":\"SearchAction\",\"target\":{\"@type\":\"EntryPoint\",\"urlTemplate\":\"https:\/\/belojardim.pe.leg.br\/portal\/?s={search_term_string}\"},\"query-input\":{\"@type\":\"PropertyValueSpecification\",\"valueRequired\":true,\"valueName\":\"search_term_string\"}}],\"inLanguage\":\"pt-BR\"},{\"@type\":\"Organization\",\"@id\":\"https:\/\/belojardim.pe.leg.br\/portal\/#organization\",\"name\":\"C\u00e2mara Municipal de Belo Jardim\",\"url\":\"https:\/\/belojardim.pe.leg.br\/portal\/\",\"logo\":{\"@type\":\"ImageObject\",\"inLanguage\":\"pt-BR\",\"@id\":\"https:\/\/belojardim.pe.leg.br\/portal\/#\/schema\/logo\/image\/\",\"url\":\"https:\/\/belojardim.pe.leg.br\/portal\/wp-content\/uploads\/2025\/02\/brasao_novo_camara.png\",\"contentUrl\":\"https:\/\/belojardim.pe.leg.br\/portal\/wp-content\/uploads\/2025\/02\/brasao_novo_camara.png\",\"width\":7239,\"height\":1735,\"caption\":\"C\u00e2mara Municipal de Belo Jardim\"},\"image\":{\"@id\":\"https:\/\/belojardim.pe.leg.br\/portal\/#\/schema\/logo\/image\/\"}},{\"@type\":\"Person\",\"@id\":\"https:\/\/belojardim.pe.leg.br\/portal\/#\/schema\/person\/c089396bbdda28d0dc0dc2f55131a756\",\"name\":\"admin\",\"image\":{\"@type\":\"ImageObject\",\"inLanguage\":\"pt-BR\",\"@id\":\"https:\/\/belojardim.pe.leg.br\/portal\/#\/schema\/person\/image\/\",\"url\":\"https:\/\/secure.gravatar.com\/avatar\/0dfaa2d7fc5134b8fe4778030bf6f957a5f7c7be5b9aa76789f37b9cfb962b32?s=96&d=mm&r=g\",\"contentUrl\":\"https:\/\/secure.gravatar.com\/avatar\/0dfaa2d7fc5134b8fe4778030bf6f957a5f7c7be5b9aa76789f37b9cfb962b32?s=96&d=mm&r=g\",\"caption\":\"admin\"},\"url\":\"https:\/\/belojardim.pe.leg.br\/portal\/author\/admin\/\"}]}<\/script>\n<!-- \/ Yoast SEO plugin. -->","yoast_head_json":{"title":"AVISO DE INTERESSE DE CONTRATA\u00c7\u00c3O DIRETA SEM LICITA\u00c7\u00c3O E COLETA DE COTA\u00c7\u00c3O DE PRE\u00c7OS - C\u00e2mara Municipal de Belo Jardim","robots":{"index":"index","follow":"follow","max-snippet":"max-snippet:-1","max-image-preview":"max-image-preview:large","max-video-preview":"max-video-preview:-1"},"canonical":"https:\/\/belojardim.pe.leg.br\/portal\/aviso-de-interesse-de-contratacao-direta-sem-licitacao-e-coleta-de-cotacao-de-precos-6\/","og_locale":"pt_BR","og_type":"article","og_title":"AVISO DE INTERESSE DE CONTRATA\u00c7\u00c3O DIRETA SEM LICITA\u00c7\u00c3O E COLETA DE COTA\u00c7\u00c3O DE PRE\u00c7OS - C\u00e2mara Municipal de Belo Jardim","og_description":"PROCESSO ADMINISTRATIVO N\u00ba 013\/2023 DISPENSA DE LICITA\u00c7\u00c3O N\u00b0 006\/2023 A C\u00c2MARA MUNICIPAL DE BELO JARDIM-PE, em conformidade com o disposto no art. 75, II, \u00a7...","og_url":"https:\/\/belojardim.pe.leg.br\/portal\/aviso-de-interesse-de-contratacao-direta-sem-licitacao-e-coleta-de-cotacao-de-precos-6\/","og_site_name":"C\u00e2mara Municipal de Belo Jardim","article_published_time":"2023-09-01T11:18:27+00:00","article_modified_time":"2023-09-01T17:23:45+00:00","og_image":[{"width":1655,"height":1182,"url":"https:\/\/belojardim.pe.leg.br\/portal\/wp-content\/uploads\/2022\/12\/cotacao.jpg","type":"image\/jpeg"}],"author":"admin","twitter_card":"summary_large_image","twitter_misc":{"Escrito por":"admin","Est. tempo de leitura":"2 minutos"},"schema":{"@context":"https:\/\/schema.org","@graph":[{"@type":"Article","@id":"https:\/\/belojardim.pe.leg.br\/portal\/aviso-de-interesse-de-contratacao-direta-sem-licitacao-e-coleta-de-cotacao-de-precos-6\/#article","isPartOf":{"@id":"https:\/\/belojardim.pe.leg.br\/portal\/aviso-de-interesse-de-contratacao-direta-sem-licitacao-e-coleta-de-cotacao-de-precos-6\/"},"author":{"name":"admin","@id":"https:\/\/belojardim.pe.leg.br\/portal\/#\/schema\/person\/c089396bbdda28d0dc0dc2f55131a756"},"headline":"AVISO DE INTERESSE DE CONTRATA\u00c7\u00c3O DIRETA SEM LICITA\u00c7\u00c3O E COLETA DE COTA\u00c7\u00c3O DE PRE\u00c7OS","datePublished":"2023-09-01T11:18:27+00:00","dateModified":"2023-09-01T17:23:45+00:00","mainEntityOfPage":{"@id":"https:\/\/belojardim.pe.leg.br\/portal\/aviso-de-interesse-de-contratacao-direta-sem-licitacao-e-coleta-de-cotacao-de-precos-6\/"},"wordCount":286,"commentCount":0,"publisher":{"@id":"https:\/\/belojardim.pe.leg.br\/portal\/#organization"},"image":{"@id":"https:\/\/belojardim.pe.leg.br\/portal\/aviso-de-interesse-de-contratacao-direta-sem-licitacao-e-coleta-de-cotacao-de-precos-6\/#primaryimage"},"thumbnailUrl":"https:\/\/belojardim.pe.leg.br\/portal\/wp-content\/uploads\/2022\/12\/cotacao.jpg","articleSection":["Cota\u00e7\u00f5es"],"inLanguage":"pt-BR","potentialAction":[{"@type":"CommentAction","name":"Comment","target":["https:\/\/belojardim.pe.leg.br\/portal\/aviso-de-interesse-de-contratacao-direta-sem-licitacao-e-coleta-de-cotacao-de-precos-6\/#respond"]}]},{"@type":"WebPage","@id":"https:\/\/belojardim.pe.leg.br\/portal\/aviso-de-interesse-de-contratacao-direta-sem-licitacao-e-coleta-de-cotacao-de-precos-6\/","url":"https:\/\/belojardim.pe.leg.br\/portal\/aviso-de-interesse-de-contratacao-direta-sem-licitacao-e-coleta-de-cotacao-de-precos-6\/","name":"AVISO DE INTERESSE DE CONTRATA\u00c7\u00c3O DIRETA SEM LICITA\u00c7\u00c3O E COLETA DE COTA\u00c7\u00c3O DE PRE\u00c7OS - C\u00e2mara Municipal de Belo Jardim","isPartOf":{"@id":"https:\/\/belojardim.pe.leg.br\/portal\/#website"},"primaryImageOfPage":{"@id":"https:\/\/belojardim.pe.leg.br\/portal\/aviso-de-interesse-de-contratacao-direta-sem-licitacao-e-coleta-de-cotacao-de-precos-6\/#primaryimage"},"image":{"@id":"https:\/\/belojardim.pe.leg.br\/portal\/aviso-de-interesse-de-contratacao-direta-sem-licitacao-e-coleta-de-cotacao-de-precos-6\/#primaryimage"},"thumbnailUrl":"https:\/\/belojardim.pe.leg.br\/portal\/wp-content\/uploads\/2022\/12\/cotacao.jpg","datePublished":"2023-09-01T11:18:27+00:00","dateModified":"2023-09-01T17:23:45+00:00","breadcrumb":{"@id":"https:\/\/belojardim.pe.leg.br\/portal\/aviso-de-interesse-de-contratacao-direta-sem-licitacao-e-coleta-de-cotacao-de-precos-6\/#breadcrumb"},"inLanguage":"pt-BR","potentialAction":[{"@type":"ReadAction","target":["https:\/\/belojardim.pe.leg.br\/portal\/aviso-de-interesse-de-contratacao-direta-sem-licitacao-e-coleta-de-cotacao-de-precos-6\/"]}]},{"@type":"ImageObject","inLanguage":"pt-BR","@id":"https:\/\/belojardim.pe.leg.br\/portal\/aviso-de-interesse-de-contratacao-direta-sem-licitacao-e-coleta-de-cotacao-de-precos-6\/#primaryimage","url":"https:\/\/belojardim.pe.leg.br\/portal\/wp-content\/uploads\/2022\/12\/cotacao.jpg","contentUrl":"https:\/\/belojardim.pe.leg.br\/portal\/wp-content\/uploads\/2022\/12\/cotacao.jpg","width":1655,"height":1182},{"@type":"BreadcrumbList","@id":"https:\/\/belojardim.pe.leg.br\/portal\/aviso-de-interesse-de-contratacao-direta-sem-licitacao-e-coleta-de-cotacao-de-precos-6\/#breadcrumb","itemListElement":[{"@type":"ListItem","position":1,"name":"In\u00edcio","item":"https:\/\/belojardim.pe.leg.br\/portal\/"},{"@type":"ListItem","position":2,"name":"AVISO DE INTERESSE DE CONTRATA\u00c7\u00c3O DIRETA SEM LICITA\u00c7\u00c3O E COLETA DE COTA\u00c7\u00c3O DE PRE\u00c7OS"}]},{"@type":"WebSite","@id":"https:\/\/belojardim.pe.leg.br\/portal\/#website","url":"https:\/\/belojardim.pe.leg.br\/portal\/","name":"C\u00e2mara Municipal de Belo Jardim","description":"Casa Cust\u00f3dio Ferreira Mergulh\u00e3o","publisher":{"@id":"https:\/\/belojardim.pe.leg.br\/portal\/#organization"},"potentialAction":[{"@type":"SearchAction","target":{"@type":"EntryPoint","urlTemplate":"https:\/\/belojardim.pe.leg.br\/portal\/?s={search_term_string}"},"query-input":{"@type":"PropertyValueSpecification","valueRequired":true,"valueName":"search_term_string"}}],"inLanguage":"pt-BR"},{"@type":"Organization","@id":"https:\/\/belojardim.pe.leg.br\/portal\/#organization","name":"C\u00e2mara Municipal de Belo Jardim","url":"https:\/\/belojardim.pe.leg.br\/portal\/","logo":{"@type":"ImageObject","inLanguage":"pt-BR","@id":"https:\/\/belojardim.pe.leg.br\/portal\/#\/schema\/logo\/image\/","url":"https:\/\/belojardim.pe.leg.br\/portal\/wp-content\/uploads\/2025\/02\/brasao_novo_camara.png","contentUrl":"https:\/\/belojardim.pe.leg.br\/portal\/wp-content\/uploads\/2025\/02\/brasao_novo_camara.png","width":7239,"height":1735,"caption":"C\u00e2mara Municipal de Belo Jardim"},"image":{"@id":"https:\/\/belojardim.pe.leg.br\/portal\/#\/schema\/logo\/image\/"}},{"@type":"Person","@id":"https:\/\/belojardim.pe.leg.br\/portal\/#\/schema\/person\/c089396bbdda28d0dc0dc2f55131a756","name":"admin","image":{"@type":"ImageObject","inLanguage":"pt-BR","@id":"https:\/\/belojardim.pe.leg.br\/portal\/#\/schema\/person\/image\/","url":"https:\/\/secure.gravatar.com\/avatar\/0dfaa2d7fc5134b8fe4778030bf6f957a5f7c7be5b9aa76789f37b9cfb962b32?s=96&d=mm&r=g","contentUrl":"https:\/\/secure.gravatar.com\/avatar\/0dfaa2d7fc5134b8fe4778030bf6f957a5f7c7be5b9aa76789f37b9cfb962b32?s=96&d=mm&r=g","caption":"admin"},"url":"https:\/\/belojardim.pe.leg.br\/portal\/author\/admin\/"}]}},"_links":{"self":[{"href":"https:\/\/belojardim.pe.leg.br\/portal\/wp-json\/wp\/v2\/posts\/12457","targetHints":{"allow":["GET"]}}],"collection":[{"href":"https:\/\/belojardim.pe.leg.br\/portal\/wp-json\/wp\/v2\/posts"}],"about":[{"href":"https:\/\/belojardim.pe.leg.br\/portal\/wp-json\/wp\/v2\/types\/post"}],"author":[{"embeddable":true,"href":"https:\/\/belojardim.pe.leg.br\/portal\/wp-json\/wp\/v2\/users\/1"}],"replies":[{"embeddable":true,"href":"https:\/\/belojardim.pe.leg.br\/portal\/wp-json\/wp\/v2\/comments?post=12457"}],"version-history":[{"count":3,"href":"https:\/\/belojardim.pe.leg.br\/portal\/wp-json\/wp\/v2\/posts\/12457\/revisions"}],"predecessor-version":[{"id":12467,"href":"https:\/\/belojardim.pe.leg.br\/portal\/wp-json\/wp\/v2\/posts\/12457\/revisions\/12467"}],"wp:featuredmedia":[{"embeddable":true,"href":"https:\/\/belojardim.pe.leg.br\/portal\/wp-json\/wp\/v2\/media\/12226"}],"wp:attachment":[{"href":"https:\/\/belojardim.pe.leg.br\/portal\/wp-json\/wp\/v2\/media?parent=12457"}],"wp:term":[{"taxonomy":"category","embeddable":true,"href":"https:\/\/belojardim.pe.leg.br\/portal\/wp-json\/wp\/v2\/categories?post=12457"},{"taxonomy":"post_tag","embeddable":true,"href":"https:\/\/belojardim.pe.leg.br\/portal\/wp-json\/wp\/v2\/tags?post=12457"}],"curies":[{"name":"wp","href":"https:\/\/api.w.org\/{rel}","templated":true}]}}