{"id":12423,"date":"2023-08-23T08:40:10","date_gmt":"2023-08-23T11:40:10","guid":{"rendered":"https:\/\/belojardim.pe.leg.br\/portal\/?p=12423"},"modified":"2023-08-23T21:45:28","modified_gmt":"2023-08-24T00:45:28","slug":"aviso-de-interesse-de-contratacao-direta-sem-licitacao-e-coleta-de-cotacao-de-precos-5","status":"publish","type":"post","link":"https:\/\/belojardim.pe.leg.br\/portal\/aviso-de-interesse-de-contratacao-direta-sem-licitacao-e-coleta-de-cotacao-de-precos-5\/","title":{"rendered":"AVISO DE INTERESSE DE CONTRATA\u00c7\u00c3O DIRETA SEM LICITA\u00c7\u00c3O E COLETA DE COTA\u00c7\u00c3O DE PRE\u00c7OS"},"content":{"rendered":"<p><strong>AVISO DE INTERESSE DE CONTRATA\u00c7\u00c3O DIRETA SEM LICITA\u00c7\u00c3O <\/strong><\/p>\n<p><strong>E COLETA DE COTA\u00c7\u00c3O DE PRE\u00c7OS<\/strong><\/p>\n<p><strong>PROCESSO ADMINISTRATIVO N\u00ba 012\/2023<\/strong><\/p>\n<p><strong>DISPENSA DE LICITA\u00c7\u00c3O N\u00b0 005\/2023<\/strong><\/p>\n<p>&nbsp;<\/p>\n<p><strong>A C\u00c2MARA MUNICIPAL DE BELO JARDIM-PE<\/strong>, em conformidade com o disposto no art. 75, II, \u00a7 3\u00ba da Lei n\u00ba 14.133, de 1\u00ba de abril de 2021, e no Decreto 11.317\/22, torna p\u00fablico que a administra\u00e7\u00e3o pretende realizar dispensa de licita\u00e7\u00e3o com vistas \u00e0 <strong>AQUISI\u00c7\u00c3O DE G\u00caNEROS ALIMENT\u00cdCIOS, MATERIAL DE LIMPEZA, HIGIENIZA\u00c7\u00c3O, COPA E COZINHA, PARA ATENDIMENTO DA DEMANDA DA C\u00c2MARA MUNICIPAL DE BELO JARDIM<\/strong>, pelo prazo compreendido entre os meses de agosto a dezembro de 2023, conforme itens, quantidades e especifica\u00e7\u00f5es m\u00ednimas estabelecidas no Termo de Refer\u00eancia (Anexo II), o qual pode ser acessado no seguinte endere\u00e7o eletr\u00f4nico: <a href=\"http:\/\/www.transparenciape.com.br\/CamaraBeloJardim\/cotacoes.php\">http:\/\/www.transparenciape.com.br\/CamaraBeloJardim\/cotacoes.php<\/a>. Valor estimado da contrata\u00e7\u00e3o \/ m\u00e1ximo admitido para a aquisi\u00e7\u00e3o dos 46 itens, nas quantidades estimadas: <strong>R$ 26.843,16 (vinte e seis mil oitocentos e quarenta e tr\u00eas reais e dezesseis centavos). <\/strong>As cota\u00e7\u00f5es dever\u00e3o ser apresentadas de acordo com o modelo contido no link http:\/\/www.transparenciape.com.br\/CamaraBeloJardim\/cotacoes.php, o fazendo entre os dias 23\/08\/2023 e 28\/08\/2023, \u00e0s 13:00h (hor\u00e1rio de Bras\u00edlia), e encaminhadas no e-mail: cotacoes@belojardim.pe.leg.br.<\/p>\n<p style=\"text-align: center;\">Belo Jardim-PE, 23 de agosto de 2023.<\/p>\n<p style=\"text-align: center;\"><strong>J\u00daLIO AUGUSTO DE SOUZA CARVALHO<br \/>\n<\/strong>Presidente da CPL | Agente de Contrata\u00e7\u00e3o<\/p>\n<p style=\"text-align: left;\"><a href=\"https:\/\/belojardim.pe.leg.br\/portal\/wp-content\/uploads\/2023\/08\/1.-Extrato-de-Aviso-Recepcao-das-Cotacoes.pdf\">1. Extrato de Aviso &#8211; Recep\u00e7\u00e3o das Cota\u00e7\u00f5es.<\/a><\/p>\n<p style=\"text-align: left;\"><a href=\"https:\/\/belojardim.pe.leg.br\/portal\/wp-content\/uploads\/2023\/08\/2.-Aviso-de-Cotacoes-e-Procedimentos-de-Selecao.pdf\"> 2. Aviso de Cota\u00e7\u00f5es e Procedimentos de Sele\u00e7\u00e3o. <\/a><\/p>\n<p style=\"text-align: left;\"><a href=\"https:\/\/belojardim.pe.leg.br\/portal\/wp-content\/uploads\/2023\/08\/Anexo-I-A.-Documento-de-Formalizacao-da-Demanda-DFD.pdf\">Anexo I-A. Documento de Formaliza\u00e7\u00e3o da Demanda (DFD) <\/a><\/p>\n<p style=\"text-align: left;\"><a href=\"https:\/\/belojardim.pe.leg.br\/portal\/wp-content\/uploads\/2023\/08\/Anexo-I-B.-Estudo-Tecnico-Preliminar.pdf\">Anexo I-B. Estudo T\u00e9cnico Preliminar <\/a><\/p>\n<p style=\"text-align: left;\"><a href=\"https:\/\/belojardim.pe.leg.br\/portal\/wp-content\/uploads\/2023\/08\/Anexo-II-Termo-de-Referencia.pdf\">Anexo II- Termo de Refer\u00eancia. <\/a><\/p>\n<p style=\"text-align: left;\"><a href=\"https:\/\/belojardim.pe.leg.br\/portal\/wp-content\/uploads\/2023\/08\/ANEXO-III-Exigencias-documentais.pdf\">ANEXO III &#8211; Exig\u00eancias documentais. <\/a><\/p>\n<p style=\"text-align: left;\"><a href=\"https:\/\/belojardim.pe.leg.br\/portal\/wp-content\/uploads\/2023\/08\/ANEXO-IV-Minuta-de-Contrato-direto.pdf\">ANEXO IV &#8211; Minuta de Contrato direto. <\/a><\/p>\n<p style=\"text-align: left;\"><a href=\"https:\/\/belojardim.pe.leg.br\/portal\/wp-content\/uploads\/2023\/08\/Anexo-V-Modelo-de-Cotacao-de-Precos.pdf\">Anexo V &#8211; Modelo de Cota\u00e7\u00e3o de Pre\u00e7os.<\/a><\/p>\n<p>&nbsp;<\/p>\n","protected":false},"excerpt":{"rendered":"<p>AVISO DE INTERESSE DE CONTRATA\u00c7\u00c3O DIRETA SEM LICITA\u00c7\u00c3O E COLETA DE COTA\u00c7\u00c3O DE PRE\u00c7OS PROCESSO ADMINISTRATIVO N\u00ba 012\/2023 DISPENSA DE LICITA\u00c7\u00c3O N\u00b0 005\/2023 &nbsp; A&#8230;<\/p>\n","protected":false},"author":1,"featured_media":12226,"comment_status":"open","ping_status":"open","sticky":false,"template":"","format":"standard","meta":{"footnotes":""},"categories":[137],"tags":[],"class_list":["post-12423","post","type-post","status-publish","format-standard","has-post-thumbnail","hentry","category-cotacoes","wpcat-137-id"],"yoast_head":"<!-- This site is optimized with the Yoast SEO plugin v25.1 - https:\/\/yoast.com\/wordpress\/plugins\/seo\/ -->\n<title>AVISO DE INTERESSE DE CONTRATA\u00c7\u00c3O DIRETA SEM LICITA\u00c7\u00c3O E COLETA DE COTA\u00c7\u00c3O DE PRE\u00c7OS - C\u00e2mara Municipal de Belo Jardim<\/title>\n<meta name=\"robots\" content=\"index, follow, max-snippet:-1, max-image-preview:large, max-video-preview:-1\" \/>\n<link rel=\"canonical\" href=\"https:\/\/belojardim.pe.leg.br\/portal\/aviso-de-interesse-de-contratacao-direta-sem-licitacao-e-coleta-de-cotacao-de-precos-5\/\" \/>\n<meta property=\"og:locale\" content=\"pt_BR\" \/>\n<meta property=\"og:type\" content=\"article\" \/>\n<meta property=\"og:title\" content=\"AVISO DE INTERESSE DE CONTRATA\u00c7\u00c3O DIRETA SEM LICITA\u00c7\u00c3O E COLETA DE COTA\u00c7\u00c3O DE PRE\u00c7OS - C\u00e2mara Municipal de Belo Jardim\" \/>\n<meta property=\"og:description\" content=\"AVISO DE INTERESSE DE CONTRATA\u00c7\u00c3O DIRETA SEM LICITA\u00c7\u00c3O E COLETA DE COTA\u00c7\u00c3O DE PRE\u00c7OS PROCESSO ADMINISTRATIVO N\u00ba 012\/2023 DISPENSA DE LICITA\u00c7\u00c3O N\u00b0 005\/2023 &nbsp; A...\" \/>\n<meta property=\"og:url\" content=\"https:\/\/belojardim.pe.leg.br\/portal\/aviso-de-interesse-de-contratacao-direta-sem-licitacao-e-coleta-de-cotacao-de-precos-5\/\" \/>\n<meta property=\"og:site_name\" content=\"C\u00e2mara Municipal de Belo Jardim\" \/>\n<meta property=\"article:published_time\" content=\"2023-08-23T11:40:10+00:00\" \/>\n<meta property=\"article:modified_time\" content=\"2023-08-24T00:45:28+00:00\" \/>\n<meta property=\"og:image\" content=\"https:\/\/belojardim.pe.leg.br\/portal\/wp-content\/uploads\/2022\/12\/cotacao.jpg\" \/>\n\t<meta property=\"og:image:width\" content=\"1655\" \/>\n\t<meta property=\"og:image:height\" content=\"1182\" \/>\n\t<meta property=\"og:image:type\" content=\"image\/jpeg\" \/>\n<meta name=\"author\" content=\"admin\" \/>\n<meta name=\"twitter:card\" content=\"summary_large_image\" \/>\n<meta name=\"twitter:label1\" content=\"Escrito por\" \/>\n\t<meta name=\"twitter:data1\" content=\"admin\" \/>\n\t<meta name=\"twitter:label2\" content=\"Est. tempo de leitura\" \/>\n\t<meta name=\"twitter:data2\" content=\"2 minutos\" \/>\n<script type=\"application\/ld+json\" class=\"yoast-schema-graph\">{\"@context\":\"https:\/\/schema.org\",\"@graph\":[{\"@type\":\"Article\",\"@id\":\"https:\/\/belojardim.pe.leg.br\/portal\/aviso-de-interesse-de-contratacao-direta-sem-licitacao-e-coleta-de-cotacao-de-precos-5\/#article\",\"isPartOf\":{\"@id\":\"https:\/\/belojardim.pe.leg.br\/portal\/aviso-de-interesse-de-contratacao-direta-sem-licitacao-e-coleta-de-cotacao-de-precos-5\/\"},\"author\":{\"name\":\"admin\",\"@id\":\"https:\/\/belojardim.pe.leg.br\/portal\/#\/schema\/person\/c089396bbdda28d0dc0dc2f55131a756\"},\"headline\":\"AVISO DE INTERESSE DE CONTRATA\u00c7\u00c3O DIRETA SEM LICITA\u00c7\u00c3O E COLETA DE COTA\u00c7\u00c3O DE PRE\u00c7OS\",\"datePublished\":\"2023-08-23T11:40:10+00:00\",\"dateModified\":\"2023-08-24T00:45:28+00:00\",\"mainEntityOfPage\":{\"@id\":\"https:\/\/belojardim.pe.leg.br\/portal\/aviso-de-interesse-de-contratacao-direta-sem-licitacao-e-coleta-de-cotacao-de-precos-5\/\"},\"wordCount\":315,\"commentCount\":0,\"publisher\":{\"@id\":\"https:\/\/belojardim.pe.leg.br\/portal\/#organization\"},\"image\":{\"@id\":\"https:\/\/belojardim.pe.leg.br\/portal\/aviso-de-interesse-de-contratacao-direta-sem-licitacao-e-coleta-de-cotacao-de-precos-5\/#primaryimage\"},\"thumbnailUrl\":\"https:\/\/belojardim.pe.leg.br\/portal\/wp-content\/uploads\/2022\/12\/cotacao.jpg\",\"articleSection\":[\"Cota\u00e7\u00f5es\"],\"inLanguage\":\"pt-BR\",\"potentialAction\":[{\"@type\":\"CommentAction\",\"name\":\"Comment\",\"target\":[\"https:\/\/belojardim.pe.leg.br\/portal\/aviso-de-interesse-de-contratacao-direta-sem-licitacao-e-coleta-de-cotacao-de-precos-5\/#respond\"]}]},{\"@type\":\"WebPage\",\"@id\":\"https:\/\/belojardim.pe.leg.br\/portal\/aviso-de-interesse-de-contratacao-direta-sem-licitacao-e-coleta-de-cotacao-de-precos-5\/\",\"url\":\"https:\/\/belojardim.pe.leg.br\/portal\/aviso-de-interesse-de-contratacao-direta-sem-licitacao-e-coleta-de-cotacao-de-precos-5\/\",\"name\":\"AVISO DE INTERESSE DE CONTRATA\u00c7\u00c3O DIRETA SEM LICITA\u00c7\u00c3O E COLETA DE COTA\u00c7\u00c3O DE PRE\u00c7OS - C\u00e2mara Municipal de Belo Jardim\",\"isPartOf\":{\"@id\":\"https:\/\/belojardim.pe.leg.br\/portal\/#website\"},\"primaryImageOfPage\":{\"@id\":\"https:\/\/belojardim.pe.leg.br\/portal\/aviso-de-interesse-de-contratacao-direta-sem-licitacao-e-coleta-de-cotacao-de-precos-5\/#primaryimage\"},\"image\":{\"@id\":\"https:\/\/belojardim.pe.leg.br\/portal\/aviso-de-interesse-de-contratacao-direta-sem-licitacao-e-coleta-de-cotacao-de-precos-5\/#primaryimage\"},\"thumbnailUrl\":\"https:\/\/belojardim.pe.leg.br\/portal\/wp-content\/uploads\/2022\/12\/cotacao.jpg\",\"datePublished\":\"2023-08-23T11:40:10+00:00\",\"dateModified\":\"2023-08-24T00:45:28+00:00\",\"breadcrumb\":{\"@id\":\"https:\/\/belojardim.pe.leg.br\/portal\/aviso-de-interesse-de-contratacao-direta-sem-licitacao-e-coleta-de-cotacao-de-precos-5\/#breadcrumb\"},\"inLanguage\":\"pt-BR\",\"potentialAction\":[{\"@type\":\"ReadAction\",\"target\":[\"https:\/\/belojardim.pe.leg.br\/portal\/aviso-de-interesse-de-contratacao-direta-sem-licitacao-e-coleta-de-cotacao-de-precos-5\/\"]}]},{\"@type\":\"ImageObject\",\"inLanguage\":\"pt-BR\",\"@id\":\"https:\/\/belojardim.pe.leg.br\/portal\/aviso-de-interesse-de-contratacao-direta-sem-licitacao-e-coleta-de-cotacao-de-precos-5\/#primaryimage\",\"url\":\"https:\/\/belojardim.pe.leg.br\/portal\/wp-content\/uploads\/2022\/12\/cotacao.jpg\",\"contentUrl\":\"https:\/\/belojardim.pe.leg.br\/portal\/wp-content\/uploads\/2022\/12\/cotacao.jpg\",\"width\":1655,\"height\":1182},{\"@type\":\"BreadcrumbList\",\"@id\":\"https:\/\/belojardim.pe.leg.br\/portal\/aviso-de-interesse-de-contratacao-direta-sem-licitacao-e-coleta-de-cotacao-de-precos-5\/#breadcrumb\",\"itemListElement\":[{\"@type\":\"ListItem\",\"position\":1,\"name\":\"In\u00edcio\",\"item\":\"https:\/\/belojardim.pe.leg.br\/portal\/\"},{\"@type\":\"ListItem\",\"position\":2,\"name\":\"AVISO DE INTERESSE DE CONTRATA\u00c7\u00c3O DIRETA SEM LICITA\u00c7\u00c3O E COLETA DE COTA\u00c7\u00c3O DE PRE\u00c7OS\"}]},{\"@type\":\"WebSite\",\"@id\":\"https:\/\/belojardim.pe.leg.br\/portal\/#website\",\"url\":\"https:\/\/belojardim.pe.leg.br\/portal\/\",\"name\":\"C\u00e2mara Municipal de Belo Jardim\",\"description\":\"Casa Cust\u00f3dio Ferreira Mergulh\u00e3o\",\"publisher\":{\"@id\":\"https:\/\/belojardim.pe.leg.br\/portal\/#organization\"},\"potentialAction\":[{\"@type\":\"SearchAction\",\"target\":{\"@type\":\"EntryPoint\",\"urlTemplate\":\"https:\/\/belojardim.pe.leg.br\/portal\/?s={search_term_string}\"},\"query-input\":{\"@type\":\"PropertyValueSpecification\",\"valueRequired\":true,\"valueName\":\"search_term_string\"}}],\"inLanguage\":\"pt-BR\"},{\"@type\":\"Organization\",\"@id\":\"https:\/\/belojardim.pe.leg.br\/portal\/#organization\",\"name\":\"C\u00e2mara Municipal de Belo Jardim\",\"url\":\"https:\/\/belojardim.pe.leg.br\/portal\/\",\"logo\":{\"@type\":\"ImageObject\",\"inLanguage\":\"pt-BR\",\"@id\":\"https:\/\/belojardim.pe.leg.br\/portal\/#\/schema\/logo\/image\/\",\"url\":\"https:\/\/belojardim.pe.leg.br\/portal\/wp-content\/uploads\/2025\/02\/brasao_novo_camara.png\",\"contentUrl\":\"https:\/\/belojardim.pe.leg.br\/portal\/wp-content\/uploads\/2025\/02\/brasao_novo_camara.png\",\"width\":7239,\"height\":1735,\"caption\":\"C\u00e2mara Municipal de Belo Jardim\"},\"image\":{\"@id\":\"https:\/\/belojardim.pe.leg.br\/portal\/#\/schema\/logo\/image\/\"}},{\"@type\":\"Person\",\"@id\":\"https:\/\/belojardim.pe.leg.br\/portal\/#\/schema\/person\/c089396bbdda28d0dc0dc2f55131a756\",\"name\":\"admin\",\"image\":{\"@type\":\"ImageObject\",\"inLanguage\":\"pt-BR\",\"@id\":\"https:\/\/belojardim.pe.leg.br\/portal\/#\/schema\/person\/image\/\",\"url\":\"https:\/\/secure.gravatar.com\/avatar\/0dfaa2d7fc5134b8fe4778030bf6f957a5f7c7be5b9aa76789f37b9cfb962b32?s=96&d=mm&r=g\",\"contentUrl\":\"https:\/\/secure.gravatar.com\/avatar\/0dfaa2d7fc5134b8fe4778030bf6f957a5f7c7be5b9aa76789f37b9cfb962b32?s=96&d=mm&r=g\",\"caption\":\"admin\"},\"url\":\"https:\/\/belojardim.pe.leg.br\/portal\/author\/admin\/\"}]}<\/script>\n<!-- \/ Yoast SEO plugin. -->","yoast_head_json":{"title":"AVISO DE INTERESSE DE CONTRATA\u00c7\u00c3O DIRETA SEM LICITA\u00c7\u00c3O E COLETA DE COTA\u00c7\u00c3O DE PRE\u00c7OS - C\u00e2mara Municipal de Belo Jardim","robots":{"index":"index","follow":"follow","max-snippet":"max-snippet:-1","max-image-preview":"max-image-preview:large","max-video-preview":"max-video-preview:-1"},"canonical":"https:\/\/belojardim.pe.leg.br\/portal\/aviso-de-interesse-de-contratacao-direta-sem-licitacao-e-coleta-de-cotacao-de-precos-5\/","og_locale":"pt_BR","og_type":"article","og_title":"AVISO DE INTERESSE DE CONTRATA\u00c7\u00c3O DIRETA SEM LICITA\u00c7\u00c3O E COLETA DE COTA\u00c7\u00c3O DE PRE\u00c7OS - C\u00e2mara Municipal de Belo Jardim","og_description":"AVISO DE INTERESSE DE CONTRATA\u00c7\u00c3O DIRETA SEM LICITA\u00c7\u00c3O E COLETA DE COTA\u00c7\u00c3O DE PRE\u00c7OS PROCESSO ADMINISTRATIVO N\u00ba 012\/2023 DISPENSA DE LICITA\u00c7\u00c3O N\u00b0 005\/2023 &nbsp; A...","og_url":"https:\/\/belojardim.pe.leg.br\/portal\/aviso-de-interesse-de-contratacao-direta-sem-licitacao-e-coleta-de-cotacao-de-precos-5\/","og_site_name":"C\u00e2mara Municipal de Belo Jardim","article_published_time":"2023-08-23T11:40:10+00:00","article_modified_time":"2023-08-24T00:45:28+00:00","og_image":[{"width":1655,"height":1182,"url":"https:\/\/belojardim.pe.leg.br\/portal\/wp-content\/uploads\/2022\/12\/cotacao.jpg","type":"image\/jpeg"}],"author":"admin","twitter_card":"summary_large_image","twitter_misc":{"Escrito por":"admin","Est. tempo de leitura":"2 minutos"},"schema":{"@context":"https:\/\/schema.org","@graph":[{"@type":"Article","@id":"https:\/\/belojardim.pe.leg.br\/portal\/aviso-de-interesse-de-contratacao-direta-sem-licitacao-e-coleta-de-cotacao-de-precos-5\/#article","isPartOf":{"@id":"https:\/\/belojardim.pe.leg.br\/portal\/aviso-de-interesse-de-contratacao-direta-sem-licitacao-e-coleta-de-cotacao-de-precos-5\/"},"author":{"name":"admin","@id":"https:\/\/belojardim.pe.leg.br\/portal\/#\/schema\/person\/c089396bbdda28d0dc0dc2f55131a756"},"headline":"AVISO DE INTERESSE DE CONTRATA\u00c7\u00c3O DIRETA SEM LICITA\u00c7\u00c3O E COLETA DE COTA\u00c7\u00c3O DE PRE\u00c7OS","datePublished":"2023-08-23T11:40:10+00:00","dateModified":"2023-08-24T00:45:28+00:00","mainEntityOfPage":{"@id":"https:\/\/belojardim.pe.leg.br\/portal\/aviso-de-interesse-de-contratacao-direta-sem-licitacao-e-coleta-de-cotacao-de-precos-5\/"},"wordCount":315,"commentCount":0,"publisher":{"@id":"https:\/\/belojardim.pe.leg.br\/portal\/#organization"},"image":{"@id":"https:\/\/belojardim.pe.leg.br\/portal\/aviso-de-interesse-de-contratacao-direta-sem-licitacao-e-coleta-de-cotacao-de-precos-5\/#primaryimage"},"thumbnailUrl":"https:\/\/belojardim.pe.leg.br\/portal\/wp-content\/uploads\/2022\/12\/cotacao.jpg","articleSection":["Cota\u00e7\u00f5es"],"inLanguage":"pt-BR","potentialAction":[{"@type":"CommentAction","name":"Comment","target":["https:\/\/belojardim.pe.leg.br\/portal\/aviso-de-interesse-de-contratacao-direta-sem-licitacao-e-coleta-de-cotacao-de-precos-5\/#respond"]}]},{"@type":"WebPage","@id":"https:\/\/belojardim.pe.leg.br\/portal\/aviso-de-interesse-de-contratacao-direta-sem-licitacao-e-coleta-de-cotacao-de-precos-5\/","url":"https:\/\/belojardim.pe.leg.br\/portal\/aviso-de-interesse-de-contratacao-direta-sem-licitacao-e-coleta-de-cotacao-de-precos-5\/","name":"AVISO DE INTERESSE DE CONTRATA\u00c7\u00c3O DIRETA SEM LICITA\u00c7\u00c3O E COLETA DE COTA\u00c7\u00c3O DE PRE\u00c7OS - C\u00e2mara Municipal de Belo Jardim","isPartOf":{"@id":"https:\/\/belojardim.pe.leg.br\/portal\/#website"},"primaryImageOfPage":{"@id":"https:\/\/belojardim.pe.leg.br\/portal\/aviso-de-interesse-de-contratacao-direta-sem-licitacao-e-coleta-de-cotacao-de-precos-5\/#primaryimage"},"image":{"@id":"https:\/\/belojardim.pe.leg.br\/portal\/aviso-de-interesse-de-contratacao-direta-sem-licitacao-e-coleta-de-cotacao-de-precos-5\/#primaryimage"},"thumbnailUrl":"https:\/\/belojardim.pe.leg.br\/portal\/wp-content\/uploads\/2022\/12\/cotacao.jpg","datePublished":"2023-08-23T11:40:10+00:00","dateModified":"2023-08-24T00:45:28+00:00","breadcrumb":{"@id":"https:\/\/belojardim.pe.leg.br\/portal\/aviso-de-interesse-de-contratacao-direta-sem-licitacao-e-coleta-de-cotacao-de-precos-5\/#breadcrumb"},"inLanguage":"pt-BR","potentialAction":[{"@type":"ReadAction","target":["https:\/\/belojardim.pe.leg.br\/portal\/aviso-de-interesse-de-contratacao-direta-sem-licitacao-e-coleta-de-cotacao-de-precos-5\/"]}]},{"@type":"ImageObject","inLanguage":"pt-BR","@id":"https:\/\/belojardim.pe.leg.br\/portal\/aviso-de-interesse-de-contratacao-direta-sem-licitacao-e-coleta-de-cotacao-de-precos-5\/#primaryimage","url":"https:\/\/belojardim.pe.leg.br\/portal\/wp-content\/uploads\/2022\/12\/cotacao.jpg","contentUrl":"https:\/\/belojardim.pe.leg.br\/portal\/wp-content\/uploads\/2022\/12\/cotacao.jpg","width":1655,"height":1182},{"@type":"BreadcrumbList","@id":"https:\/\/belojardim.pe.leg.br\/portal\/aviso-de-interesse-de-contratacao-direta-sem-licitacao-e-coleta-de-cotacao-de-precos-5\/#breadcrumb","itemListElement":[{"@type":"ListItem","position":1,"name":"In\u00edcio","item":"https:\/\/belojardim.pe.leg.br\/portal\/"},{"@type":"ListItem","position":2,"name":"AVISO DE INTERESSE DE CONTRATA\u00c7\u00c3O DIRETA SEM LICITA\u00c7\u00c3O E COLETA DE COTA\u00c7\u00c3O DE PRE\u00c7OS"}]},{"@type":"WebSite","@id":"https:\/\/belojardim.pe.leg.br\/portal\/#website","url":"https:\/\/belojardim.pe.leg.br\/portal\/","name":"C\u00e2mara Municipal de Belo Jardim","description":"Casa Cust\u00f3dio Ferreira Mergulh\u00e3o","publisher":{"@id":"https:\/\/belojardim.pe.leg.br\/portal\/#organization"},"potentialAction":[{"@type":"SearchAction","target":{"@type":"EntryPoint","urlTemplate":"https:\/\/belojardim.pe.leg.br\/portal\/?s={search_term_string}"},"query-input":{"@type":"PropertyValueSpecification","valueRequired":true,"valueName":"search_term_string"}}],"inLanguage":"pt-BR"},{"@type":"Organization","@id":"https:\/\/belojardim.pe.leg.br\/portal\/#organization","name":"C\u00e2mara Municipal de Belo Jardim","url":"https:\/\/belojardim.pe.leg.br\/portal\/","logo":{"@type":"ImageObject","inLanguage":"pt-BR","@id":"https:\/\/belojardim.pe.leg.br\/portal\/#\/schema\/logo\/image\/","url":"https:\/\/belojardim.pe.leg.br\/portal\/wp-content\/uploads\/2025\/02\/brasao_novo_camara.png","contentUrl":"https:\/\/belojardim.pe.leg.br\/portal\/wp-content\/uploads\/2025\/02\/brasao_novo_camara.png","width":7239,"height":1735,"caption":"C\u00e2mara Municipal de Belo Jardim"},"image":{"@id":"https:\/\/belojardim.pe.leg.br\/portal\/#\/schema\/logo\/image\/"}},{"@type":"Person","@id":"https:\/\/belojardim.pe.leg.br\/portal\/#\/schema\/person\/c089396bbdda28d0dc0dc2f55131a756","name":"admin","image":{"@type":"ImageObject","inLanguage":"pt-BR","@id":"https:\/\/belojardim.pe.leg.br\/portal\/#\/schema\/person\/image\/","url":"https:\/\/secure.gravatar.com\/avatar\/0dfaa2d7fc5134b8fe4778030bf6f957a5f7c7be5b9aa76789f37b9cfb962b32?s=96&d=mm&r=g","contentUrl":"https:\/\/secure.gravatar.com\/avatar\/0dfaa2d7fc5134b8fe4778030bf6f957a5f7c7be5b9aa76789f37b9cfb962b32?s=96&d=mm&r=g","caption":"admin"},"url":"https:\/\/belojardim.pe.leg.br\/portal\/author\/admin\/"}]}},"_links":{"self":[{"href":"https:\/\/belojardim.pe.leg.br\/portal\/wp-json\/wp\/v2\/posts\/12423","targetHints":{"allow":["GET"]}}],"collection":[{"href":"https:\/\/belojardim.pe.leg.br\/portal\/wp-json\/wp\/v2\/posts"}],"about":[{"href":"https:\/\/belojardim.pe.leg.br\/portal\/wp-json\/wp\/v2\/types\/post"}],"author":[{"embeddable":true,"href":"https:\/\/belojardim.pe.leg.br\/portal\/wp-json\/wp\/v2\/users\/1"}],"replies":[{"embeddable":true,"href":"https:\/\/belojardim.pe.leg.br\/portal\/wp-json\/wp\/v2\/comments?post=12423"}],"version-history":[{"count":3,"href":"https:\/\/belojardim.pe.leg.br\/portal\/wp-json\/wp\/v2\/posts\/12423\/revisions"}],"predecessor-version":[{"id":12434,"href":"https:\/\/belojardim.pe.leg.br\/portal\/wp-json\/wp\/v2\/posts\/12423\/revisions\/12434"}],"wp:featuredmedia":[{"embeddable":true,"href":"https:\/\/belojardim.pe.leg.br\/portal\/wp-json\/wp\/v2\/media\/12226"}],"wp:attachment":[{"href":"https:\/\/belojardim.pe.leg.br\/portal\/wp-json\/wp\/v2\/media?parent=12423"}],"wp:term":[{"taxonomy":"category","embeddable":true,"href":"https:\/\/belojardim.pe.leg.br\/portal\/wp-json\/wp\/v2\/categories?post=12423"},{"taxonomy":"post_tag","embeddable":true,"href":"https:\/\/belojardim.pe.leg.br\/portal\/wp-json\/wp\/v2\/tags?post=12423"}],"curies":[{"name":"wp","href":"https:\/\/api.w.org\/{rel}","templated":true}]}}