{"id":12225,"date":"2022-12-01T08:00:33","date_gmt":"2022-12-01T11:00:33","guid":{"rendered":"https:\/\/belojardim.pe.leg.br\/portal\/?p=12225"},"modified":"2022-12-27T10:25:40","modified_gmt":"2022-12-27T13:25:40","slug":"aviso-de-cotacao-eletronica","status":"publish","type":"post","link":"https:\/\/belojardim.pe.leg.br\/portal\/aviso-de-cotacao-eletronica\/","title":{"rendered":"AVISO DE COTA\u00c7\u00c3O ELETR\u00d4NICA"},"content":{"rendered":"<p style=\"text-align: center;\"><strong>PROCESSO ADMINISTRATIVO N\u00ba 006\/2022<\/strong><\/p>\n<p style=\"text-align: center;\"><strong>DISPENSA DE LICITA\u00c7\u00c3O N\u00b0 002\/2022<\/strong><\/p>\n<p><strong>A<\/strong> <strong>C\u00e2mara Municipal de Belo Jardim-PE<\/strong>, em conformidade com o disposto no art. 75, II, \u00a7 3\u00ba da Lei n\u00ba 14.133, de 1\u00ba de abril de 2021, e no Decreto 10.922\/21, torna p\u00fablico que a C\u00e2mara pretende realizar dispensa de licita\u00e7\u00e3o para <strong>AQUISI\u00c7\u00c3O DE G\u00caNEROS ALIMENT\u00cdCIOS, MATERIAL DE LIMPEZA E HIGIENIZA\u00c7\u00c3O, COPA E COZINHA PARA ACAUTELAR A DEMANDA DE DEZEMBRO DE 2022 E GARANTIR A FORMA\u00c7\u00c3O DE ESTOQUE PARA O M\u00caS DE JANEIRO DE 2023<\/strong>, conforme itens, quantidades e especifica\u00e7\u00f5es m\u00ednimas estabelecidas no modelo referencial de Cota\u00e7\u00e3o de Pre\u00e7os em anexo, o qual pode ser acessado no link<\/p>\n<p style=\"text-align: center;\"><a href=\"http:\/\/www.transparenciape.com.br\/CamaraBeloJardim\/cotacoes.php\" target=\"_blank\" rel=\"noopener\"><strong>http:\/\/www.transparenciape.com.br\/CamaraBeloJardim\/cotacoes.php<\/strong><\/a><\/p>\n<p>Valor estimado de contrata\u00e7\u00e3o \/ m\u00e1ximo admitido: R$ 4.446,10 (Quatro mil, quatrocentos e quarenta e seis reais com dez centavos). As cota\u00e7\u00f5es dever\u00e3o ser apresentadas de acordo com o modelo contido no link abaixo, o fazendo at\u00e9 o dia 06\/12\/2022, \u00e0s 13:00h (hor\u00e1rio de Bras\u00edlia), e encaminhadas no e-mail: cotacoes@belojardim.pe.leg.br.<\/p>\n<p style=\"text-align: center;\"><a href=\"https:\/\/transparencia.belojardim.pe.leg.br\/sied\/arquivos\/4\/cotacao\/Arquivo%201.pdf\" target=\"_blank\" rel=\"noopener\">ACESSE AQUI O MODELO REFERENCIAL DE COTA\u00c7\u00c3O DE PRE\u00c7OS.<\/a><\/p>\n<p style=\"text-align: center;\">Belo Jardim, 1\u00ba de dezembro de 2022.<\/p>\n<p style=\"text-align: center;\"><strong>JOS\u00c9 LOPES SILVEIRA<br \/>\nPresidente<\/strong><\/p>\n<p>&nbsp;<\/p>\n<p><a href=\"https:\/\/belojardim.pe.leg.br\/portal\/wp-content\/uploads\/2022\/12\/Anexo-I-A.-Documento-de-Formalizacao-da-Demanda-DFD.pdf\" target=\"_blank\" rel=\"noopener\">Anexo I-A. Documento de Formaliza\u00e7\u00e3o da Demanda (DFD)<\/a><\/p>\n<p><a href=\"https:\/\/belojardim.pe.leg.br\/portal\/wp-content\/uploads\/2022\/12\/Anexo-I-B.-Estudo-Tecnico-Preliminar.pdf\" target=\"_blank\" rel=\"noopener\">Anexo I-B. Estudo T\u00e9cnico Preliminar<\/a><\/p>\n<p><a href=\"https:\/\/belojardim.pe.leg.br\/portal\/wp-content\/uploads\/2022\/12\/Anexo-II-Termo-de-Referencia..pdf\" target=\"_blank\" rel=\"noopener\">Anexo II- Termo de Refer\u00eancia.<\/a><\/p>\n<p><a href=\"https:\/\/belojardim.pe.leg.br\/portal\/wp-content\/uploads\/2022\/12\/ANEXO-III-Exigencias-documentais..pdf\" target=\"_blank\" rel=\"noopener\">ANEXO III &#8211; Exig\u00eancias documentais.<\/a><\/p>\n<p><a href=\"https:\/\/belojardim.pe.leg.br\/portal\/wp-content\/uploads\/2022\/12\/ANEXO-IV-Minuta-de-Contrato-direto..pdf\" target=\"_blank\" rel=\"noopener\">ANEXO IV &#8211; Minuta de Contrato direto.<\/a><\/p>\n<p><a href=\"https:\/\/belojardim.pe.leg.br\/portal\/wp-content\/uploads\/2022\/12\/Anexo-V-Modelo-de-Cotacao-de-Precos..pdf\" target=\"_blank\" rel=\"noopener\">Anexo V &#8211; Modelo de Cota\u00e7\u00e3o de Pre\u00e7os.<\/a><\/p>\n","protected":false},"excerpt":{"rendered":"<p>PROCESSO ADMINISTRATIVO N\u00ba 006\/2022 DISPENSA DE LICITA\u00c7\u00c3O N\u00b0 002\/2022 A C\u00e2mara Municipal de Belo Jardim-PE, em conformidade com o disposto no art. 75, II, \u00a7&#8230;<\/p>\n","protected":false},"author":1,"featured_media":12226,"comment_status":"open","ping_status":"open","sticky":false,"template":"","format":"standard","meta":{"footnotes":""},"categories":[137],"tags":[],"class_list":["post-12225","post","type-post","status-publish","format-standard","has-post-thumbnail","hentry","category-cotacoes","wpcat-137-id"],"yoast_head":"<!-- This site is optimized with the Yoast SEO plugin v25.1 - https:\/\/yoast.com\/wordpress\/plugins\/seo\/ -->\n<title>AVISO DE COTA\u00c7\u00c3O ELETR\u00d4NICA - C\u00e2mara Municipal de Belo Jardim<\/title>\n<meta name=\"robots\" content=\"index, follow, max-snippet:-1, max-image-preview:large, max-video-preview:-1\" \/>\n<link rel=\"canonical\" href=\"https:\/\/belojardim.pe.leg.br\/portal\/aviso-de-cotacao-eletronica\/\" \/>\n<meta property=\"og:locale\" content=\"pt_BR\" \/>\n<meta property=\"og:type\" content=\"article\" \/>\n<meta property=\"og:title\" content=\"AVISO DE COTA\u00c7\u00c3O ELETR\u00d4NICA - C\u00e2mara Municipal de Belo Jardim\" \/>\n<meta property=\"og:description\" content=\"PROCESSO ADMINISTRATIVO N\u00ba 006\/2022 DISPENSA DE LICITA\u00c7\u00c3O N\u00b0 002\/2022 A C\u00e2mara Municipal de Belo Jardim-PE, em conformidade com o disposto no art. 75, II, \u00a7...\" \/>\n<meta property=\"og:url\" content=\"https:\/\/belojardim.pe.leg.br\/portal\/aviso-de-cotacao-eletronica\/\" \/>\n<meta property=\"og:site_name\" content=\"C\u00e2mara Municipal de Belo Jardim\" \/>\n<meta property=\"article:published_time\" content=\"2022-12-01T11:00:33+00:00\" \/>\n<meta property=\"article:modified_time\" content=\"2022-12-27T13:25:40+00:00\" \/>\n<meta property=\"og:image\" content=\"https:\/\/belojardim.pe.leg.br\/portal\/wp-content\/uploads\/2022\/12\/cotacao.jpg\" \/>\n\t<meta property=\"og:image:width\" content=\"1655\" \/>\n\t<meta property=\"og:image:height\" content=\"1182\" \/>\n\t<meta property=\"og:image:type\" content=\"image\/jpeg\" \/>\n<meta name=\"author\" content=\"admin\" \/>\n<meta name=\"twitter:card\" content=\"summary_large_image\" \/>\n<meta name=\"twitter:label1\" content=\"Escrito por\" \/>\n\t<meta name=\"twitter:data1\" content=\"admin\" \/>\n\t<meta name=\"twitter:label2\" content=\"Est. tempo de leitura\" \/>\n\t<meta name=\"twitter:data2\" content=\"2 minutos\" \/>\n<script type=\"application\/ld+json\" class=\"yoast-schema-graph\">{\"@context\":\"https:\/\/schema.org\",\"@graph\":[{\"@type\":\"Article\",\"@id\":\"https:\/\/belojardim.pe.leg.br\/portal\/aviso-de-cotacao-eletronica\/#article\",\"isPartOf\":{\"@id\":\"https:\/\/belojardim.pe.leg.br\/portal\/aviso-de-cotacao-eletronica\/\"},\"author\":{\"name\":\"admin\",\"@id\":\"https:\/\/belojardim.pe.leg.br\/portal\/#\/schema\/person\/c089396bbdda28d0dc0dc2f55131a756\"},\"headline\":\"AVISO DE COTA\u00c7\u00c3O ELETR\u00d4NICA\",\"datePublished\":\"2022-12-01T11:00:33+00:00\",\"dateModified\":\"2022-12-27T13:25:40+00:00\",\"mainEntityOfPage\":{\"@id\":\"https:\/\/belojardim.pe.leg.br\/portal\/aviso-de-cotacao-eletronica\/\"},\"wordCount\":247,\"commentCount\":0,\"publisher\":{\"@id\":\"https:\/\/belojardim.pe.leg.br\/portal\/#organization\"},\"image\":{\"@id\":\"https:\/\/belojardim.pe.leg.br\/portal\/aviso-de-cotacao-eletronica\/#primaryimage\"},\"thumbnailUrl\":\"https:\/\/belojardim.pe.leg.br\/portal\/wp-content\/uploads\/2022\/12\/cotacao.jpg\",\"articleSection\":[\"Cota\u00e7\u00f5es\"],\"inLanguage\":\"pt-BR\",\"potentialAction\":[{\"@type\":\"CommentAction\",\"name\":\"Comment\",\"target\":[\"https:\/\/belojardim.pe.leg.br\/portal\/aviso-de-cotacao-eletronica\/#respond\"]}]},{\"@type\":\"WebPage\",\"@id\":\"https:\/\/belojardim.pe.leg.br\/portal\/aviso-de-cotacao-eletronica\/\",\"url\":\"https:\/\/belojardim.pe.leg.br\/portal\/aviso-de-cotacao-eletronica\/\",\"name\":\"AVISO DE COTA\u00c7\u00c3O ELETR\u00d4NICA - C\u00e2mara Municipal de Belo Jardim\",\"isPartOf\":{\"@id\":\"https:\/\/belojardim.pe.leg.br\/portal\/#website\"},\"primaryImageOfPage\":{\"@id\":\"https:\/\/belojardim.pe.leg.br\/portal\/aviso-de-cotacao-eletronica\/#primaryimage\"},\"image\":{\"@id\":\"https:\/\/belojardim.pe.leg.br\/portal\/aviso-de-cotacao-eletronica\/#primaryimage\"},\"thumbnailUrl\":\"https:\/\/belojardim.pe.leg.br\/portal\/wp-content\/uploads\/2022\/12\/cotacao.jpg\",\"datePublished\":\"2022-12-01T11:00:33+00:00\",\"dateModified\":\"2022-12-27T13:25:40+00:00\",\"breadcrumb\":{\"@id\":\"https:\/\/belojardim.pe.leg.br\/portal\/aviso-de-cotacao-eletronica\/#breadcrumb\"},\"inLanguage\":\"pt-BR\",\"potentialAction\":[{\"@type\":\"ReadAction\",\"target\":[\"https:\/\/belojardim.pe.leg.br\/portal\/aviso-de-cotacao-eletronica\/\"]}]},{\"@type\":\"ImageObject\",\"inLanguage\":\"pt-BR\",\"@id\":\"https:\/\/belojardim.pe.leg.br\/portal\/aviso-de-cotacao-eletronica\/#primaryimage\",\"url\":\"https:\/\/belojardim.pe.leg.br\/portal\/wp-content\/uploads\/2022\/12\/cotacao.jpg\",\"contentUrl\":\"https:\/\/belojardim.pe.leg.br\/portal\/wp-content\/uploads\/2022\/12\/cotacao.jpg\",\"width\":1655,\"height\":1182},{\"@type\":\"BreadcrumbList\",\"@id\":\"https:\/\/belojardim.pe.leg.br\/portal\/aviso-de-cotacao-eletronica\/#breadcrumb\",\"itemListElement\":[{\"@type\":\"ListItem\",\"position\":1,\"name\":\"In\u00edcio\",\"item\":\"https:\/\/belojardim.pe.leg.br\/portal\/\"},{\"@type\":\"ListItem\",\"position\":2,\"name\":\"AVISO DE COTA\u00c7\u00c3O ELETR\u00d4NICA\"}]},{\"@type\":\"WebSite\",\"@id\":\"https:\/\/belojardim.pe.leg.br\/portal\/#website\",\"url\":\"https:\/\/belojardim.pe.leg.br\/portal\/\",\"name\":\"C\u00e2mara Municipal de Belo Jardim\",\"description\":\"Casa Cust\u00f3dio Ferreira Mergulh\u00e3o\",\"publisher\":{\"@id\":\"https:\/\/belojardim.pe.leg.br\/portal\/#organization\"},\"potentialAction\":[{\"@type\":\"SearchAction\",\"target\":{\"@type\":\"EntryPoint\",\"urlTemplate\":\"https:\/\/belojardim.pe.leg.br\/portal\/?s={search_term_string}\"},\"query-input\":{\"@type\":\"PropertyValueSpecification\",\"valueRequired\":true,\"valueName\":\"search_term_string\"}}],\"inLanguage\":\"pt-BR\"},{\"@type\":\"Organization\",\"@id\":\"https:\/\/belojardim.pe.leg.br\/portal\/#organization\",\"name\":\"C\u00e2mara Municipal de Belo Jardim\",\"url\":\"https:\/\/belojardim.pe.leg.br\/portal\/\",\"logo\":{\"@type\":\"ImageObject\",\"inLanguage\":\"pt-BR\",\"@id\":\"https:\/\/belojardim.pe.leg.br\/portal\/#\/schema\/logo\/image\/\",\"url\":\"https:\/\/belojardim.pe.leg.br\/portal\/wp-content\/uploads\/2025\/02\/brasao_novo_camara.png\",\"contentUrl\":\"https:\/\/belojardim.pe.leg.br\/portal\/wp-content\/uploads\/2025\/02\/brasao_novo_camara.png\",\"width\":7239,\"height\":1735,\"caption\":\"C\u00e2mara Municipal de Belo Jardim\"},\"image\":{\"@id\":\"https:\/\/belojardim.pe.leg.br\/portal\/#\/schema\/logo\/image\/\"}},{\"@type\":\"Person\",\"@id\":\"https:\/\/belojardim.pe.leg.br\/portal\/#\/schema\/person\/c089396bbdda28d0dc0dc2f55131a756\",\"name\":\"admin\",\"image\":{\"@type\":\"ImageObject\",\"inLanguage\":\"pt-BR\",\"@id\":\"https:\/\/belojardim.pe.leg.br\/portal\/#\/schema\/person\/image\/\",\"url\":\"https:\/\/secure.gravatar.com\/avatar\/0dfaa2d7fc5134b8fe4778030bf6f957a5f7c7be5b9aa76789f37b9cfb962b32?s=96&d=mm&r=g\",\"contentUrl\":\"https:\/\/secure.gravatar.com\/avatar\/0dfaa2d7fc5134b8fe4778030bf6f957a5f7c7be5b9aa76789f37b9cfb962b32?s=96&d=mm&r=g\",\"caption\":\"admin\"},\"url\":\"https:\/\/belojardim.pe.leg.br\/portal\/author\/admin\/\"}]}<\/script>\n<!-- \/ Yoast SEO plugin. -->","yoast_head_json":{"title":"AVISO DE COTA\u00c7\u00c3O ELETR\u00d4NICA - C\u00e2mara Municipal de Belo Jardim","robots":{"index":"index","follow":"follow","max-snippet":"max-snippet:-1","max-image-preview":"max-image-preview:large","max-video-preview":"max-video-preview:-1"},"canonical":"https:\/\/belojardim.pe.leg.br\/portal\/aviso-de-cotacao-eletronica\/","og_locale":"pt_BR","og_type":"article","og_title":"AVISO DE COTA\u00c7\u00c3O ELETR\u00d4NICA - C\u00e2mara Municipal de Belo Jardim","og_description":"PROCESSO ADMINISTRATIVO N\u00ba 006\/2022 DISPENSA DE LICITA\u00c7\u00c3O N\u00b0 002\/2022 A C\u00e2mara Municipal de Belo Jardim-PE, em conformidade com o disposto no art. 75, II, \u00a7...","og_url":"https:\/\/belojardim.pe.leg.br\/portal\/aviso-de-cotacao-eletronica\/","og_site_name":"C\u00e2mara Municipal de Belo Jardim","article_published_time":"2022-12-01T11:00:33+00:00","article_modified_time":"2022-12-27T13:25:40+00:00","og_image":[{"width":1655,"height":1182,"url":"https:\/\/belojardim.pe.leg.br\/portal\/wp-content\/uploads\/2022\/12\/cotacao.jpg","type":"image\/jpeg"}],"author":"admin","twitter_card":"summary_large_image","twitter_misc":{"Escrito por":"admin","Est. tempo de leitura":"2 minutos"},"schema":{"@context":"https:\/\/schema.org","@graph":[{"@type":"Article","@id":"https:\/\/belojardim.pe.leg.br\/portal\/aviso-de-cotacao-eletronica\/#article","isPartOf":{"@id":"https:\/\/belojardim.pe.leg.br\/portal\/aviso-de-cotacao-eletronica\/"},"author":{"name":"admin","@id":"https:\/\/belojardim.pe.leg.br\/portal\/#\/schema\/person\/c089396bbdda28d0dc0dc2f55131a756"},"headline":"AVISO DE COTA\u00c7\u00c3O ELETR\u00d4NICA","datePublished":"2022-12-01T11:00:33+00:00","dateModified":"2022-12-27T13:25:40+00:00","mainEntityOfPage":{"@id":"https:\/\/belojardim.pe.leg.br\/portal\/aviso-de-cotacao-eletronica\/"},"wordCount":247,"commentCount":0,"publisher":{"@id":"https:\/\/belojardim.pe.leg.br\/portal\/#organization"},"image":{"@id":"https:\/\/belojardim.pe.leg.br\/portal\/aviso-de-cotacao-eletronica\/#primaryimage"},"thumbnailUrl":"https:\/\/belojardim.pe.leg.br\/portal\/wp-content\/uploads\/2022\/12\/cotacao.jpg","articleSection":["Cota\u00e7\u00f5es"],"inLanguage":"pt-BR","potentialAction":[{"@type":"CommentAction","name":"Comment","target":["https:\/\/belojardim.pe.leg.br\/portal\/aviso-de-cotacao-eletronica\/#respond"]}]},{"@type":"WebPage","@id":"https:\/\/belojardim.pe.leg.br\/portal\/aviso-de-cotacao-eletronica\/","url":"https:\/\/belojardim.pe.leg.br\/portal\/aviso-de-cotacao-eletronica\/","name":"AVISO DE COTA\u00c7\u00c3O ELETR\u00d4NICA - C\u00e2mara Municipal de Belo Jardim","isPartOf":{"@id":"https:\/\/belojardim.pe.leg.br\/portal\/#website"},"primaryImageOfPage":{"@id":"https:\/\/belojardim.pe.leg.br\/portal\/aviso-de-cotacao-eletronica\/#primaryimage"},"image":{"@id":"https:\/\/belojardim.pe.leg.br\/portal\/aviso-de-cotacao-eletronica\/#primaryimage"},"thumbnailUrl":"https:\/\/belojardim.pe.leg.br\/portal\/wp-content\/uploads\/2022\/12\/cotacao.jpg","datePublished":"2022-12-01T11:00:33+00:00","dateModified":"2022-12-27T13:25:40+00:00","breadcrumb":{"@id":"https:\/\/belojardim.pe.leg.br\/portal\/aviso-de-cotacao-eletronica\/#breadcrumb"},"inLanguage":"pt-BR","potentialAction":[{"@type":"ReadAction","target":["https:\/\/belojardim.pe.leg.br\/portal\/aviso-de-cotacao-eletronica\/"]}]},{"@type":"ImageObject","inLanguage":"pt-BR","@id":"https:\/\/belojardim.pe.leg.br\/portal\/aviso-de-cotacao-eletronica\/#primaryimage","url":"https:\/\/belojardim.pe.leg.br\/portal\/wp-content\/uploads\/2022\/12\/cotacao.jpg","contentUrl":"https:\/\/belojardim.pe.leg.br\/portal\/wp-content\/uploads\/2022\/12\/cotacao.jpg","width":1655,"height":1182},{"@type":"BreadcrumbList","@id":"https:\/\/belojardim.pe.leg.br\/portal\/aviso-de-cotacao-eletronica\/#breadcrumb","itemListElement":[{"@type":"ListItem","position":1,"name":"In\u00edcio","item":"https:\/\/belojardim.pe.leg.br\/portal\/"},{"@type":"ListItem","position":2,"name":"AVISO DE COTA\u00c7\u00c3O ELETR\u00d4NICA"}]},{"@type":"WebSite","@id":"https:\/\/belojardim.pe.leg.br\/portal\/#website","url":"https:\/\/belojardim.pe.leg.br\/portal\/","name":"C\u00e2mara Municipal de Belo Jardim","description":"Casa Cust\u00f3dio Ferreira Mergulh\u00e3o","publisher":{"@id":"https:\/\/belojardim.pe.leg.br\/portal\/#organization"},"potentialAction":[{"@type":"SearchAction","target":{"@type":"EntryPoint","urlTemplate":"https:\/\/belojardim.pe.leg.br\/portal\/?s={search_term_string}"},"query-input":{"@type":"PropertyValueSpecification","valueRequired":true,"valueName":"search_term_string"}}],"inLanguage":"pt-BR"},{"@type":"Organization","@id":"https:\/\/belojardim.pe.leg.br\/portal\/#organization","name":"C\u00e2mara Municipal de Belo Jardim","url":"https:\/\/belojardim.pe.leg.br\/portal\/","logo":{"@type":"ImageObject","inLanguage":"pt-BR","@id":"https:\/\/belojardim.pe.leg.br\/portal\/#\/schema\/logo\/image\/","url":"https:\/\/belojardim.pe.leg.br\/portal\/wp-content\/uploads\/2025\/02\/brasao_novo_camara.png","contentUrl":"https:\/\/belojardim.pe.leg.br\/portal\/wp-content\/uploads\/2025\/02\/brasao_novo_camara.png","width":7239,"height":1735,"caption":"C\u00e2mara Municipal de Belo Jardim"},"image":{"@id":"https:\/\/belojardim.pe.leg.br\/portal\/#\/schema\/logo\/image\/"}},{"@type":"Person","@id":"https:\/\/belojardim.pe.leg.br\/portal\/#\/schema\/person\/c089396bbdda28d0dc0dc2f55131a756","name":"admin","image":{"@type":"ImageObject","inLanguage":"pt-BR","@id":"https:\/\/belojardim.pe.leg.br\/portal\/#\/schema\/person\/image\/","url":"https:\/\/secure.gravatar.com\/avatar\/0dfaa2d7fc5134b8fe4778030bf6f957a5f7c7be5b9aa76789f37b9cfb962b32?s=96&d=mm&r=g","contentUrl":"https:\/\/secure.gravatar.com\/avatar\/0dfaa2d7fc5134b8fe4778030bf6f957a5f7c7be5b9aa76789f37b9cfb962b32?s=96&d=mm&r=g","caption":"admin"},"url":"https:\/\/belojardim.pe.leg.br\/portal\/author\/admin\/"}]}},"_links":{"self":[{"href":"https:\/\/belojardim.pe.leg.br\/portal\/wp-json\/wp\/v2\/posts\/12225","targetHints":{"allow":["GET"]}}],"collection":[{"href":"https:\/\/belojardim.pe.leg.br\/portal\/wp-json\/wp\/v2\/posts"}],"about":[{"href":"https:\/\/belojardim.pe.leg.br\/portal\/wp-json\/wp\/v2\/types\/post"}],"author":[{"embeddable":true,"href":"https:\/\/belojardim.pe.leg.br\/portal\/wp-json\/wp\/v2\/users\/1"}],"replies":[{"embeddable":true,"href":"https:\/\/belojardim.pe.leg.br\/portal\/wp-json\/wp\/v2\/comments?post=12225"}],"version-history":[{"count":4,"href":"https:\/\/belojardim.pe.leg.br\/portal\/wp-json\/wp\/v2\/posts\/12225\/revisions"}],"predecessor-version":[{"id":12242,"href":"https:\/\/belojardim.pe.leg.br\/portal\/wp-json\/wp\/v2\/posts\/12225\/revisions\/12242"}],"wp:featuredmedia":[{"embeddable":true,"href":"https:\/\/belojardim.pe.leg.br\/portal\/wp-json\/wp\/v2\/media\/12226"}],"wp:attachment":[{"href":"https:\/\/belojardim.pe.leg.br\/portal\/wp-json\/wp\/v2\/media?parent=12225"}],"wp:term":[{"taxonomy":"category","embeddable":true,"href":"https:\/\/belojardim.pe.leg.br\/portal\/wp-json\/wp\/v2\/categories?post=12225"},{"taxonomy":"post_tag","embeddable":true,"href":"https:\/\/belojardim.pe.leg.br\/portal\/wp-json\/wp\/v2\/tags?post=12225"}],"curies":[{"name":"wp","href":"https:\/\/api.w.org\/{rel}","templated":true}]}}