{"id":11856,"date":"2019-11-04T08:44:40","date_gmt":"2019-11-04T11:44:40","guid":{"rendered":"http:\/\/belojardim.pe.leg.br\/portal\/?p=11856"},"modified":"2019-11-04T08:44:43","modified_gmt":"2019-11-04T11:44:43","slug":"presidente-prestigia-feira-da-agricultura-familiar-e-cultural-conhecida-como-feira-verde","status":"publish","type":"post","link":"https:\/\/belojardim.pe.leg.br\/portal\/presidente-prestigia-feira-da-agricultura-familiar-e-cultural-conhecida-como-feira-verde\/","title":{"rendered":"Presidente prestigia Feira da Agricultura Familiar e Cultural conhecida como \u201cFeira Verde\u201d"},"content":{"rendered":"\n<p>O Presidente da C\u00e2mara Municipal de Belo Jardim, Vereador Euno Andrade Filho, visitou, na manh\u00e3 de hoje, 1\u00b0 de novembro, a Feira da Agricultura Familiar e Cultural conhecida como \u201cFeira Verde\u201d, realizada na Pra\u00e7a Nossa Senhora da Concei\u00e7\u00e3o (Matriz) no Centro da Cidade.<br \/><strong>\u201cA Feira Verde est\u00e1 em sua 7\u00aa edi\u00e7\u00e3o e \u00e9 uma vitrine da for\u00e7a e da qualidade do trabalho do nosso povo que enfrenta todos os desafios da prepara\u00e7\u00e3o da terra, plantio e clima e apesar de tudo consegue oferecer uma grande variedade de produtos e alimentos, fico extremamente feliz em comprovar que esse evento ganha amplitude a cada edi\u00e7\u00e3o\u201d, falou o Presidente Euno Filho.<\/strong><br \/>Na feira, que j\u00e1 est\u00e1 se tornando refer\u00eancia no Estado de Pernambuco, al\u00e9m de oferecer produtos livres de agrot\u00f3xico, oferece tamb\u00e9m uma gama de apresenta\u00e7\u00f5es culturais e produtos artesanais, o Presidente conversou com produtores e aproveitou para se informar sobre assuntos como economia, educa\u00e7\u00e3o ambiental aplicada \u00e0 produ\u00e7\u00e3o rural e refor\u00e7ou o seu compromisso com a Comunidade Rural que estava representada por todos os comerciantes presentes.<\/p>\n<div id='gallery-1' class='gallery galleryid-11856 gallery-columns-2 gallery-size-medium'><figure class='gallery-item'>\n\t\t\t<div class='gallery-icon landscape'>\n\t\t\t\t<a href='https:\/\/belojardim.pe.leg.br\/portal\/presidente-prestigia-feira-da-agricultura-familiar-e-cultural-conhecida-como-feira-verde\/8c1abf9b-c8af-4f8b-9749-d2f520a00e3d\/'><img loading=\"lazy\" decoding=\"async\" width=\"300\" height=\"225\" src=\"https:\/\/belojardim.pe.leg.br\/portal\/wp-content\/uploads\/2019\/11\/8c1abf9b-c8af-4f8b-9749-d2f520a00e3d-300x225.jpg\" class=\"attachment-medium size-medium\" alt=\"\" srcset=\"https:\/\/belojardim.pe.leg.br\/portal\/wp-content\/uploads\/2019\/11\/8c1abf9b-c8af-4f8b-9749-d2f520a00e3d-300x225.jpg 300w, https:\/\/belojardim.pe.leg.br\/portal\/wp-content\/uploads\/2019\/11\/8c1abf9b-c8af-4f8b-9749-d2f520a00e3d-768x576.jpg 768w, https:\/\/belojardim.pe.leg.br\/portal\/wp-content\/uploads\/2019\/11\/8c1abf9b-c8af-4f8b-9749-d2f520a00e3d-1024x768.jpg 1024w, https:\/\/belojardim.pe.leg.br\/portal\/wp-content\/uploads\/2019\/11\/8c1abf9b-c8af-4f8b-9749-d2f520a00e3d-1218x914.jpg 1218w, https:\/\/belojardim.pe.leg.br\/portal\/wp-content\/uploads\/2019\/11\/8c1abf9b-c8af-4f8b-9749-d2f520a00e3d-480x360.jpg 480w, https:\/\/belojardim.pe.leg.br\/portal\/wp-content\/uploads\/2019\/11\/8c1abf9b-c8af-4f8b-9749-d2f520a00e3d.jpg 1280w\" sizes=\"auto, (max-width: 300px) 100vw, 300px\" \/><\/a>\n\t\t\t<\/div><\/figure><figure class='gallery-item'>\n\t\t\t<div class='gallery-icon landscape'>\n\t\t\t\t<a href='https:\/\/belojardim.pe.leg.br\/portal\/presidente-prestigia-feira-da-agricultura-familiar-e-cultural-conhecida-como-feira-verde\/10ea734f-694a-4299-8e9c-f4e9ff103dab-2\/'><img loading=\"lazy\" decoding=\"async\" width=\"300\" height=\"225\" src=\"https:\/\/belojardim.pe.leg.br\/portal\/wp-content\/uploads\/2019\/11\/10ea734f-694a-4299-8e9c-f4e9ff103dab-1-300x225.jpg\" class=\"attachment-medium size-medium\" alt=\"\" srcset=\"https:\/\/belojardim.pe.leg.br\/portal\/wp-content\/uploads\/2019\/11\/10ea734f-694a-4299-8e9c-f4e9ff103dab-1-300x225.jpg 300w, https:\/\/belojardim.pe.leg.br\/portal\/wp-content\/uploads\/2019\/11\/10ea734f-694a-4299-8e9c-f4e9ff103dab-1-768x576.jpg 768w, https:\/\/belojardim.pe.leg.br\/portal\/wp-content\/uploads\/2019\/11\/10ea734f-694a-4299-8e9c-f4e9ff103dab-1-1024x768.jpg 1024w, https:\/\/belojardim.pe.leg.br\/portal\/wp-content\/uploads\/2019\/11\/10ea734f-694a-4299-8e9c-f4e9ff103dab-1-1218x914.jpg 1218w, https:\/\/belojardim.pe.leg.br\/portal\/wp-content\/uploads\/2019\/11\/10ea734f-694a-4299-8e9c-f4e9ff103dab-1-480x360.jpg 480w, https:\/\/belojardim.pe.leg.br\/portal\/wp-content\/uploads\/2019\/11\/10ea734f-694a-4299-8e9c-f4e9ff103dab-1.jpg 1280w\" sizes=\"auto, (max-width: 300px) 100vw, 300px\" \/><\/a>\n\t\t\t<\/div><\/figure><figure class='gallery-item'>\n\t\t\t<div class='gallery-icon landscape'>\n\t\t\t\t<a href='https:\/\/belojardim.pe.leg.br\/portal\/presidente-prestigia-feira-da-agricultura-familiar-e-cultural-conhecida-como-feira-verde\/54af5849-c86b-45c9-8b12-52db645f65d7\/'><img loading=\"lazy\" decoding=\"async\" width=\"300\" height=\"225\" src=\"https:\/\/belojardim.pe.leg.br\/portal\/wp-content\/uploads\/2019\/11\/54af5849-c86b-45c9-8b12-52db645f65d7-300x225.jpg\" class=\"attachment-medium size-medium\" alt=\"\" srcset=\"https:\/\/belojardim.pe.leg.br\/portal\/wp-content\/uploads\/2019\/11\/54af5849-c86b-45c9-8b12-52db645f65d7-300x225.jpg 300w, https:\/\/belojardim.pe.leg.br\/portal\/wp-content\/uploads\/2019\/11\/54af5849-c86b-45c9-8b12-52db645f65d7-768x576.jpg 768w, https:\/\/belojardim.pe.leg.br\/portal\/wp-content\/uploads\/2019\/11\/54af5849-c86b-45c9-8b12-52db645f65d7-1024x768.jpg 1024w, https:\/\/belojardim.pe.leg.br\/portal\/wp-content\/uploads\/2019\/11\/54af5849-c86b-45c9-8b12-52db645f65d7-1218x914.jpg 1218w, https:\/\/belojardim.pe.leg.br\/portal\/wp-content\/uploads\/2019\/11\/54af5849-c86b-45c9-8b12-52db645f65d7-480x360.jpg 480w, https:\/\/belojardim.pe.leg.br\/portal\/wp-content\/uploads\/2019\/11\/54af5849-c86b-45c9-8b12-52db645f65d7.jpg 1280w\" sizes=\"auto, (max-width: 300px) 100vw, 300px\" \/><\/a>\n\t\t\t<\/div><\/figure><figure class='gallery-item'>\n\t\t\t<div class='gallery-icon landscape'>\n\t\t\t\t<a href='https:\/\/belojardim.pe.leg.br\/portal\/presidente-prestigia-feira-da-agricultura-familiar-e-cultural-conhecida-como-feira-verde\/210c5f24-1d2a-4740-9248-5de2c9730159\/'><img loading=\"lazy\" decoding=\"async\" width=\"300\" height=\"225\" src=\"https:\/\/belojardim.pe.leg.br\/portal\/wp-content\/uploads\/2019\/11\/210c5f24-1d2a-4740-9248-5de2c9730159-300x225.jpg\" class=\"attachment-medium size-medium\" alt=\"\" srcset=\"https:\/\/belojardim.pe.leg.br\/portal\/wp-content\/uploads\/2019\/11\/210c5f24-1d2a-4740-9248-5de2c9730159-300x225.jpg 300w, https:\/\/belojardim.pe.leg.br\/portal\/wp-content\/uploads\/2019\/11\/210c5f24-1d2a-4740-9248-5de2c9730159-768x576.jpg 768w, https:\/\/belojardim.pe.leg.br\/portal\/wp-content\/uploads\/2019\/11\/210c5f24-1d2a-4740-9248-5de2c9730159-1024x768.jpg 1024w, https:\/\/belojardim.pe.leg.br\/portal\/wp-content\/uploads\/2019\/11\/210c5f24-1d2a-4740-9248-5de2c9730159-1218x914.jpg 1218w, https:\/\/belojardim.pe.leg.br\/portal\/wp-content\/uploads\/2019\/11\/210c5f24-1d2a-4740-9248-5de2c9730159-480x360.jpg 480w, https:\/\/belojardim.pe.leg.br\/portal\/wp-content\/uploads\/2019\/11\/210c5f24-1d2a-4740-9248-5de2c9730159.jpg 1280w\" sizes=\"auto, (max-width: 300px) 100vw, 300px\" \/><\/a>\n\t\t\t<\/div><\/figure><figure class='gallery-item'>\n\t\t\t<div class='gallery-icon portrait'>\n\t\t\t\t<a href='https:\/\/belojardim.pe.leg.br\/portal\/presidente-prestigia-feira-da-agricultura-familiar-e-cultural-conhecida-como-feira-verde\/514b3464-ff28-4ea8-a3a8-d64f273c49a3\/'><img loading=\"lazy\" decoding=\"async\" width=\"225\" height=\"300\" src=\"https:\/\/belojardim.pe.leg.br\/portal\/wp-content\/uploads\/2019\/11\/514b3464-ff28-4ea8-a3a8-d64f273c49a3-225x300.jpg\" class=\"attachment-medium size-medium\" alt=\"\" srcset=\"https:\/\/belojardim.pe.leg.br\/portal\/wp-content\/uploads\/2019\/11\/514b3464-ff28-4ea8-a3a8-d64f273c49a3-225x300.jpg 225w, https:\/\/belojardim.pe.leg.br\/portal\/wp-content\/uploads\/2019\/11\/514b3464-ff28-4ea8-a3a8-d64f273c49a3-768x1024.jpg 768w, https:\/\/belojardim.pe.leg.br\/portal\/wp-content\/uploads\/2019\/11\/514b3464-ff28-4ea8-a3a8-d64f273c49a3.jpg 960w\" sizes=\"auto, (max-width: 225px) 100vw, 225px\" \/><\/a>\n\t\t\t<\/div><\/figure><figure class='gallery-item'>\n\t\t\t<div class='gallery-icon portrait'>\n\t\t\t\t<a href='https:\/\/belojardim.pe.leg.br\/portal\/presidente-prestigia-feira-da-agricultura-familiar-e-cultural-conhecida-como-feira-verde\/574dbad3-4bfb-4d7b-a94b-b23b83f3c3fd\/'><img loading=\"lazy\" decoding=\"async\" width=\"225\" height=\"300\" src=\"https:\/\/belojardim.pe.leg.br\/portal\/wp-content\/uploads\/2019\/11\/574dbad3-4bfb-4d7b-a94b-b23b83f3c3fd-225x300.jpg\" class=\"attachment-medium size-medium\" alt=\"\" srcset=\"https:\/\/belojardim.pe.leg.br\/portal\/wp-content\/uploads\/2019\/11\/574dbad3-4bfb-4d7b-a94b-b23b83f3c3fd-225x300.jpg 225w, https:\/\/belojardim.pe.leg.br\/portal\/wp-content\/uploads\/2019\/11\/574dbad3-4bfb-4d7b-a94b-b23b83f3c3fd-768x1024.jpg 768w, https:\/\/belojardim.pe.leg.br\/portal\/wp-content\/uploads\/2019\/11\/574dbad3-4bfb-4d7b-a94b-b23b83f3c3fd.jpg 960w\" sizes=\"auto, (max-width: 225px) 100vw, 225px\" \/><\/a>\n\t\t\t<\/div><\/figure><figure class='gallery-item'>\n\t\t\t<div class='gallery-icon landscape'>\n\t\t\t\t<a href='https:\/\/belojardim.pe.leg.br\/portal\/presidente-prestigia-feira-da-agricultura-familiar-e-cultural-conhecida-como-feira-verde\/49898fee-07b2-4ccb-bf1e-eb77e4d74d0c\/'><img loading=\"lazy\" decoding=\"async\" width=\"300\" height=\"225\" src=\"https:\/\/belojardim.pe.leg.br\/portal\/wp-content\/uploads\/2019\/11\/49898fee-07b2-4ccb-bf1e-eb77e4d74d0c-300x225.jpg\" class=\"attachment-medium size-medium\" alt=\"\" srcset=\"https:\/\/belojardim.pe.leg.br\/portal\/wp-content\/uploads\/2019\/11\/49898fee-07b2-4ccb-bf1e-eb77e4d74d0c-300x225.jpg 300w, https:\/\/belojardim.pe.leg.br\/portal\/wp-content\/uploads\/2019\/11\/49898fee-07b2-4ccb-bf1e-eb77e4d74d0c-768x576.jpg 768w, https:\/\/belojardim.pe.leg.br\/portal\/wp-content\/uploads\/2019\/11\/49898fee-07b2-4ccb-bf1e-eb77e4d74d0c-1024x768.jpg 1024w, https:\/\/belojardim.pe.leg.br\/portal\/wp-content\/uploads\/2019\/11\/49898fee-07b2-4ccb-bf1e-eb77e4d74d0c-1218x914.jpg 1218w, https:\/\/belojardim.pe.leg.br\/portal\/wp-content\/uploads\/2019\/11\/49898fee-07b2-4ccb-bf1e-eb77e4d74d0c-480x360.jpg 480w, https:\/\/belojardim.pe.leg.br\/portal\/wp-content\/uploads\/2019\/11\/49898fee-07b2-4ccb-bf1e-eb77e4d74d0c.jpg 1280w\" sizes=\"auto, (max-width: 300px) 100vw, 300px\" \/><\/a>\n\t\t\t<\/div><\/figure><figure class='gallery-item'>\n\t\t\t<div class='gallery-icon landscape'>\n\t\t\t\t<a href='https:\/\/belojardim.pe.leg.br\/portal\/presidente-prestigia-feira-da-agricultura-familiar-e-cultural-conhecida-como-feira-verde\/317633ff-df39-4c7f-8cdf-e518fce485d0\/'><img loading=\"lazy\" decoding=\"async\" width=\"300\" height=\"225\" src=\"https:\/\/belojardim.pe.leg.br\/portal\/wp-content\/uploads\/2019\/11\/317633ff-df39-4c7f-8cdf-e518fce485d0-300x225.jpg\" class=\"attachment-medium size-medium\" alt=\"\" srcset=\"https:\/\/belojardim.pe.leg.br\/portal\/wp-content\/uploads\/2019\/11\/317633ff-df39-4c7f-8cdf-e518fce485d0-300x225.jpg 300w, https:\/\/belojardim.pe.leg.br\/portal\/wp-content\/uploads\/2019\/11\/317633ff-df39-4c7f-8cdf-e518fce485d0-768x576.jpg 768w, https:\/\/belojardim.pe.leg.br\/portal\/wp-content\/uploads\/2019\/11\/317633ff-df39-4c7f-8cdf-e518fce485d0-1024x768.jpg 1024w, https:\/\/belojardim.pe.leg.br\/portal\/wp-content\/uploads\/2019\/11\/317633ff-df39-4c7f-8cdf-e518fce485d0-1218x914.jpg 1218w, https:\/\/belojardim.pe.leg.br\/portal\/wp-content\/uploads\/2019\/11\/317633ff-df39-4c7f-8cdf-e518fce485d0-480x360.jpg 480w, https:\/\/belojardim.pe.leg.br\/portal\/wp-content\/uploads\/2019\/11\/317633ff-df39-4c7f-8cdf-e518fce485d0.jpg 1280w\" sizes=\"auto, (max-width: 300px) 100vw, 300px\" \/><\/a>\n\t\t\t<\/div><\/figure><figure class='gallery-item'>\n\t\t\t<div class='gallery-icon landscape'>\n\t\t\t\t<a href='https:\/\/belojardim.pe.leg.br\/portal\/presidente-prestigia-feira-da-agricultura-familiar-e-cultural-conhecida-como-feira-verde\/a811fce4-e44a-42ae-903f-507398a5fd72\/'><img loading=\"lazy\" decoding=\"async\" width=\"300\" height=\"225\" src=\"https:\/\/belojardim.pe.leg.br\/portal\/wp-content\/uploads\/2019\/11\/a811fce4-e44a-42ae-903f-507398a5fd72-300x225.jpg\" class=\"attachment-medium size-medium\" alt=\"\" srcset=\"https:\/\/belojardim.pe.leg.br\/portal\/wp-content\/uploads\/2019\/11\/a811fce4-e44a-42ae-903f-507398a5fd72-300x225.jpg 300w, https:\/\/belojardim.pe.leg.br\/portal\/wp-content\/uploads\/2019\/11\/a811fce4-e44a-42ae-903f-507398a5fd72-768x576.jpg 768w, https:\/\/belojardim.pe.leg.br\/portal\/wp-content\/uploads\/2019\/11\/a811fce4-e44a-42ae-903f-507398a5fd72-1024x768.jpg 1024w, https:\/\/belojardim.pe.leg.br\/portal\/wp-content\/uploads\/2019\/11\/a811fce4-e44a-42ae-903f-507398a5fd72-1218x914.jpg 1218w, https:\/\/belojardim.pe.leg.br\/portal\/wp-content\/uploads\/2019\/11\/a811fce4-e44a-42ae-903f-507398a5fd72-480x360.jpg 480w, https:\/\/belojardim.pe.leg.br\/portal\/wp-content\/uploads\/2019\/11\/a811fce4-e44a-42ae-903f-507398a5fd72.jpg 1280w\" sizes=\"auto, (max-width: 300px) 100vw, 300px\" \/><\/a>\n\t\t\t<\/div><\/figure><figure class='gallery-item'>\n\t\t\t<div class='gallery-icon portrait'>\n\t\t\t\t<a href='https:\/\/belojardim.pe.leg.br\/portal\/presidente-prestigia-feira-da-agricultura-familiar-e-cultural-conhecida-como-feira-verde\/b99e1b6b-0478-4faf-a433-3962ecd7e552\/'><img loading=\"lazy\" decoding=\"async\" width=\"225\" height=\"300\" src=\"https:\/\/belojardim.pe.leg.br\/portal\/wp-content\/uploads\/2019\/11\/b99e1b6b-0478-4faf-a433-3962ecd7e552-225x300.jpg\" class=\"attachment-medium size-medium\" alt=\"\" srcset=\"https:\/\/belojardim.pe.leg.br\/portal\/wp-content\/uploads\/2019\/11\/b99e1b6b-0478-4faf-a433-3962ecd7e552-225x300.jpg 225w, https:\/\/belojardim.pe.leg.br\/portal\/wp-content\/uploads\/2019\/11\/b99e1b6b-0478-4faf-a433-3962ecd7e552-768x1024.jpg 768w, https:\/\/belojardim.pe.leg.br\/portal\/wp-content\/uploads\/2019\/11\/b99e1b6b-0478-4faf-a433-3962ecd7e552.jpg 960w\" sizes=\"auto, (max-width: 225px) 100vw, 225px\" \/><\/a>\n\t\t\t<\/div><\/figure><figure class='gallery-item'>\n\t\t\t<div class='gallery-icon landscape'>\n\t\t\t\t<a href='https:\/\/belojardim.pe.leg.br\/portal\/presidente-prestigia-feira-da-agricultura-familiar-e-cultural-conhecida-como-feira-verde\/c7af4863-b7de-4cc3-baa2-89c82b29c06c\/'><img loading=\"lazy\" decoding=\"async\" width=\"300\" height=\"225\" src=\"https:\/\/belojardim.pe.leg.br\/portal\/wp-content\/uploads\/2019\/11\/c7af4863-b7de-4cc3-baa2-89c82b29c06c-300x225.jpg\" class=\"attachment-medium size-medium\" alt=\"\" srcset=\"https:\/\/belojardim.pe.leg.br\/portal\/wp-content\/uploads\/2019\/11\/c7af4863-b7de-4cc3-baa2-89c82b29c06c-300x225.jpg 300w, https:\/\/belojardim.pe.leg.br\/portal\/wp-content\/uploads\/2019\/11\/c7af4863-b7de-4cc3-baa2-89c82b29c06c-768x576.jpg 768w, https:\/\/belojardim.pe.leg.br\/portal\/wp-content\/uploads\/2019\/11\/c7af4863-b7de-4cc3-baa2-89c82b29c06c-1024x768.jpg 1024w, https:\/\/belojardim.pe.leg.br\/portal\/wp-content\/uploads\/2019\/11\/c7af4863-b7de-4cc3-baa2-89c82b29c06c-1218x914.jpg 1218w, https:\/\/belojardim.pe.leg.br\/portal\/wp-content\/uploads\/2019\/11\/c7af4863-b7de-4cc3-baa2-89c82b29c06c-480x360.jpg 480w, https:\/\/belojardim.pe.leg.br\/portal\/wp-content\/uploads\/2019\/11\/c7af4863-b7de-4cc3-baa2-89c82b29c06c.jpg 1280w\" sizes=\"auto, (max-width: 300px) 100vw, 300px\" \/><\/a>\n\t\t\t<\/div><\/figure><figure class='gallery-item'>\n\t\t\t<div class='gallery-icon portrait'>\n\t\t\t\t<a href='https:\/\/belojardim.pe.leg.br\/portal\/presidente-prestigia-feira-da-agricultura-familiar-e-cultural-conhecida-como-feira-verde\/c29596ab-e682-4c83-90b1-1ffe07685ec6\/'><img loading=\"lazy\" decoding=\"async\" width=\"225\" height=\"300\" src=\"https:\/\/belojardim.pe.leg.br\/portal\/wp-content\/uploads\/2019\/11\/c29596ab-e682-4c83-90b1-1ffe07685ec6-225x300.jpg\" class=\"attachment-medium size-medium\" alt=\"\" srcset=\"https:\/\/belojardim.pe.leg.br\/portal\/wp-content\/uploads\/2019\/11\/c29596ab-e682-4c83-90b1-1ffe07685ec6-225x300.jpg 225w, https:\/\/belojardim.pe.leg.br\/portal\/wp-content\/uploads\/2019\/11\/c29596ab-e682-4c83-90b1-1ffe07685ec6-768x1024.jpg 768w, https:\/\/belojardim.pe.leg.br\/portal\/wp-content\/uploads\/2019\/11\/c29596ab-e682-4c83-90b1-1ffe07685ec6.jpg 960w\" sizes=\"auto, (max-width: 225px) 100vw, 225px\" \/><\/a>\n\t\t\t<\/div><\/figure><figure class='gallery-item'>\n\t\t\t<div class='gallery-icon portrait'>\n\t\t\t\t<a href='https:\/\/belojardim.pe.leg.br\/portal\/presidente-prestigia-feira-da-agricultura-familiar-e-cultural-conhecida-como-feira-verde\/e845281f-2801-40dc-b045-201ceb8d93e6\/'><img loading=\"lazy\" decoding=\"async\" width=\"225\" height=\"300\" src=\"https:\/\/belojardim.pe.leg.br\/portal\/wp-content\/uploads\/2019\/11\/e845281f-2801-40dc-b045-201ceb8d93e6-225x300.jpg\" class=\"attachment-medium size-medium\" alt=\"\" srcset=\"https:\/\/belojardim.pe.leg.br\/portal\/wp-content\/uploads\/2019\/11\/e845281f-2801-40dc-b045-201ceb8d93e6-225x300.jpg 225w, https:\/\/belojardim.pe.leg.br\/portal\/wp-content\/uploads\/2019\/11\/e845281f-2801-40dc-b045-201ceb8d93e6-768x1024.jpg 768w, https:\/\/belojardim.pe.leg.br\/portal\/wp-content\/uploads\/2019\/11\/e845281f-2801-40dc-b045-201ceb8d93e6.jpg 960w\" sizes=\"auto, (max-width: 225px) 100vw, 225px\" \/><\/a>\n\t\t\t<\/div><\/figure>\n\t\t<\/div>\n\n","protected":false},"excerpt":{"rendered":"","protected":false},"author":1,"featured_media":11857,"comment_status":"open","ping_status":"open","sticky":false,"template":"","format":"standard","meta":{"footnotes":""},"categories":[58,65,3],"tags":[],"class_list":["post-11856","post","type-post","status-publish","format-standard","has-post-thumbnail","hentry","category-destaques-2","category-euninho","category-destaques","wpcat-58-id","wpcat-65-id","wpcat-3-id"],"yoast_head":"<!-- This site is optimized with the Yoast SEO plugin v25.1 - https:\/\/yoast.com\/wordpress\/plugins\/seo\/ -->\n<title>Presidente prestigia Feira da Agricultura Familiar e Cultural conhecida como \u201cFeira Verde\u201d - C\u00e2mara Municipal de Belo Jardim<\/title>\n<meta name=\"robots\" content=\"index, follow, max-snippet:-1, max-image-preview:large, max-video-preview:-1\" \/>\n<link rel=\"canonical\" href=\"https:\/\/belojardim.pe.leg.br\/portal\/presidente-prestigia-feira-da-agricultura-familiar-e-cultural-conhecida-como-feira-verde\/\" \/>\n<meta property=\"og:locale\" content=\"pt_BR\" \/>\n<meta property=\"og:type\" content=\"article\" \/>\n<meta property=\"og:title\" content=\"Presidente prestigia Feira da Agricultura Familiar e Cultural conhecida como \u201cFeira Verde\u201d - C\u00e2mara Municipal de Belo Jardim\" \/>\n<meta property=\"og:url\" content=\"https:\/\/belojardim.pe.leg.br\/portal\/presidente-prestigia-feira-da-agricultura-familiar-e-cultural-conhecida-como-feira-verde\/\" \/>\n<meta property=\"og:site_name\" content=\"C\u00e2mara Municipal de Belo Jardim\" \/>\n<meta property=\"article:published_time\" content=\"2019-11-04T11:44:40+00:00\" \/>\n<meta property=\"article:modified_time\" content=\"2019-11-04T11:44:43+00:00\" \/>\n<meta property=\"og:image\" content=\"https:\/\/belojardim.pe.leg.br\/portal\/wp-content\/uploads\/2019\/11\/10ea734f-694a-4299-8e9c-f4e9ff103dab.jpg\" \/>\n\t<meta property=\"og:image:width\" content=\"1280\" \/>\n\t<meta property=\"og:image:height\" content=\"960\" \/>\n\t<meta property=\"og:image:type\" content=\"image\/jpeg\" \/>\n<meta name=\"author\" content=\"admin\" \/>\n<meta name=\"twitter:card\" content=\"summary_large_image\" \/>\n<meta name=\"twitter:label1\" content=\"Escrito por\" \/>\n\t<meta name=\"twitter:data1\" content=\"admin\" \/>\n\t<meta name=\"twitter:label2\" content=\"Est. tempo de leitura\" \/>\n\t<meta name=\"twitter:data2\" content=\"1 minuto\" \/>\n<script type=\"application\/ld+json\" class=\"yoast-schema-graph\">{\"@context\":\"https:\/\/schema.org\",\"@graph\":[{\"@type\":\"Article\",\"@id\":\"https:\/\/belojardim.pe.leg.br\/portal\/presidente-prestigia-feira-da-agricultura-familiar-e-cultural-conhecida-como-feira-verde\/#article\",\"isPartOf\":{\"@id\":\"https:\/\/belojardim.pe.leg.br\/portal\/presidente-prestigia-feira-da-agricultura-familiar-e-cultural-conhecida-como-feira-verde\/\"},\"author\":{\"name\":\"admin\",\"@id\":\"https:\/\/belojardim.pe.leg.br\/portal\/#\/schema\/person\/c089396bbdda28d0dc0dc2f55131a756\"},\"headline\":\"Presidente prestigia Feira da Agricultura Familiar e Cultural conhecida como \u201cFeira Verde\u201d\",\"datePublished\":\"2019-11-04T11:44:40+00:00\",\"dateModified\":\"2019-11-04T11:44:43+00:00\",\"mainEntityOfPage\":{\"@id\":\"https:\/\/belojardim.pe.leg.br\/portal\/presidente-prestigia-feira-da-agricultura-familiar-e-cultural-conhecida-como-feira-verde\/\"},\"wordCount\":202,\"commentCount\":0,\"publisher\":{\"@id\":\"https:\/\/belojardim.pe.leg.br\/portal\/#organization\"},\"image\":{\"@id\":\"https:\/\/belojardim.pe.leg.br\/portal\/presidente-prestigia-feira-da-agricultura-familiar-e-cultural-conhecida-como-feira-verde\/#primaryimage\"},\"thumbnailUrl\":\"https:\/\/belojardim.pe.leg.br\/portal\/wp-content\/uploads\/2019\/11\/10ea734f-694a-4299-8e9c-f4e9ff103dab.jpg\",\"articleSection\":[\"Destaques\",\"Euninho\",\"Not\u00edcias da C\u00e2mara\"],\"inLanguage\":\"pt-BR\",\"potentialAction\":[{\"@type\":\"CommentAction\",\"name\":\"Comment\",\"target\":[\"https:\/\/belojardim.pe.leg.br\/portal\/presidente-prestigia-feira-da-agricultura-familiar-e-cultural-conhecida-como-feira-verde\/#respond\"]}]},{\"@type\":\"WebPage\",\"@id\":\"https:\/\/belojardim.pe.leg.br\/portal\/presidente-prestigia-feira-da-agricultura-familiar-e-cultural-conhecida-como-feira-verde\/\",\"url\":\"https:\/\/belojardim.pe.leg.br\/portal\/presidente-prestigia-feira-da-agricultura-familiar-e-cultural-conhecida-como-feira-verde\/\",\"name\":\"Presidente prestigia Feira da Agricultura Familiar e Cultural conhecida como \u201cFeira Verde\u201d - C\u00e2mara Municipal de Belo Jardim\",\"isPartOf\":{\"@id\":\"https:\/\/belojardim.pe.leg.br\/portal\/#website\"},\"primaryImageOfPage\":{\"@id\":\"https:\/\/belojardim.pe.leg.br\/portal\/presidente-prestigia-feira-da-agricultura-familiar-e-cultural-conhecida-como-feira-verde\/#primaryimage\"},\"image\":{\"@id\":\"https:\/\/belojardim.pe.leg.br\/portal\/presidente-prestigia-feira-da-agricultura-familiar-e-cultural-conhecida-como-feira-verde\/#primaryimage\"},\"thumbnailUrl\":\"https:\/\/belojardim.pe.leg.br\/portal\/wp-content\/uploads\/2019\/11\/10ea734f-694a-4299-8e9c-f4e9ff103dab.jpg\",\"datePublished\":\"2019-11-04T11:44:40+00:00\",\"dateModified\":\"2019-11-04T11:44:43+00:00\",\"breadcrumb\":{\"@id\":\"https:\/\/belojardim.pe.leg.br\/portal\/presidente-prestigia-feira-da-agricultura-familiar-e-cultural-conhecida-como-feira-verde\/#breadcrumb\"},\"inLanguage\":\"pt-BR\",\"potentialAction\":[{\"@type\":\"ReadAction\",\"target\":[\"https:\/\/belojardim.pe.leg.br\/portal\/presidente-prestigia-feira-da-agricultura-familiar-e-cultural-conhecida-como-feira-verde\/\"]}]},{\"@type\":\"ImageObject\",\"inLanguage\":\"pt-BR\",\"@id\":\"https:\/\/belojardim.pe.leg.br\/portal\/presidente-prestigia-feira-da-agricultura-familiar-e-cultural-conhecida-como-feira-verde\/#primaryimage\",\"url\":\"https:\/\/belojardim.pe.leg.br\/portal\/wp-content\/uploads\/2019\/11\/10ea734f-694a-4299-8e9c-f4e9ff103dab.jpg\",\"contentUrl\":\"https:\/\/belojardim.pe.leg.br\/portal\/wp-content\/uploads\/2019\/11\/10ea734f-694a-4299-8e9c-f4e9ff103dab.jpg\",\"width\":1280,\"height\":960},{\"@type\":\"BreadcrumbList\",\"@id\":\"https:\/\/belojardim.pe.leg.br\/portal\/presidente-prestigia-feira-da-agricultura-familiar-e-cultural-conhecida-como-feira-verde\/#breadcrumb\",\"itemListElement\":[{\"@type\":\"ListItem\",\"position\":1,\"name\":\"In\u00edcio\",\"item\":\"https:\/\/belojardim.pe.leg.br\/portal\/\"},{\"@type\":\"ListItem\",\"position\":2,\"name\":\"Presidente prestigia Feira da Agricultura Familiar e Cultural conhecida como \u201cFeira Verde\u201d\"}]},{\"@type\":\"WebSite\",\"@id\":\"https:\/\/belojardim.pe.leg.br\/portal\/#website\",\"url\":\"https:\/\/belojardim.pe.leg.br\/portal\/\",\"name\":\"C\u00e2mara Municipal de Belo Jardim\",\"description\":\"Casa Cust\u00f3dio Ferreira Mergulh\u00e3o\",\"publisher\":{\"@id\":\"https:\/\/belojardim.pe.leg.br\/portal\/#organization\"},\"potentialAction\":[{\"@type\":\"SearchAction\",\"target\":{\"@type\":\"EntryPoint\",\"urlTemplate\":\"https:\/\/belojardim.pe.leg.br\/portal\/?s={search_term_string}\"},\"query-input\":{\"@type\":\"PropertyValueSpecification\",\"valueRequired\":true,\"valueName\":\"search_term_string\"}}],\"inLanguage\":\"pt-BR\"},{\"@type\":\"Organization\",\"@id\":\"https:\/\/belojardim.pe.leg.br\/portal\/#organization\",\"name\":\"C\u00e2mara Municipal de Belo Jardim\",\"url\":\"https:\/\/belojardim.pe.leg.br\/portal\/\",\"logo\":{\"@type\":\"ImageObject\",\"inLanguage\":\"pt-BR\",\"@id\":\"https:\/\/belojardim.pe.leg.br\/portal\/#\/schema\/logo\/image\/\",\"url\":\"https:\/\/belojardim.pe.leg.br\/portal\/wp-content\/uploads\/2025\/02\/brasao_novo_camara.png\",\"contentUrl\":\"https:\/\/belojardim.pe.leg.br\/portal\/wp-content\/uploads\/2025\/02\/brasao_novo_camara.png\",\"width\":7239,\"height\":1735,\"caption\":\"C\u00e2mara Municipal de Belo Jardim\"},\"image\":{\"@id\":\"https:\/\/belojardim.pe.leg.br\/portal\/#\/schema\/logo\/image\/\"}},{\"@type\":\"Person\",\"@id\":\"https:\/\/belojardim.pe.leg.br\/portal\/#\/schema\/person\/c089396bbdda28d0dc0dc2f55131a756\",\"name\":\"admin\",\"image\":{\"@type\":\"ImageObject\",\"inLanguage\":\"pt-BR\",\"@id\":\"https:\/\/belojardim.pe.leg.br\/portal\/#\/schema\/person\/image\/\",\"url\":\"https:\/\/secure.gravatar.com\/avatar\/0dfaa2d7fc5134b8fe4778030bf6f957a5f7c7be5b9aa76789f37b9cfb962b32?s=96&d=mm&r=g\",\"contentUrl\":\"https:\/\/secure.gravatar.com\/avatar\/0dfaa2d7fc5134b8fe4778030bf6f957a5f7c7be5b9aa76789f37b9cfb962b32?s=96&d=mm&r=g\",\"caption\":\"admin\"},\"url\":\"https:\/\/belojardim.pe.leg.br\/portal\/author\/admin\/\"}]}<\/script>\n<!-- \/ Yoast SEO plugin. -->","yoast_head_json":{"title":"Presidente prestigia Feira da Agricultura Familiar e Cultural conhecida como \u201cFeira Verde\u201d - C\u00e2mara Municipal de Belo Jardim","robots":{"index":"index","follow":"follow","max-snippet":"max-snippet:-1","max-image-preview":"max-image-preview:large","max-video-preview":"max-video-preview:-1"},"canonical":"https:\/\/belojardim.pe.leg.br\/portal\/presidente-prestigia-feira-da-agricultura-familiar-e-cultural-conhecida-como-feira-verde\/","og_locale":"pt_BR","og_type":"article","og_title":"Presidente prestigia Feira da Agricultura Familiar e Cultural conhecida como \u201cFeira Verde\u201d - C\u00e2mara Municipal de Belo Jardim","og_url":"https:\/\/belojardim.pe.leg.br\/portal\/presidente-prestigia-feira-da-agricultura-familiar-e-cultural-conhecida-como-feira-verde\/","og_site_name":"C\u00e2mara Municipal de Belo Jardim","article_published_time":"2019-11-04T11:44:40+00:00","article_modified_time":"2019-11-04T11:44:43+00:00","og_image":[{"width":1280,"height":960,"url":"https:\/\/belojardim.pe.leg.br\/portal\/wp-content\/uploads\/2019\/11\/10ea734f-694a-4299-8e9c-f4e9ff103dab.jpg","type":"image\/jpeg"}],"author":"admin","twitter_card":"summary_large_image","twitter_misc":{"Escrito por":"admin","Est. tempo de leitura":"1 minuto"},"schema":{"@context":"https:\/\/schema.org","@graph":[{"@type":"Article","@id":"https:\/\/belojardim.pe.leg.br\/portal\/presidente-prestigia-feira-da-agricultura-familiar-e-cultural-conhecida-como-feira-verde\/#article","isPartOf":{"@id":"https:\/\/belojardim.pe.leg.br\/portal\/presidente-prestigia-feira-da-agricultura-familiar-e-cultural-conhecida-como-feira-verde\/"},"author":{"name":"admin","@id":"https:\/\/belojardim.pe.leg.br\/portal\/#\/schema\/person\/c089396bbdda28d0dc0dc2f55131a756"},"headline":"Presidente prestigia Feira da Agricultura Familiar e Cultural conhecida como \u201cFeira Verde\u201d","datePublished":"2019-11-04T11:44:40+00:00","dateModified":"2019-11-04T11:44:43+00:00","mainEntityOfPage":{"@id":"https:\/\/belojardim.pe.leg.br\/portal\/presidente-prestigia-feira-da-agricultura-familiar-e-cultural-conhecida-como-feira-verde\/"},"wordCount":202,"commentCount":0,"publisher":{"@id":"https:\/\/belojardim.pe.leg.br\/portal\/#organization"},"image":{"@id":"https:\/\/belojardim.pe.leg.br\/portal\/presidente-prestigia-feira-da-agricultura-familiar-e-cultural-conhecida-como-feira-verde\/#primaryimage"},"thumbnailUrl":"https:\/\/belojardim.pe.leg.br\/portal\/wp-content\/uploads\/2019\/11\/10ea734f-694a-4299-8e9c-f4e9ff103dab.jpg","articleSection":["Destaques","Euninho","Not\u00edcias da C\u00e2mara"],"inLanguage":"pt-BR","potentialAction":[{"@type":"CommentAction","name":"Comment","target":["https:\/\/belojardim.pe.leg.br\/portal\/presidente-prestigia-feira-da-agricultura-familiar-e-cultural-conhecida-como-feira-verde\/#respond"]}]},{"@type":"WebPage","@id":"https:\/\/belojardim.pe.leg.br\/portal\/presidente-prestigia-feira-da-agricultura-familiar-e-cultural-conhecida-como-feira-verde\/","url":"https:\/\/belojardim.pe.leg.br\/portal\/presidente-prestigia-feira-da-agricultura-familiar-e-cultural-conhecida-como-feira-verde\/","name":"Presidente prestigia Feira da Agricultura Familiar e Cultural conhecida como \u201cFeira Verde\u201d - C\u00e2mara Municipal de Belo Jardim","isPartOf":{"@id":"https:\/\/belojardim.pe.leg.br\/portal\/#website"},"primaryImageOfPage":{"@id":"https:\/\/belojardim.pe.leg.br\/portal\/presidente-prestigia-feira-da-agricultura-familiar-e-cultural-conhecida-como-feira-verde\/#primaryimage"},"image":{"@id":"https:\/\/belojardim.pe.leg.br\/portal\/presidente-prestigia-feira-da-agricultura-familiar-e-cultural-conhecida-como-feira-verde\/#primaryimage"},"thumbnailUrl":"https:\/\/belojardim.pe.leg.br\/portal\/wp-content\/uploads\/2019\/11\/10ea734f-694a-4299-8e9c-f4e9ff103dab.jpg","datePublished":"2019-11-04T11:44:40+00:00","dateModified":"2019-11-04T11:44:43+00:00","breadcrumb":{"@id":"https:\/\/belojardim.pe.leg.br\/portal\/presidente-prestigia-feira-da-agricultura-familiar-e-cultural-conhecida-como-feira-verde\/#breadcrumb"},"inLanguage":"pt-BR","potentialAction":[{"@type":"ReadAction","target":["https:\/\/belojardim.pe.leg.br\/portal\/presidente-prestigia-feira-da-agricultura-familiar-e-cultural-conhecida-como-feira-verde\/"]}]},{"@type":"ImageObject","inLanguage":"pt-BR","@id":"https:\/\/belojardim.pe.leg.br\/portal\/presidente-prestigia-feira-da-agricultura-familiar-e-cultural-conhecida-como-feira-verde\/#primaryimage","url":"https:\/\/belojardim.pe.leg.br\/portal\/wp-content\/uploads\/2019\/11\/10ea734f-694a-4299-8e9c-f4e9ff103dab.jpg","contentUrl":"https:\/\/belojardim.pe.leg.br\/portal\/wp-content\/uploads\/2019\/11\/10ea734f-694a-4299-8e9c-f4e9ff103dab.jpg","width":1280,"height":960},{"@type":"BreadcrumbList","@id":"https:\/\/belojardim.pe.leg.br\/portal\/presidente-prestigia-feira-da-agricultura-familiar-e-cultural-conhecida-como-feira-verde\/#breadcrumb","itemListElement":[{"@type":"ListItem","position":1,"name":"In\u00edcio","item":"https:\/\/belojardim.pe.leg.br\/portal\/"},{"@type":"ListItem","position":2,"name":"Presidente prestigia Feira da Agricultura Familiar e Cultural conhecida como \u201cFeira Verde\u201d"}]},{"@type":"WebSite","@id":"https:\/\/belojardim.pe.leg.br\/portal\/#website","url":"https:\/\/belojardim.pe.leg.br\/portal\/","name":"C\u00e2mara Municipal de Belo Jardim","description":"Casa Cust\u00f3dio Ferreira Mergulh\u00e3o","publisher":{"@id":"https:\/\/belojardim.pe.leg.br\/portal\/#organization"},"potentialAction":[{"@type":"SearchAction","target":{"@type":"EntryPoint","urlTemplate":"https:\/\/belojardim.pe.leg.br\/portal\/?s={search_term_string}"},"query-input":{"@type":"PropertyValueSpecification","valueRequired":true,"valueName":"search_term_string"}}],"inLanguage":"pt-BR"},{"@type":"Organization","@id":"https:\/\/belojardim.pe.leg.br\/portal\/#organization","name":"C\u00e2mara Municipal de Belo Jardim","url":"https:\/\/belojardim.pe.leg.br\/portal\/","logo":{"@type":"ImageObject","inLanguage":"pt-BR","@id":"https:\/\/belojardim.pe.leg.br\/portal\/#\/schema\/logo\/image\/","url":"https:\/\/belojardim.pe.leg.br\/portal\/wp-content\/uploads\/2025\/02\/brasao_novo_camara.png","contentUrl":"https:\/\/belojardim.pe.leg.br\/portal\/wp-content\/uploads\/2025\/02\/brasao_novo_camara.png","width":7239,"height":1735,"caption":"C\u00e2mara Municipal de Belo Jardim"},"image":{"@id":"https:\/\/belojardim.pe.leg.br\/portal\/#\/schema\/logo\/image\/"}},{"@type":"Person","@id":"https:\/\/belojardim.pe.leg.br\/portal\/#\/schema\/person\/c089396bbdda28d0dc0dc2f55131a756","name":"admin","image":{"@type":"ImageObject","inLanguage":"pt-BR","@id":"https:\/\/belojardim.pe.leg.br\/portal\/#\/schema\/person\/image\/","url":"https:\/\/secure.gravatar.com\/avatar\/0dfaa2d7fc5134b8fe4778030bf6f957a5f7c7be5b9aa76789f37b9cfb962b32?s=96&d=mm&r=g","contentUrl":"https:\/\/secure.gravatar.com\/avatar\/0dfaa2d7fc5134b8fe4778030bf6f957a5f7c7be5b9aa76789f37b9cfb962b32?s=96&d=mm&r=g","caption":"admin"},"url":"https:\/\/belojardim.pe.leg.br\/portal\/author\/admin\/"}]}},"_links":{"self":[{"href":"https:\/\/belojardim.pe.leg.br\/portal\/wp-json\/wp\/v2\/posts\/11856","targetHints":{"allow":["GET"]}}],"collection":[{"href":"https:\/\/belojardim.pe.leg.br\/portal\/wp-json\/wp\/v2\/posts"}],"about":[{"href":"https:\/\/belojardim.pe.leg.br\/portal\/wp-json\/wp\/v2\/types\/post"}],"author":[{"embeddable":true,"href":"https:\/\/belojardim.pe.leg.br\/portal\/wp-json\/wp\/v2\/users\/1"}],"replies":[{"embeddable":true,"href":"https:\/\/belojardim.pe.leg.br\/portal\/wp-json\/wp\/v2\/comments?post=11856"}],"version-history":[{"count":2,"href":"https:\/\/belojardim.pe.leg.br\/portal\/wp-json\/wp\/v2\/posts\/11856\/revisions"}],"predecessor-version":[{"id":11873,"href":"https:\/\/belojardim.pe.leg.br\/portal\/wp-json\/wp\/v2\/posts\/11856\/revisions\/11873"}],"wp:featuredmedia":[{"embeddable":true,"href":"https:\/\/belojardim.pe.leg.br\/portal\/wp-json\/wp\/v2\/media\/11857"}],"wp:attachment":[{"href":"https:\/\/belojardim.pe.leg.br\/portal\/wp-json\/wp\/v2\/media?parent=11856"}],"wp:term":[{"taxonomy":"category","embeddable":true,"href":"https:\/\/belojardim.pe.leg.br\/portal\/wp-json\/wp\/v2\/categories?post=11856"},{"taxonomy":"post_tag","embeddable":true,"href":"https:\/\/belojardim.pe.leg.br\/portal\/wp-json\/wp\/v2\/tags?post=11856"}],"curies":[{"name":"wp","href":"https:\/\/api.w.org\/{rel}","templated":true}]}}