{"id":11842,"date":"2019-10-24T08:32:48","date_gmt":"2019-10-24T11:32:48","guid":{"rendered":"http:\/\/belojardim.pe.leg.br\/portal\/?p=11842"},"modified":"2019-11-04T08:38:20","modified_gmt":"2019-11-04T11:38:20","slug":"audiencia-publica-sobre-desdobro-de-terrenos-em-nosso-municipio","status":"publish","type":"post","link":"https:\/\/belojardim.pe.leg.br\/portal\/audiencia-publica-sobre-desdobro-de-terrenos-em-nosso-municipio\/","title":{"rendered":"AUDI\u00caNCIA P\u00daBLICA SOBRE DESDOBRO DE TERRENOS EM NOSSO MUNIC\u00cdPIO"},"content":{"rendered":"\n<p>OCORREU NO DIA 23 DE OUTUBRO \u00c1S 09:30 H, NO PLEN\u00c1RIO DA CASA CUST\u00d3DIO FERREIRA MERGULH\u00c3O UMA AUDI\u00caNCIA P\u00daBLICA COM O TEMA<strong> \u201cDISCUSS\u00c3O SOBRE O PROJETO DE LEI N\u00ba 029\/2019 DE AUTORIA DO PODER EXECUTIVO QUE VERSA SOBRE ALTERA\u00c7\u00c3O NA LEI N\u00ba 1.681-a, DE 27 DE DEZEMBRO DE 2007 \u2013 PLANO DIRETOR DO MUNIC\u00cdPIO DE BELO JARDIM E D\u00c1 OUTRAS PROVID\u00caNCIAS\u201d <\/strong>TRATANDO SOBRE DESDOBRO DE TERRENOS EM NOSSO MUNIC\u00cdPIO.<\/p>\n<p>NA OCASI\u00c3O CONTAMOS COM AS PRESEN\u00c7AS DE V\u00c1RIOS CONSTRUTORES, CORRETORES DE IM\u00d3VEIS E PESSOAS DOS MAIS DIVERSOS SEGUIMENTOS QUE TAMB\u00c9M T\u00caM INTERESSE COMUM NA APROVA\u00c7\u00c3O DESSE PROJETO.<\/p>\n<p>DENTRE AS PESSOAS QUE COMPUSERAM A MESA NA OCASI\u00c3O ESTIVERAM O DR. DIEGO GON\u00c7ALVES, ASSESSOR JUR\u00cdDICO DESTA CASA LEGISLATIVA, O DR. URIEL CAMPELO FILHO, PROCURADOR DO MUNIC\u00cdPIO, SR. C\u00cdCERO NUNES, SECRET\u00c1RIO MUNICIPAL DE OBRAS, \u00a0SR. CELSON DA IMOBILI\u00c1RIA CELSON IM\u00d3VEIS, SR. NATANAEL, REPRESENTANDO UMA DAS MAIORES CONSTRUTORAS DO NOSSO MUNIC\u00cdPIO A VIANA &amp; MOURA, O OFICIAL DO CART\u00d3RIO DE REGISTRO DE IM\u00d3VEIS SR. BERTOTO, A VEREADORA DO MUNIC\u00cdPIO DE TACAIMB\u00d3 SRA. LIA, \u00a0E OS CONSTRUTORES EZEQUIEL E JAMERSON.<\/p>\n<p>NO PROJETO DE LEI N\u00ba 029\/19 EM SEU ART. 1\u00ba \u00a7 4\u00ba DIZ QUE OS LOTES DEVIDAMENTE REGISTRADOS NO CART\u00d3RIO DESTA COMARCA E ONDE J\u00c1 HOUVER IM\u00d3VEL CONSTRU\u00cdDO, FICAR\u00c1 PERMITIDO AO PROPRIET\u00c1RIO EFETUAR O DESDOBRO DO TERRENO MESMO EM CASO DE OS LOTES DESDOBRADOS FICAREM COM \u00c1REA INFERIOR A 125M\u00b2, E FOI JUSTAMENTE ESSE PAR\u00c1GRAFO QUE CRIOU TODA A POL\u00caMICA DA AUDI\u00caNCIA, UMA VEZ QUE AO SER APROVADO O REFERIDO PROJETO, OS CONSTRUTORES FICARIAM LIVRES PARA FAZER O DESDOBRAMENTO DE QUALQUER \u00c1REA, O QUE SEGUNDO O PARECER JUR\u00cdDICO DESTA CASA LEGISLATIVA VAI CONTRA O ARTIGO 4\u00ba, INCISO II, DA LEI FEDERAL N\u00ba 6.766\/79, E NA CONCLUS\u00c3O DO MESMO OPINOU PELA ILEGALIDADE E CONSEQUENTE INCONSTITUCIONALIDADE DO PROJETO.<\/p>\n<p>AP\u00d3S V\u00c1RIAS EXPLANA\u00c7\u00d5ES DOS VEREADORES PRESENTES, PLATEIA E COMPONENTES DA MESA, CHEGOU-SE A UM CONSENSO DE QUE O PROJETO DEVERIA SER DEVOLVIDO AO PODER EXECUTIVO PARA QUE FOSSEM FEITAS NOVAS AN\u00c1LISES E ALTERA\u00c7\u00d5ES.<\/p>\n<div id='gallery-1' class='gallery galleryid-11842 gallery-columns-2 gallery-size-medium'><figure class='gallery-item'>\n\t\t\t<div class='gallery-icon landscape'>\n\t\t\t\t<img loading=\"lazy\" decoding=\"async\" width=\"300\" height=\"225\" src=\"https:\/\/belojardim.pe.leg.br\/portal\/wp-content\/uploads\/2019\/11\/0c41be04-f15e-4119-aa5b-89e3b6aa511e-300x225.jpg\" class=\"attachment-medium size-medium\" alt=\"\" srcset=\"https:\/\/belojardim.pe.leg.br\/portal\/wp-content\/uploads\/2019\/11\/0c41be04-f15e-4119-aa5b-89e3b6aa511e-300x225.jpg 300w, https:\/\/belojardim.pe.leg.br\/portal\/wp-content\/uploads\/2019\/11\/0c41be04-f15e-4119-aa5b-89e3b6aa511e-768x576.jpg 768w, https:\/\/belojardim.pe.leg.br\/portal\/wp-content\/uploads\/2019\/11\/0c41be04-f15e-4119-aa5b-89e3b6aa511e-1024x768.jpg 1024w, https:\/\/belojardim.pe.leg.br\/portal\/wp-content\/uploads\/2019\/11\/0c41be04-f15e-4119-aa5b-89e3b6aa511e-1218x914.jpg 1218w, https:\/\/belojardim.pe.leg.br\/portal\/wp-content\/uploads\/2019\/11\/0c41be04-f15e-4119-aa5b-89e3b6aa511e-480x360.jpg 480w, https:\/\/belojardim.pe.leg.br\/portal\/wp-content\/uploads\/2019\/11\/0c41be04-f15e-4119-aa5b-89e3b6aa511e.jpg 1280w\" sizes=\"auto, (max-width: 300px) 100vw, 300px\" \/>\n\t\t\t<\/div><\/figure><figure class='gallery-item'>\n\t\t\t<div class='gallery-icon landscape'>\n\t\t\t\t<img loading=\"lazy\" decoding=\"async\" width=\"300\" height=\"225\" src=\"https:\/\/belojardim.pe.leg.br\/portal\/wp-content\/uploads\/2019\/11\/1d2d40b3-c198-48b2-b13b-de79d5f0c4a9-1-300x225.jpg\" class=\"attachment-medium size-medium\" alt=\"\" srcset=\"https:\/\/belojardim.pe.leg.br\/portal\/wp-content\/uploads\/2019\/11\/1d2d40b3-c198-48b2-b13b-de79d5f0c4a9-1-300x225.jpg 300w, https:\/\/belojardim.pe.leg.br\/portal\/wp-content\/uploads\/2019\/11\/1d2d40b3-c198-48b2-b13b-de79d5f0c4a9-1-768x576.jpg 768w, https:\/\/belojardim.pe.leg.br\/portal\/wp-content\/uploads\/2019\/11\/1d2d40b3-c198-48b2-b13b-de79d5f0c4a9-1-1024x768.jpg 1024w, https:\/\/belojardim.pe.leg.br\/portal\/wp-content\/uploads\/2019\/11\/1d2d40b3-c198-48b2-b13b-de79d5f0c4a9-1-1218x914.jpg 1218w, https:\/\/belojardim.pe.leg.br\/portal\/wp-content\/uploads\/2019\/11\/1d2d40b3-c198-48b2-b13b-de79d5f0c4a9-1-480x360.jpg 480w, https:\/\/belojardim.pe.leg.br\/portal\/wp-content\/uploads\/2019\/11\/1d2d40b3-c198-48b2-b13b-de79d5f0c4a9-1.jpg 1280w\" sizes=\"auto, (max-width: 300px) 100vw, 300px\" \/>\n\t\t\t<\/div><\/figure><figure class='gallery-item'>\n\t\t\t<div class='gallery-icon landscape'>\n\t\t\t\t<img loading=\"lazy\" decoding=\"async\" width=\"300\" height=\"225\" src=\"https:\/\/belojardim.pe.leg.br\/portal\/wp-content\/uploads\/2019\/11\/2ed77ed5-e1b6-4d6a-bf02-d3203f352b31-300x225.jpg\" class=\"attachment-medium size-medium\" alt=\"\" srcset=\"https:\/\/belojardim.pe.leg.br\/portal\/wp-content\/uploads\/2019\/11\/2ed77ed5-e1b6-4d6a-bf02-d3203f352b31-300x225.jpg 300w, https:\/\/belojardim.pe.leg.br\/portal\/wp-content\/uploads\/2019\/11\/2ed77ed5-e1b6-4d6a-bf02-d3203f352b31-768x576.jpg 768w, https:\/\/belojardim.pe.leg.br\/portal\/wp-content\/uploads\/2019\/11\/2ed77ed5-e1b6-4d6a-bf02-d3203f352b31-1024x768.jpg 1024w, https:\/\/belojardim.pe.leg.br\/portal\/wp-content\/uploads\/2019\/11\/2ed77ed5-e1b6-4d6a-bf02-d3203f352b31-1218x914.jpg 1218w, https:\/\/belojardim.pe.leg.br\/portal\/wp-content\/uploads\/2019\/11\/2ed77ed5-e1b6-4d6a-bf02-d3203f352b31-480x360.jpg 480w, https:\/\/belojardim.pe.leg.br\/portal\/wp-content\/uploads\/2019\/11\/2ed77ed5-e1b6-4d6a-bf02-d3203f352b31.jpg 1280w\" sizes=\"auto, (max-width: 300px) 100vw, 300px\" \/>\n\t\t\t<\/div><\/figure><figure class='gallery-item'>\n\t\t\t<div class='gallery-icon landscape'>\n\t\t\t\t<img loading=\"lazy\" decoding=\"async\" width=\"300\" height=\"225\" src=\"https:\/\/belojardim.pe.leg.br\/portal\/wp-content\/uploads\/2019\/11\/68c7561e-e139-47b1-bcb5-fca97d4360d9-300x225.jpg\" class=\"attachment-medium size-medium\" alt=\"\" srcset=\"https:\/\/belojardim.pe.leg.br\/portal\/wp-content\/uploads\/2019\/11\/68c7561e-e139-47b1-bcb5-fca97d4360d9-300x225.jpg 300w, https:\/\/belojardim.pe.leg.br\/portal\/wp-content\/uploads\/2019\/11\/68c7561e-e139-47b1-bcb5-fca97d4360d9-768x576.jpg 768w, https:\/\/belojardim.pe.leg.br\/portal\/wp-content\/uploads\/2019\/11\/68c7561e-e139-47b1-bcb5-fca97d4360d9-1024x768.jpg 1024w, https:\/\/belojardim.pe.leg.br\/portal\/wp-content\/uploads\/2019\/11\/68c7561e-e139-47b1-bcb5-fca97d4360d9-1218x914.jpg 1218w, https:\/\/belojardim.pe.leg.br\/portal\/wp-content\/uploads\/2019\/11\/68c7561e-e139-47b1-bcb5-fca97d4360d9-480x360.jpg 480w, https:\/\/belojardim.pe.leg.br\/portal\/wp-content\/uploads\/2019\/11\/68c7561e-e139-47b1-bcb5-fca97d4360d9.jpg 1280w\" sizes=\"auto, (max-width: 300px) 100vw, 300px\" \/>\n\t\t\t<\/div><\/figure><figure class='gallery-item'>\n\t\t\t<div class='gallery-icon landscape'>\n\t\t\t\t<img loading=\"lazy\" decoding=\"async\" width=\"300\" height=\"225\" src=\"https:\/\/belojardim.pe.leg.br\/portal\/wp-content\/uploads\/2019\/11\/89b35d23-4628-4fca-8f0d-5e23af2ea08d-300x225.jpg\" class=\"attachment-medium size-medium\" alt=\"\" srcset=\"https:\/\/belojardim.pe.leg.br\/portal\/wp-content\/uploads\/2019\/11\/89b35d23-4628-4fca-8f0d-5e23af2ea08d-300x225.jpg 300w, https:\/\/belojardim.pe.leg.br\/portal\/wp-content\/uploads\/2019\/11\/89b35d23-4628-4fca-8f0d-5e23af2ea08d-768x576.jpg 768w, https:\/\/belojardim.pe.leg.br\/portal\/wp-content\/uploads\/2019\/11\/89b35d23-4628-4fca-8f0d-5e23af2ea08d-1024x768.jpg 1024w, https:\/\/belojardim.pe.leg.br\/portal\/wp-content\/uploads\/2019\/11\/89b35d23-4628-4fca-8f0d-5e23af2ea08d-1218x914.jpg 1218w, https:\/\/belojardim.pe.leg.br\/portal\/wp-content\/uploads\/2019\/11\/89b35d23-4628-4fca-8f0d-5e23af2ea08d-480x360.jpg 480w, https:\/\/belojardim.pe.leg.br\/portal\/wp-content\/uploads\/2019\/11\/89b35d23-4628-4fca-8f0d-5e23af2ea08d.jpg 1280w\" sizes=\"auto, (max-width: 300px) 100vw, 300px\" \/>\n\t\t\t<\/div><\/figure><figure class='gallery-item'>\n\t\t\t<div class='gallery-icon landscape'>\n\t\t\t\t<img loading=\"lazy\" decoding=\"async\" width=\"300\" height=\"225\" src=\"https:\/\/belojardim.pe.leg.br\/portal\/wp-content\/uploads\/2019\/11\/afc48789-319f-4e3c-8410-32487f28b343-300x225.jpg\" class=\"attachment-medium size-medium\" alt=\"\" srcset=\"https:\/\/belojardim.pe.leg.br\/portal\/wp-content\/uploads\/2019\/11\/afc48789-319f-4e3c-8410-32487f28b343-300x225.jpg 300w, https:\/\/belojardim.pe.leg.br\/portal\/wp-content\/uploads\/2019\/11\/afc48789-319f-4e3c-8410-32487f28b343-768x576.jpg 768w, https:\/\/belojardim.pe.leg.br\/portal\/wp-content\/uploads\/2019\/11\/afc48789-319f-4e3c-8410-32487f28b343-1024x768.jpg 1024w, https:\/\/belojardim.pe.leg.br\/portal\/wp-content\/uploads\/2019\/11\/afc48789-319f-4e3c-8410-32487f28b343-1218x914.jpg 1218w, https:\/\/belojardim.pe.leg.br\/portal\/wp-content\/uploads\/2019\/11\/afc48789-319f-4e3c-8410-32487f28b343-480x360.jpg 480w, https:\/\/belojardim.pe.leg.br\/portal\/wp-content\/uploads\/2019\/11\/afc48789-319f-4e3c-8410-32487f28b343.jpg 1280w\" sizes=\"auto, (max-width: 300px) 100vw, 300px\" \/>\n\t\t\t<\/div><\/figure><figure class='gallery-item'>\n\t\t\t<div class='gallery-icon landscape'>\n\t\t\t\t<img loading=\"lazy\" decoding=\"async\" width=\"300\" height=\"225\" src=\"https:\/\/belojardim.pe.leg.br\/portal\/wp-content\/uploads\/2019\/11\/c467dec5-f10a-4534-a629-883473d2b4af-300x225.jpg\" class=\"attachment-medium size-medium\" alt=\"\" srcset=\"https:\/\/belojardim.pe.leg.br\/portal\/wp-content\/uploads\/2019\/11\/c467dec5-f10a-4534-a629-883473d2b4af-300x225.jpg 300w, https:\/\/belojardim.pe.leg.br\/portal\/wp-content\/uploads\/2019\/11\/c467dec5-f10a-4534-a629-883473d2b4af-768x576.jpg 768w, https:\/\/belojardim.pe.leg.br\/portal\/wp-content\/uploads\/2019\/11\/c467dec5-f10a-4534-a629-883473d2b4af-1024x768.jpg 1024w, https:\/\/belojardim.pe.leg.br\/portal\/wp-content\/uploads\/2019\/11\/c467dec5-f10a-4534-a629-883473d2b4af-1218x914.jpg 1218w, https:\/\/belojardim.pe.leg.br\/portal\/wp-content\/uploads\/2019\/11\/c467dec5-f10a-4534-a629-883473d2b4af-480x360.jpg 480w, https:\/\/belojardim.pe.leg.br\/portal\/wp-content\/uploads\/2019\/11\/c467dec5-f10a-4534-a629-883473d2b4af.jpg 1280w\" sizes=\"auto, (max-width: 300px) 100vw, 300px\" \/>\n\t\t\t<\/div><\/figure><figure class='gallery-item'>\n\t\t\t<div class='gallery-icon landscape'>\n\t\t\t\t<img loading=\"lazy\" decoding=\"async\" width=\"300\" height=\"225\" src=\"https:\/\/belojardim.pe.leg.br\/portal\/wp-content\/uploads\/2019\/11\/ca66a2c1-fe94-481e-a868-0f3a9e37d625-300x225.jpg\" class=\"attachment-medium size-medium\" alt=\"\" srcset=\"https:\/\/belojardim.pe.leg.br\/portal\/wp-content\/uploads\/2019\/11\/ca66a2c1-fe94-481e-a868-0f3a9e37d625-300x225.jpg 300w, https:\/\/belojardim.pe.leg.br\/portal\/wp-content\/uploads\/2019\/11\/ca66a2c1-fe94-481e-a868-0f3a9e37d625-768x576.jpg 768w, https:\/\/belojardim.pe.leg.br\/portal\/wp-content\/uploads\/2019\/11\/ca66a2c1-fe94-481e-a868-0f3a9e37d625-1024x768.jpg 1024w, https:\/\/belojardim.pe.leg.br\/portal\/wp-content\/uploads\/2019\/11\/ca66a2c1-fe94-481e-a868-0f3a9e37d625-1218x914.jpg 1218w, https:\/\/belojardim.pe.leg.br\/portal\/wp-content\/uploads\/2019\/11\/ca66a2c1-fe94-481e-a868-0f3a9e37d625-480x360.jpg 480w, https:\/\/belojardim.pe.leg.br\/portal\/wp-content\/uploads\/2019\/11\/ca66a2c1-fe94-481e-a868-0f3a9e37d625.jpg 1280w\" sizes=\"auto, (max-width: 300px) 100vw, 300px\" \/>\n\t\t\t<\/div><\/figure><figure class='gallery-item'>\n\t\t\t<div class='gallery-icon landscape'>\n\t\t\t\t<img loading=\"lazy\" decoding=\"async\" width=\"300\" height=\"225\" src=\"https:\/\/belojardim.pe.leg.br\/portal\/wp-content\/uploads\/2019\/11\/d0ebfb8f-1e1e-4a32-9849-4b2fa4d6664f-300x225.jpg\" class=\"attachment-medium size-medium\" alt=\"\" srcset=\"https:\/\/belojardim.pe.leg.br\/portal\/wp-content\/uploads\/2019\/11\/d0ebfb8f-1e1e-4a32-9849-4b2fa4d6664f-300x225.jpg 300w, https:\/\/belojardim.pe.leg.br\/portal\/wp-content\/uploads\/2019\/11\/d0ebfb8f-1e1e-4a32-9849-4b2fa4d6664f-768x576.jpg 768w, https:\/\/belojardim.pe.leg.br\/portal\/wp-content\/uploads\/2019\/11\/d0ebfb8f-1e1e-4a32-9849-4b2fa4d6664f-1024x768.jpg 1024w, https:\/\/belojardim.pe.leg.br\/portal\/wp-content\/uploads\/2019\/11\/d0ebfb8f-1e1e-4a32-9849-4b2fa4d6664f-1218x914.jpg 1218w, https:\/\/belojardim.pe.leg.br\/portal\/wp-content\/uploads\/2019\/11\/d0ebfb8f-1e1e-4a32-9849-4b2fa4d6664f-480x360.jpg 480w, https:\/\/belojardim.pe.leg.br\/portal\/wp-content\/uploads\/2019\/11\/d0ebfb8f-1e1e-4a32-9849-4b2fa4d6664f.jpg 1280w\" sizes=\"auto, (max-width: 300px) 100vw, 300px\" \/>\n\t\t\t<\/div><\/figure><figure class='gallery-item'>\n\t\t\t<div class='gallery-icon landscape'>\n\t\t\t\t<img loading=\"lazy\" decoding=\"async\" width=\"300\" height=\"225\" src=\"https:\/\/belojardim.pe.leg.br\/portal\/wp-content\/uploads\/2019\/11\/ea05e5c7-910f-44ba-95a2-4a369852c12f-300x225.jpg\" class=\"attachment-medium size-medium\" alt=\"\" srcset=\"https:\/\/belojardim.pe.leg.br\/portal\/wp-content\/uploads\/2019\/11\/ea05e5c7-910f-44ba-95a2-4a369852c12f-300x225.jpg 300w, https:\/\/belojardim.pe.leg.br\/portal\/wp-content\/uploads\/2019\/11\/ea05e5c7-910f-44ba-95a2-4a369852c12f-768x576.jpg 768w, https:\/\/belojardim.pe.leg.br\/portal\/wp-content\/uploads\/2019\/11\/ea05e5c7-910f-44ba-95a2-4a369852c12f-1024x768.jpg 1024w, https:\/\/belojardim.pe.leg.br\/portal\/wp-content\/uploads\/2019\/11\/ea05e5c7-910f-44ba-95a2-4a369852c12f-1218x914.jpg 1218w, https:\/\/belojardim.pe.leg.br\/portal\/wp-content\/uploads\/2019\/11\/ea05e5c7-910f-44ba-95a2-4a369852c12f-480x360.jpg 480w, https:\/\/belojardim.pe.leg.br\/portal\/wp-content\/uploads\/2019\/11\/ea05e5c7-910f-44ba-95a2-4a369852c12f.jpg 1280w\" sizes=\"auto, (max-width: 300px) 100vw, 300px\" \/>\n\t\t\t<\/div><\/figure><figure class='gallery-item'>\n\t\t\t<div class='gallery-icon landscape'>\n\t\t\t\t<img loading=\"lazy\" decoding=\"async\" width=\"300\" height=\"225\" src=\"https:\/\/belojardim.pe.leg.br\/portal\/wp-content\/uploads\/2019\/11\/ff123f42-2c85-4e67-be0a-0ab688885438-300x225.jpg\" class=\"attachment-medium size-medium\" alt=\"\" srcset=\"https:\/\/belojardim.pe.leg.br\/portal\/wp-content\/uploads\/2019\/11\/ff123f42-2c85-4e67-be0a-0ab688885438-300x225.jpg 300w, https:\/\/belojardim.pe.leg.br\/portal\/wp-content\/uploads\/2019\/11\/ff123f42-2c85-4e67-be0a-0ab688885438-768x576.jpg 768w, https:\/\/belojardim.pe.leg.br\/portal\/wp-content\/uploads\/2019\/11\/ff123f42-2c85-4e67-be0a-0ab688885438-1024x768.jpg 1024w, https:\/\/belojardim.pe.leg.br\/portal\/wp-content\/uploads\/2019\/11\/ff123f42-2c85-4e67-be0a-0ab688885438-1218x914.jpg 1218w, https:\/\/belojardim.pe.leg.br\/portal\/wp-content\/uploads\/2019\/11\/ff123f42-2c85-4e67-be0a-0ab688885438-480x360.jpg 480w, https:\/\/belojardim.pe.leg.br\/portal\/wp-content\/uploads\/2019\/11\/ff123f42-2c85-4e67-be0a-0ab688885438.jpg 1280w\" sizes=\"auto, (max-width: 300px) 100vw, 300px\" \/>\n\t\t\t<\/div><\/figure>\n\t\t<\/div>\n\n<p>\u00a0<\/p>\n","protected":false},"excerpt":{"rendered":"","protected":false},"author":1,"featured_media":11843,"comment_status":"open","ping_status":"open","sticky":false,"template":"","format":"standard","meta":{"footnotes":""},"categories":[66],"tags":[],"class_list":["post-11842","post","type-post","status-publish","format-standard","has-post-thumbnail","hentry","category-marcos-buchudo","wpcat-66-id"],"yoast_head":"<!-- This site is optimized with the Yoast SEO plugin v25.1 - https:\/\/yoast.com\/wordpress\/plugins\/seo\/ -->\n<title>AUDI\u00caNCIA P\u00daBLICA SOBRE DESDOBRO DE TERRENOS EM NOSSO MUNIC\u00cdPIO - C\u00e2mara Municipal de Belo Jardim<\/title>\n<meta name=\"robots\" content=\"index, follow, max-snippet:-1, max-image-preview:large, max-video-preview:-1\" \/>\n<link rel=\"canonical\" href=\"https:\/\/belojardim.pe.leg.br\/portal\/audiencia-publica-sobre-desdobro-de-terrenos-em-nosso-municipio\/\" \/>\n<meta property=\"og:locale\" content=\"pt_BR\" \/>\n<meta property=\"og:type\" content=\"article\" \/>\n<meta property=\"og:title\" content=\"AUDI\u00caNCIA P\u00daBLICA SOBRE DESDOBRO DE TERRENOS EM NOSSO MUNIC\u00cdPIO - C\u00e2mara Municipal de Belo Jardim\" \/>\n<meta property=\"og:url\" content=\"https:\/\/belojardim.pe.leg.br\/portal\/audiencia-publica-sobre-desdobro-de-terrenos-em-nosso-municipio\/\" \/>\n<meta property=\"og:site_name\" content=\"C\u00e2mara Municipal de Belo Jardim\" \/>\n<meta property=\"article:published_time\" content=\"2019-10-24T11:32:48+00:00\" \/>\n<meta property=\"article:modified_time\" content=\"2019-11-04T11:38:20+00:00\" \/>\n<meta property=\"og:image\" content=\"https:\/\/belojardim.pe.leg.br\/portal\/wp-content\/uploads\/2019\/11\/1d2d40b3-c198-48b2-b13b-de79d5f0c4a9.jpg\" \/>\n\t<meta property=\"og:image:width\" content=\"1280\" \/>\n\t<meta property=\"og:image:height\" content=\"960\" \/>\n\t<meta property=\"og:image:type\" content=\"image\/jpeg\" \/>\n<meta name=\"author\" content=\"admin\" \/>\n<meta name=\"twitter:card\" content=\"summary_large_image\" \/>\n<meta name=\"twitter:label1\" content=\"Escrito por\" \/>\n\t<meta name=\"twitter:data1\" content=\"admin\" \/>\n\t<meta name=\"twitter:label2\" content=\"Est. tempo de leitura\" \/>\n\t<meta name=\"twitter:data2\" content=\"2 minutos\" \/>\n<script type=\"application\/ld+json\" class=\"yoast-schema-graph\">{\"@context\":\"https:\/\/schema.org\",\"@graph\":[{\"@type\":\"Article\",\"@id\":\"https:\/\/belojardim.pe.leg.br\/portal\/audiencia-publica-sobre-desdobro-de-terrenos-em-nosso-municipio\/#article\",\"isPartOf\":{\"@id\":\"https:\/\/belojardim.pe.leg.br\/portal\/audiencia-publica-sobre-desdobro-de-terrenos-em-nosso-municipio\/\"},\"author\":{\"name\":\"admin\",\"@id\":\"https:\/\/belojardim.pe.leg.br\/portal\/#\/schema\/person\/c089396bbdda28d0dc0dc2f55131a756\"},\"headline\":\"AUDI\u00caNCIA P\u00daBLICA SOBRE DESDOBRO DE TERRENOS EM NOSSO MUNIC\u00cdPIO\",\"datePublished\":\"2019-10-24T11:32:48+00:00\",\"dateModified\":\"2019-11-04T11:38:20+00:00\",\"mainEntityOfPage\":{\"@id\":\"https:\/\/belojardim.pe.leg.br\/portal\/audiencia-publica-sobre-desdobro-de-terrenos-em-nosso-municipio\/\"},\"wordCount\":373,\"commentCount\":0,\"publisher\":{\"@id\":\"https:\/\/belojardim.pe.leg.br\/portal\/#organization\"},\"image\":{\"@id\":\"https:\/\/belojardim.pe.leg.br\/portal\/audiencia-publica-sobre-desdobro-de-terrenos-em-nosso-municipio\/#primaryimage\"},\"thumbnailUrl\":\"https:\/\/belojardim.pe.leg.br\/portal\/wp-content\/uploads\/2019\/11\/1d2d40b3-c198-48b2-b13b-de79d5f0c4a9.jpg\",\"articleSection\":[\"Marcos Buchudo\"],\"inLanguage\":\"pt-BR\",\"potentialAction\":[{\"@type\":\"CommentAction\",\"name\":\"Comment\",\"target\":[\"https:\/\/belojardim.pe.leg.br\/portal\/audiencia-publica-sobre-desdobro-de-terrenos-em-nosso-municipio\/#respond\"]}]},{\"@type\":\"WebPage\",\"@id\":\"https:\/\/belojardim.pe.leg.br\/portal\/audiencia-publica-sobre-desdobro-de-terrenos-em-nosso-municipio\/\",\"url\":\"https:\/\/belojardim.pe.leg.br\/portal\/audiencia-publica-sobre-desdobro-de-terrenos-em-nosso-municipio\/\",\"name\":\"AUDI\u00caNCIA P\u00daBLICA SOBRE DESDOBRO DE TERRENOS EM NOSSO MUNIC\u00cdPIO - C\u00e2mara Municipal de Belo Jardim\",\"isPartOf\":{\"@id\":\"https:\/\/belojardim.pe.leg.br\/portal\/#website\"},\"primaryImageOfPage\":{\"@id\":\"https:\/\/belojardim.pe.leg.br\/portal\/audiencia-publica-sobre-desdobro-de-terrenos-em-nosso-municipio\/#primaryimage\"},\"image\":{\"@id\":\"https:\/\/belojardim.pe.leg.br\/portal\/audiencia-publica-sobre-desdobro-de-terrenos-em-nosso-municipio\/#primaryimage\"},\"thumbnailUrl\":\"https:\/\/belojardim.pe.leg.br\/portal\/wp-content\/uploads\/2019\/11\/1d2d40b3-c198-48b2-b13b-de79d5f0c4a9.jpg\",\"datePublished\":\"2019-10-24T11:32:48+00:00\",\"dateModified\":\"2019-11-04T11:38:20+00:00\",\"breadcrumb\":{\"@id\":\"https:\/\/belojardim.pe.leg.br\/portal\/audiencia-publica-sobre-desdobro-de-terrenos-em-nosso-municipio\/#breadcrumb\"},\"inLanguage\":\"pt-BR\",\"potentialAction\":[{\"@type\":\"ReadAction\",\"target\":[\"https:\/\/belojardim.pe.leg.br\/portal\/audiencia-publica-sobre-desdobro-de-terrenos-em-nosso-municipio\/\"]}]},{\"@type\":\"ImageObject\",\"inLanguage\":\"pt-BR\",\"@id\":\"https:\/\/belojardim.pe.leg.br\/portal\/audiencia-publica-sobre-desdobro-de-terrenos-em-nosso-municipio\/#primaryimage\",\"url\":\"https:\/\/belojardim.pe.leg.br\/portal\/wp-content\/uploads\/2019\/11\/1d2d40b3-c198-48b2-b13b-de79d5f0c4a9.jpg\",\"contentUrl\":\"https:\/\/belojardim.pe.leg.br\/portal\/wp-content\/uploads\/2019\/11\/1d2d40b3-c198-48b2-b13b-de79d5f0c4a9.jpg\",\"width\":1280,\"height\":960},{\"@type\":\"BreadcrumbList\",\"@id\":\"https:\/\/belojardim.pe.leg.br\/portal\/audiencia-publica-sobre-desdobro-de-terrenos-em-nosso-municipio\/#breadcrumb\",\"itemListElement\":[{\"@type\":\"ListItem\",\"position\":1,\"name\":\"In\u00edcio\",\"item\":\"https:\/\/belojardim.pe.leg.br\/portal\/\"},{\"@type\":\"ListItem\",\"position\":2,\"name\":\"AUDI\u00caNCIA P\u00daBLICA SOBRE DESDOBRO DE TERRENOS EM NOSSO MUNIC\u00cdPIO\"}]},{\"@type\":\"WebSite\",\"@id\":\"https:\/\/belojardim.pe.leg.br\/portal\/#website\",\"url\":\"https:\/\/belojardim.pe.leg.br\/portal\/\",\"name\":\"C\u00e2mara Municipal de Belo Jardim\",\"description\":\"Casa Cust\u00f3dio Ferreira Mergulh\u00e3o\",\"publisher\":{\"@id\":\"https:\/\/belojardim.pe.leg.br\/portal\/#organization\"},\"potentialAction\":[{\"@type\":\"SearchAction\",\"target\":{\"@type\":\"EntryPoint\",\"urlTemplate\":\"https:\/\/belojardim.pe.leg.br\/portal\/?s={search_term_string}\"},\"query-input\":{\"@type\":\"PropertyValueSpecification\",\"valueRequired\":true,\"valueName\":\"search_term_string\"}}],\"inLanguage\":\"pt-BR\"},{\"@type\":\"Organization\",\"@id\":\"https:\/\/belojardim.pe.leg.br\/portal\/#organization\",\"name\":\"C\u00e2mara Municipal de Belo Jardim\",\"url\":\"https:\/\/belojardim.pe.leg.br\/portal\/\",\"logo\":{\"@type\":\"ImageObject\",\"inLanguage\":\"pt-BR\",\"@id\":\"https:\/\/belojardim.pe.leg.br\/portal\/#\/schema\/logo\/image\/\",\"url\":\"https:\/\/belojardim.pe.leg.br\/portal\/wp-content\/uploads\/2025\/02\/brasao_novo_camara.png\",\"contentUrl\":\"https:\/\/belojardim.pe.leg.br\/portal\/wp-content\/uploads\/2025\/02\/brasao_novo_camara.png\",\"width\":7239,\"height\":1735,\"caption\":\"C\u00e2mara Municipal de Belo Jardim\"},\"image\":{\"@id\":\"https:\/\/belojardim.pe.leg.br\/portal\/#\/schema\/logo\/image\/\"}},{\"@type\":\"Person\",\"@id\":\"https:\/\/belojardim.pe.leg.br\/portal\/#\/schema\/person\/c089396bbdda28d0dc0dc2f55131a756\",\"name\":\"admin\",\"image\":{\"@type\":\"ImageObject\",\"inLanguage\":\"pt-BR\",\"@id\":\"https:\/\/belojardim.pe.leg.br\/portal\/#\/schema\/person\/image\/\",\"url\":\"https:\/\/secure.gravatar.com\/avatar\/0dfaa2d7fc5134b8fe4778030bf6f957a5f7c7be5b9aa76789f37b9cfb962b32?s=96&d=mm&r=g\",\"contentUrl\":\"https:\/\/secure.gravatar.com\/avatar\/0dfaa2d7fc5134b8fe4778030bf6f957a5f7c7be5b9aa76789f37b9cfb962b32?s=96&d=mm&r=g\",\"caption\":\"admin\"},\"url\":\"https:\/\/belojardim.pe.leg.br\/portal\/author\/admin\/\"}]}<\/script>\n<!-- \/ Yoast SEO plugin. -->","yoast_head_json":{"title":"AUDI\u00caNCIA P\u00daBLICA SOBRE DESDOBRO DE TERRENOS EM NOSSO MUNIC\u00cdPIO - C\u00e2mara Municipal de Belo Jardim","robots":{"index":"index","follow":"follow","max-snippet":"max-snippet:-1","max-image-preview":"max-image-preview:large","max-video-preview":"max-video-preview:-1"},"canonical":"https:\/\/belojardim.pe.leg.br\/portal\/audiencia-publica-sobre-desdobro-de-terrenos-em-nosso-municipio\/","og_locale":"pt_BR","og_type":"article","og_title":"AUDI\u00caNCIA P\u00daBLICA SOBRE DESDOBRO DE TERRENOS EM NOSSO MUNIC\u00cdPIO - C\u00e2mara Municipal de Belo Jardim","og_url":"https:\/\/belojardim.pe.leg.br\/portal\/audiencia-publica-sobre-desdobro-de-terrenos-em-nosso-municipio\/","og_site_name":"C\u00e2mara Municipal de Belo Jardim","article_published_time":"2019-10-24T11:32:48+00:00","article_modified_time":"2019-11-04T11:38:20+00:00","og_image":[{"width":1280,"height":960,"url":"https:\/\/belojardim.pe.leg.br\/portal\/wp-content\/uploads\/2019\/11\/1d2d40b3-c198-48b2-b13b-de79d5f0c4a9.jpg","type":"image\/jpeg"}],"author":"admin","twitter_card":"summary_large_image","twitter_misc":{"Escrito por":"admin","Est. tempo de leitura":"2 minutos"},"schema":{"@context":"https:\/\/schema.org","@graph":[{"@type":"Article","@id":"https:\/\/belojardim.pe.leg.br\/portal\/audiencia-publica-sobre-desdobro-de-terrenos-em-nosso-municipio\/#article","isPartOf":{"@id":"https:\/\/belojardim.pe.leg.br\/portal\/audiencia-publica-sobre-desdobro-de-terrenos-em-nosso-municipio\/"},"author":{"name":"admin","@id":"https:\/\/belojardim.pe.leg.br\/portal\/#\/schema\/person\/c089396bbdda28d0dc0dc2f55131a756"},"headline":"AUDI\u00caNCIA P\u00daBLICA SOBRE DESDOBRO DE TERRENOS EM NOSSO MUNIC\u00cdPIO","datePublished":"2019-10-24T11:32:48+00:00","dateModified":"2019-11-04T11:38:20+00:00","mainEntityOfPage":{"@id":"https:\/\/belojardim.pe.leg.br\/portal\/audiencia-publica-sobre-desdobro-de-terrenos-em-nosso-municipio\/"},"wordCount":373,"commentCount":0,"publisher":{"@id":"https:\/\/belojardim.pe.leg.br\/portal\/#organization"},"image":{"@id":"https:\/\/belojardim.pe.leg.br\/portal\/audiencia-publica-sobre-desdobro-de-terrenos-em-nosso-municipio\/#primaryimage"},"thumbnailUrl":"https:\/\/belojardim.pe.leg.br\/portal\/wp-content\/uploads\/2019\/11\/1d2d40b3-c198-48b2-b13b-de79d5f0c4a9.jpg","articleSection":["Marcos Buchudo"],"inLanguage":"pt-BR","potentialAction":[{"@type":"CommentAction","name":"Comment","target":["https:\/\/belojardim.pe.leg.br\/portal\/audiencia-publica-sobre-desdobro-de-terrenos-em-nosso-municipio\/#respond"]}]},{"@type":"WebPage","@id":"https:\/\/belojardim.pe.leg.br\/portal\/audiencia-publica-sobre-desdobro-de-terrenos-em-nosso-municipio\/","url":"https:\/\/belojardim.pe.leg.br\/portal\/audiencia-publica-sobre-desdobro-de-terrenos-em-nosso-municipio\/","name":"AUDI\u00caNCIA P\u00daBLICA SOBRE DESDOBRO DE TERRENOS EM NOSSO MUNIC\u00cdPIO - C\u00e2mara Municipal de Belo Jardim","isPartOf":{"@id":"https:\/\/belojardim.pe.leg.br\/portal\/#website"},"primaryImageOfPage":{"@id":"https:\/\/belojardim.pe.leg.br\/portal\/audiencia-publica-sobre-desdobro-de-terrenos-em-nosso-municipio\/#primaryimage"},"image":{"@id":"https:\/\/belojardim.pe.leg.br\/portal\/audiencia-publica-sobre-desdobro-de-terrenos-em-nosso-municipio\/#primaryimage"},"thumbnailUrl":"https:\/\/belojardim.pe.leg.br\/portal\/wp-content\/uploads\/2019\/11\/1d2d40b3-c198-48b2-b13b-de79d5f0c4a9.jpg","datePublished":"2019-10-24T11:32:48+00:00","dateModified":"2019-11-04T11:38:20+00:00","breadcrumb":{"@id":"https:\/\/belojardim.pe.leg.br\/portal\/audiencia-publica-sobre-desdobro-de-terrenos-em-nosso-municipio\/#breadcrumb"},"inLanguage":"pt-BR","potentialAction":[{"@type":"ReadAction","target":["https:\/\/belojardim.pe.leg.br\/portal\/audiencia-publica-sobre-desdobro-de-terrenos-em-nosso-municipio\/"]}]},{"@type":"ImageObject","inLanguage":"pt-BR","@id":"https:\/\/belojardim.pe.leg.br\/portal\/audiencia-publica-sobre-desdobro-de-terrenos-em-nosso-municipio\/#primaryimage","url":"https:\/\/belojardim.pe.leg.br\/portal\/wp-content\/uploads\/2019\/11\/1d2d40b3-c198-48b2-b13b-de79d5f0c4a9.jpg","contentUrl":"https:\/\/belojardim.pe.leg.br\/portal\/wp-content\/uploads\/2019\/11\/1d2d40b3-c198-48b2-b13b-de79d5f0c4a9.jpg","width":1280,"height":960},{"@type":"BreadcrumbList","@id":"https:\/\/belojardim.pe.leg.br\/portal\/audiencia-publica-sobre-desdobro-de-terrenos-em-nosso-municipio\/#breadcrumb","itemListElement":[{"@type":"ListItem","position":1,"name":"In\u00edcio","item":"https:\/\/belojardim.pe.leg.br\/portal\/"},{"@type":"ListItem","position":2,"name":"AUDI\u00caNCIA P\u00daBLICA SOBRE DESDOBRO DE TERRENOS EM NOSSO MUNIC\u00cdPIO"}]},{"@type":"WebSite","@id":"https:\/\/belojardim.pe.leg.br\/portal\/#website","url":"https:\/\/belojardim.pe.leg.br\/portal\/","name":"C\u00e2mara Municipal de Belo Jardim","description":"Casa Cust\u00f3dio Ferreira Mergulh\u00e3o","publisher":{"@id":"https:\/\/belojardim.pe.leg.br\/portal\/#organization"},"potentialAction":[{"@type":"SearchAction","target":{"@type":"EntryPoint","urlTemplate":"https:\/\/belojardim.pe.leg.br\/portal\/?s={search_term_string}"},"query-input":{"@type":"PropertyValueSpecification","valueRequired":true,"valueName":"search_term_string"}}],"inLanguage":"pt-BR"},{"@type":"Organization","@id":"https:\/\/belojardim.pe.leg.br\/portal\/#organization","name":"C\u00e2mara Municipal de Belo Jardim","url":"https:\/\/belojardim.pe.leg.br\/portal\/","logo":{"@type":"ImageObject","inLanguage":"pt-BR","@id":"https:\/\/belojardim.pe.leg.br\/portal\/#\/schema\/logo\/image\/","url":"https:\/\/belojardim.pe.leg.br\/portal\/wp-content\/uploads\/2025\/02\/brasao_novo_camara.png","contentUrl":"https:\/\/belojardim.pe.leg.br\/portal\/wp-content\/uploads\/2025\/02\/brasao_novo_camara.png","width":7239,"height":1735,"caption":"C\u00e2mara Municipal de Belo Jardim"},"image":{"@id":"https:\/\/belojardim.pe.leg.br\/portal\/#\/schema\/logo\/image\/"}},{"@type":"Person","@id":"https:\/\/belojardim.pe.leg.br\/portal\/#\/schema\/person\/c089396bbdda28d0dc0dc2f55131a756","name":"admin","image":{"@type":"ImageObject","inLanguage":"pt-BR","@id":"https:\/\/belojardim.pe.leg.br\/portal\/#\/schema\/person\/image\/","url":"https:\/\/secure.gravatar.com\/avatar\/0dfaa2d7fc5134b8fe4778030bf6f957a5f7c7be5b9aa76789f37b9cfb962b32?s=96&d=mm&r=g","contentUrl":"https:\/\/secure.gravatar.com\/avatar\/0dfaa2d7fc5134b8fe4778030bf6f957a5f7c7be5b9aa76789f37b9cfb962b32?s=96&d=mm&r=g","caption":"admin"},"url":"https:\/\/belojardim.pe.leg.br\/portal\/author\/admin\/"}]}},"_links":{"self":[{"href":"https:\/\/belojardim.pe.leg.br\/portal\/wp-json\/wp\/v2\/posts\/11842","targetHints":{"allow":["GET"]}}],"collection":[{"href":"https:\/\/belojardim.pe.leg.br\/portal\/wp-json\/wp\/v2\/posts"}],"about":[{"href":"https:\/\/belojardim.pe.leg.br\/portal\/wp-json\/wp\/v2\/types\/post"}],"author":[{"embeddable":true,"href":"https:\/\/belojardim.pe.leg.br\/portal\/wp-json\/wp\/v2\/users\/1"}],"replies":[{"embeddable":true,"href":"https:\/\/belojardim.pe.leg.br\/portal\/wp-json\/wp\/v2\/comments?post=11842"}],"version-history":[{"count":2,"href":"https:\/\/belojardim.pe.leg.br\/portal\/wp-json\/wp\/v2\/posts\/11842\/revisions"}],"predecessor-version":[{"id":11872,"href":"https:\/\/belojardim.pe.leg.br\/portal\/wp-json\/wp\/v2\/posts\/11842\/revisions\/11872"}],"wp:featuredmedia":[{"embeddable":true,"href":"https:\/\/belojardim.pe.leg.br\/portal\/wp-json\/wp\/v2\/media\/11843"}],"wp:attachment":[{"href":"https:\/\/belojardim.pe.leg.br\/portal\/wp-json\/wp\/v2\/media?parent=11842"}],"wp:term":[{"taxonomy":"category","embeddable":true,"href":"https:\/\/belojardim.pe.leg.br\/portal\/wp-json\/wp\/v2\/categories?post=11842"},{"taxonomy":"post_tag","embeddable":true,"href":"https:\/\/belojardim.pe.leg.br\/portal\/wp-json\/wp\/v2\/tags?post=11842"}],"curies":[{"name":"wp","href":"https:\/\/api.w.org\/{rel}","templated":true}]}}