{"id":11826,"date":"2019-10-01T11:30:32","date_gmt":"2019-10-01T14:30:32","guid":{"rendered":"http:\/\/belojardim.pe.leg.br\/portal\/?p=11826"},"modified":"2019-10-11T11:33:55","modified_gmt":"2019-10-11T14:33:55","slug":"audiencia-publica-discute-agricultura-familiar-e-producao-organica-em-belo-jardim","status":"publish","type":"post","link":"https:\/\/belojardim.pe.leg.br\/portal\/audiencia-publica-discute-agricultura-familiar-e-producao-organica-em-belo-jardim\/","title":{"rendered":"Audi\u00eancia P\u00fablica discute Agricultura Familiar e produ\u00e7\u00e3o org\u00e2nica em Belo Jardim"},"content":{"rendered":"\n<p><img loading=\"lazy\" decoding=\"async\" class=\"alignleft size-medium wp-image-11829\" src=\"https:\/\/belojardim.pe.leg.br\/portal\/wp-content\/uploads\/2019\/10\/4051c741-120d-4deb-8924-17c7faea64ab-300x200.jpg\" alt=\"\" width=\"300\" height=\"200\" srcset=\"https:\/\/belojardim.pe.leg.br\/portal\/wp-content\/uploads\/2019\/10\/4051c741-120d-4deb-8924-17c7faea64ab-300x200.jpg 300w, https:\/\/belojardim.pe.leg.br\/portal\/wp-content\/uploads\/2019\/10\/4051c741-120d-4deb-8924-17c7faea64ab-768x512.jpg 768w, https:\/\/belojardim.pe.leg.br\/portal\/wp-content\/uploads\/2019\/10\/4051c741-120d-4deb-8924-17c7faea64ab-1024x682.jpg 1024w, https:\/\/belojardim.pe.leg.br\/portal\/wp-content\/uploads\/2019\/10\/4051c741-120d-4deb-8924-17c7faea64ab-1218x812.jpg 1218w, https:\/\/belojardim.pe.leg.br\/portal\/wp-content\/uploads\/2019\/10\/4051c741-120d-4deb-8924-17c7faea64ab.jpg 1280w\" sizes=\"auto, (max-width: 300px) 100vw, 300px\" \/>Aconteceu nessa segunda (30), na C\u00e2mara de Vereadores de Belo Jardim, mais uma audi\u00eancia p\u00fablica solicitada pelo vereador Bruno Galv\u00e3o (PT) que tratou da \u201cFeira da Agricultura Familiar e Cultural\u201d.\u00a0 O evento \u00e9 fruto do resultado do constante di\u00e1logo do mandato com a sociedade civil que tem buscado novas alternativas para a renda dos agricultores e consumo de produtos saud\u00e1veis.<\/p>\n<p>\u201cEssa audi\u00eancia foi um passo decisivo para a implanta\u00e7\u00e3o e constru\u00e7\u00e3o de projetos direcionados a agroecologia em Belo Jardim. \u00c9 importante dizer que a agricultura familiar fundamental na cadeia econ\u00f4mica. \u00c9 por meio dela que vivenciamos um ciclo constante que permite que os alimentos produzidos cheguem a nossa mesma, ou seja, sem o uso de agrot\u00f3xicos e que o agricultor tenha sua renda, importante lembrar que realiza todo esse processo sem prejudicar o meio ambiente\u201d, destaca Bruno.<\/p>\n<p>O evento contou com a participa\u00e7\u00e3o de representantes do Instituto Agron\u00f4mico de Pernambuco (IPA), da C\u00e1ritas Diocesana de Pesqueira, do Sindicato dos Trabalhadores Rurais de Belo Jardim e de Sanhar\u00f3, da Unidade Acad\u00eamica de Garanhuns (UAG\/UFRPE), das Secretarias de Desenvolvimento Rural e Meio Ambiente, e de Cultura, Turismo, Esporte e Lazer da Prefeitura de Belo Jardim, dos produtores rurais, artes\u00e3os, dos organizadores da Feira e\u00a0 sociedade civil.<\/p>\n<p><img loading=\"lazy\" decoding=\"async\" class=\"alignleft size-medium wp-image-11828\" src=\"https:\/\/belojardim.pe.leg.br\/portal\/wp-content\/uploads\/2019\/10\/d9267fea-2eee-42df-8a4a-64e7d79fb930-300x200.jpg\" alt=\"\" width=\"300\" height=\"200\" srcset=\"https:\/\/belojardim.pe.leg.br\/portal\/wp-content\/uploads\/2019\/10\/d9267fea-2eee-42df-8a4a-64e7d79fb930-300x200.jpg 300w, https:\/\/belojardim.pe.leg.br\/portal\/wp-content\/uploads\/2019\/10\/d9267fea-2eee-42df-8a4a-64e7d79fb930-768x512.jpg 768w, https:\/\/belojardim.pe.leg.br\/portal\/wp-content\/uploads\/2019\/10\/d9267fea-2eee-42df-8a4a-64e7d79fb930-1024x682.jpg 1024w, https:\/\/belojardim.pe.leg.br\/portal\/wp-content\/uploads\/2019\/10\/d9267fea-2eee-42df-8a4a-64e7d79fb930-1218x812.jpg 1218w, https:\/\/belojardim.pe.leg.br\/portal\/wp-content\/uploads\/2019\/10\/d9267fea-2eee-42df-8a4a-64e7d79fb930.jpg 1280w\" sizes=\"auto, (max-width: 300px) 100vw, 300px\" \/>Durante a audi\u00eancia, foram constru\u00eddas propostas que ser\u00e3o encaminhadas pelo mandato do vereador Bruno Galv\u00e3o aos poderes constitu\u00eddos em forma de projetos de lei e de requerimentos.<\/p>\n<p>Os presentes definiram democraticamente em vota\u00e7\u00e3o ao t\u00e9rmino da audi\u00eancia p\u00fablica, que a Feira da Agricultura Familiar e Cultural de Belo Jardim, continuar\u00e1 sendo realizada na Pra\u00e7a Nossa Senhora da Concei\u00e7\u00e3o, com a periodicidade a definir de acordo com a demanda de vendas.\u00a0\u00a0<\/p>\n","protected":false},"excerpt":{"rendered":"","protected":false},"author":1,"featured_media":11827,"comment_status":"open","ping_status":"open","sticky":false,"template":"","format":"standard","meta":{"footnotes":""},"categories":[63,3],"tags":[],"class_list":["post-11826","post","type-post","status-publish","format-standard","has-post-thumbnail","hentry","category-bruno-galvao","category-destaques","wpcat-63-id","wpcat-3-id"],"yoast_head":"<!-- This site is optimized with the Yoast SEO plugin v25.1 - https:\/\/yoast.com\/wordpress\/plugins\/seo\/ -->\n<title>Audi\u00eancia P\u00fablica discute Agricultura Familiar e produ\u00e7\u00e3o org\u00e2nica em Belo Jardim - C\u00e2mara Municipal de Belo Jardim<\/title>\n<meta name=\"robots\" content=\"index, follow, max-snippet:-1, max-image-preview:large, max-video-preview:-1\" \/>\n<link rel=\"canonical\" href=\"https:\/\/belojardim.pe.leg.br\/portal\/audiencia-publica-discute-agricultura-familiar-e-producao-organica-em-belo-jardim\/\" \/>\n<meta property=\"og:locale\" content=\"pt_BR\" \/>\n<meta property=\"og:type\" content=\"article\" \/>\n<meta property=\"og:title\" content=\"Audi\u00eancia P\u00fablica discute Agricultura Familiar e produ\u00e7\u00e3o org\u00e2nica em Belo Jardim - C\u00e2mara Municipal de Belo Jardim\" \/>\n<meta property=\"og:url\" content=\"https:\/\/belojardim.pe.leg.br\/portal\/audiencia-publica-discute-agricultura-familiar-e-producao-organica-em-belo-jardim\/\" \/>\n<meta property=\"og:site_name\" content=\"C\u00e2mara Municipal de Belo Jardim\" \/>\n<meta property=\"article:published_time\" content=\"2019-10-01T14:30:32+00:00\" \/>\n<meta property=\"article:modified_time\" content=\"2019-10-11T14:33:55+00:00\" \/>\n<meta property=\"og:image\" content=\"https:\/\/belojardim.pe.leg.br\/portal\/wp-content\/uploads\/2019\/10\/8fc02a36-5a99-4057-a825-ec446724824b.jpg\" \/>\n\t<meta property=\"og:image:width\" content=\"1280\" \/>\n\t<meta property=\"og:image:height\" content=\"853\" \/>\n\t<meta property=\"og:image:type\" content=\"image\/jpeg\" \/>\n<meta name=\"author\" content=\"admin\" \/>\n<meta name=\"twitter:card\" content=\"summary_large_image\" \/>\n<meta name=\"twitter:label1\" content=\"Escrito por\" \/>\n\t<meta name=\"twitter:data1\" content=\"admin\" \/>\n\t<meta name=\"twitter:label2\" content=\"Est. tempo de leitura\" \/>\n\t<meta name=\"twitter:data2\" content=\"1 minuto\" \/>\n<script type=\"application\/ld+json\" class=\"yoast-schema-graph\">{\"@context\":\"https:\/\/schema.org\",\"@graph\":[{\"@type\":\"Article\",\"@id\":\"https:\/\/belojardim.pe.leg.br\/portal\/audiencia-publica-discute-agricultura-familiar-e-producao-organica-em-belo-jardim\/#article\",\"isPartOf\":{\"@id\":\"https:\/\/belojardim.pe.leg.br\/portal\/audiencia-publica-discute-agricultura-familiar-e-producao-organica-em-belo-jardim\/\"},\"author\":{\"name\":\"admin\",\"@id\":\"https:\/\/belojardim.pe.leg.br\/portal\/#\/schema\/person\/c089396bbdda28d0dc0dc2f55131a756\"},\"headline\":\"Audi\u00eancia P\u00fablica discute Agricultura Familiar e produ\u00e7\u00e3o org\u00e2nica em Belo Jardim\",\"datePublished\":\"2019-10-01T14:30:32+00:00\",\"dateModified\":\"2019-10-11T14:33:55+00:00\",\"mainEntityOfPage\":{\"@id\":\"https:\/\/belojardim.pe.leg.br\/portal\/audiencia-publica-discute-agricultura-familiar-e-producao-organica-em-belo-jardim\/\"},\"wordCount\":313,\"commentCount\":0,\"publisher\":{\"@id\":\"https:\/\/belojardim.pe.leg.br\/portal\/#organization\"},\"image\":{\"@id\":\"https:\/\/belojardim.pe.leg.br\/portal\/audiencia-publica-discute-agricultura-familiar-e-producao-organica-em-belo-jardim\/#primaryimage\"},\"thumbnailUrl\":\"https:\/\/belojardim.pe.leg.br\/portal\/wp-content\/uploads\/2019\/10\/8fc02a36-5a99-4057-a825-ec446724824b.jpg\",\"articleSection\":[\"Bruno Galv\u00e3o\",\"Not\u00edcias da C\u00e2mara\"],\"inLanguage\":\"pt-BR\",\"potentialAction\":[{\"@type\":\"CommentAction\",\"name\":\"Comment\",\"target\":[\"https:\/\/belojardim.pe.leg.br\/portal\/audiencia-publica-discute-agricultura-familiar-e-producao-organica-em-belo-jardim\/#respond\"]}]},{\"@type\":\"WebPage\",\"@id\":\"https:\/\/belojardim.pe.leg.br\/portal\/audiencia-publica-discute-agricultura-familiar-e-producao-organica-em-belo-jardim\/\",\"url\":\"https:\/\/belojardim.pe.leg.br\/portal\/audiencia-publica-discute-agricultura-familiar-e-producao-organica-em-belo-jardim\/\",\"name\":\"Audi\u00eancia P\u00fablica discute Agricultura Familiar e produ\u00e7\u00e3o org\u00e2nica em Belo Jardim - C\u00e2mara Municipal de Belo Jardim\",\"isPartOf\":{\"@id\":\"https:\/\/belojardim.pe.leg.br\/portal\/#website\"},\"primaryImageOfPage\":{\"@id\":\"https:\/\/belojardim.pe.leg.br\/portal\/audiencia-publica-discute-agricultura-familiar-e-producao-organica-em-belo-jardim\/#primaryimage\"},\"image\":{\"@id\":\"https:\/\/belojardim.pe.leg.br\/portal\/audiencia-publica-discute-agricultura-familiar-e-producao-organica-em-belo-jardim\/#primaryimage\"},\"thumbnailUrl\":\"https:\/\/belojardim.pe.leg.br\/portal\/wp-content\/uploads\/2019\/10\/8fc02a36-5a99-4057-a825-ec446724824b.jpg\",\"datePublished\":\"2019-10-01T14:30:32+00:00\",\"dateModified\":\"2019-10-11T14:33:55+00:00\",\"breadcrumb\":{\"@id\":\"https:\/\/belojardim.pe.leg.br\/portal\/audiencia-publica-discute-agricultura-familiar-e-producao-organica-em-belo-jardim\/#breadcrumb\"},\"inLanguage\":\"pt-BR\",\"potentialAction\":[{\"@type\":\"ReadAction\",\"target\":[\"https:\/\/belojardim.pe.leg.br\/portal\/audiencia-publica-discute-agricultura-familiar-e-producao-organica-em-belo-jardim\/\"]}]},{\"@type\":\"ImageObject\",\"inLanguage\":\"pt-BR\",\"@id\":\"https:\/\/belojardim.pe.leg.br\/portal\/audiencia-publica-discute-agricultura-familiar-e-producao-organica-em-belo-jardim\/#primaryimage\",\"url\":\"https:\/\/belojardim.pe.leg.br\/portal\/wp-content\/uploads\/2019\/10\/8fc02a36-5a99-4057-a825-ec446724824b.jpg\",\"contentUrl\":\"https:\/\/belojardim.pe.leg.br\/portal\/wp-content\/uploads\/2019\/10\/8fc02a36-5a99-4057-a825-ec446724824b.jpg\",\"width\":1280,\"height\":853},{\"@type\":\"BreadcrumbList\",\"@id\":\"https:\/\/belojardim.pe.leg.br\/portal\/audiencia-publica-discute-agricultura-familiar-e-producao-organica-em-belo-jardim\/#breadcrumb\",\"itemListElement\":[{\"@type\":\"ListItem\",\"position\":1,\"name\":\"In\u00edcio\",\"item\":\"https:\/\/belojardim.pe.leg.br\/portal\/\"},{\"@type\":\"ListItem\",\"position\":2,\"name\":\"Audi\u00eancia P\u00fablica discute Agricultura Familiar e produ\u00e7\u00e3o org\u00e2nica em Belo Jardim\"}]},{\"@type\":\"WebSite\",\"@id\":\"https:\/\/belojardim.pe.leg.br\/portal\/#website\",\"url\":\"https:\/\/belojardim.pe.leg.br\/portal\/\",\"name\":\"C\u00e2mara Municipal de Belo Jardim\",\"description\":\"Casa Cust\u00f3dio Ferreira Mergulh\u00e3o\",\"publisher\":{\"@id\":\"https:\/\/belojardim.pe.leg.br\/portal\/#organization\"},\"potentialAction\":[{\"@type\":\"SearchAction\",\"target\":{\"@type\":\"EntryPoint\",\"urlTemplate\":\"https:\/\/belojardim.pe.leg.br\/portal\/?s={search_term_string}\"},\"query-input\":{\"@type\":\"PropertyValueSpecification\",\"valueRequired\":true,\"valueName\":\"search_term_string\"}}],\"inLanguage\":\"pt-BR\"},{\"@type\":\"Organization\",\"@id\":\"https:\/\/belojardim.pe.leg.br\/portal\/#organization\",\"name\":\"C\u00e2mara Municipal de Belo Jardim\",\"url\":\"https:\/\/belojardim.pe.leg.br\/portal\/\",\"logo\":{\"@type\":\"ImageObject\",\"inLanguage\":\"pt-BR\",\"@id\":\"https:\/\/belojardim.pe.leg.br\/portal\/#\/schema\/logo\/image\/\",\"url\":\"https:\/\/belojardim.pe.leg.br\/portal\/wp-content\/uploads\/2025\/02\/brasao_novo_camara.png\",\"contentUrl\":\"https:\/\/belojardim.pe.leg.br\/portal\/wp-content\/uploads\/2025\/02\/brasao_novo_camara.png\",\"width\":7239,\"height\":1735,\"caption\":\"C\u00e2mara Municipal de Belo Jardim\"},\"image\":{\"@id\":\"https:\/\/belojardim.pe.leg.br\/portal\/#\/schema\/logo\/image\/\"}},{\"@type\":\"Person\",\"@id\":\"https:\/\/belojardim.pe.leg.br\/portal\/#\/schema\/person\/c089396bbdda28d0dc0dc2f55131a756\",\"name\":\"admin\",\"image\":{\"@type\":\"ImageObject\",\"inLanguage\":\"pt-BR\",\"@id\":\"https:\/\/belojardim.pe.leg.br\/portal\/#\/schema\/person\/image\/\",\"url\":\"https:\/\/secure.gravatar.com\/avatar\/0dfaa2d7fc5134b8fe4778030bf6f957a5f7c7be5b9aa76789f37b9cfb962b32?s=96&d=mm&r=g\",\"contentUrl\":\"https:\/\/secure.gravatar.com\/avatar\/0dfaa2d7fc5134b8fe4778030bf6f957a5f7c7be5b9aa76789f37b9cfb962b32?s=96&d=mm&r=g\",\"caption\":\"admin\"},\"url\":\"https:\/\/belojardim.pe.leg.br\/portal\/author\/admin\/\"}]}<\/script>\n<!-- \/ Yoast SEO plugin. -->","yoast_head_json":{"title":"Audi\u00eancia P\u00fablica discute Agricultura Familiar e produ\u00e7\u00e3o org\u00e2nica em Belo Jardim - C\u00e2mara Municipal de Belo Jardim","robots":{"index":"index","follow":"follow","max-snippet":"max-snippet:-1","max-image-preview":"max-image-preview:large","max-video-preview":"max-video-preview:-1"},"canonical":"https:\/\/belojardim.pe.leg.br\/portal\/audiencia-publica-discute-agricultura-familiar-e-producao-organica-em-belo-jardim\/","og_locale":"pt_BR","og_type":"article","og_title":"Audi\u00eancia P\u00fablica discute Agricultura Familiar e produ\u00e7\u00e3o org\u00e2nica em Belo Jardim - C\u00e2mara Municipal de Belo Jardim","og_url":"https:\/\/belojardim.pe.leg.br\/portal\/audiencia-publica-discute-agricultura-familiar-e-producao-organica-em-belo-jardim\/","og_site_name":"C\u00e2mara Municipal de Belo Jardim","article_published_time":"2019-10-01T14:30:32+00:00","article_modified_time":"2019-10-11T14:33:55+00:00","og_image":[{"width":1280,"height":853,"url":"https:\/\/belojardim.pe.leg.br\/portal\/wp-content\/uploads\/2019\/10\/8fc02a36-5a99-4057-a825-ec446724824b.jpg","type":"image\/jpeg"}],"author":"admin","twitter_card":"summary_large_image","twitter_misc":{"Escrito por":"admin","Est. tempo de leitura":"1 minuto"},"schema":{"@context":"https:\/\/schema.org","@graph":[{"@type":"Article","@id":"https:\/\/belojardim.pe.leg.br\/portal\/audiencia-publica-discute-agricultura-familiar-e-producao-organica-em-belo-jardim\/#article","isPartOf":{"@id":"https:\/\/belojardim.pe.leg.br\/portal\/audiencia-publica-discute-agricultura-familiar-e-producao-organica-em-belo-jardim\/"},"author":{"name":"admin","@id":"https:\/\/belojardim.pe.leg.br\/portal\/#\/schema\/person\/c089396bbdda28d0dc0dc2f55131a756"},"headline":"Audi\u00eancia P\u00fablica discute Agricultura Familiar e produ\u00e7\u00e3o org\u00e2nica em Belo Jardim","datePublished":"2019-10-01T14:30:32+00:00","dateModified":"2019-10-11T14:33:55+00:00","mainEntityOfPage":{"@id":"https:\/\/belojardim.pe.leg.br\/portal\/audiencia-publica-discute-agricultura-familiar-e-producao-organica-em-belo-jardim\/"},"wordCount":313,"commentCount":0,"publisher":{"@id":"https:\/\/belojardim.pe.leg.br\/portal\/#organization"},"image":{"@id":"https:\/\/belojardim.pe.leg.br\/portal\/audiencia-publica-discute-agricultura-familiar-e-producao-organica-em-belo-jardim\/#primaryimage"},"thumbnailUrl":"https:\/\/belojardim.pe.leg.br\/portal\/wp-content\/uploads\/2019\/10\/8fc02a36-5a99-4057-a825-ec446724824b.jpg","articleSection":["Bruno Galv\u00e3o","Not\u00edcias da C\u00e2mara"],"inLanguage":"pt-BR","potentialAction":[{"@type":"CommentAction","name":"Comment","target":["https:\/\/belojardim.pe.leg.br\/portal\/audiencia-publica-discute-agricultura-familiar-e-producao-organica-em-belo-jardim\/#respond"]}]},{"@type":"WebPage","@id":"https:\/\/belojardim.pe.leg.br\/portal\/audiencia-publica-discute-agricultura-familiar-e-producao-organica-em-belo-jardim\/","url":"https:\/\/belojardim.pe.leg.br\/portal\/audiencia-publica-discute-agricultura-familiar-e-producao-organica-em-belo-jardim\/","name":"Audi\u00eancia P\u00fablica discute Agricultura Familiar e produ\u00e7\u00e3o org\u00e2nica em Belo Jardim - C\u00e2mara Municipal de Belo Jardim","isPartOf":{"@id":"https:\/\/belojardim.pe.leg.br\/portal\/#website"},"primaryImageOfPage":{"@id":"https:\/\/belojardim.pe.leg.br\/portal\/audiencia-publica-discute-agricultura-familiar-e-producao-organica-em-belo-jardim\/#primaryimage"},"image":{"@id":"https:\/\/belojardim.pe.leg.br\/portal\/audiencia-publica-discute-agricultura-familiar-e-producao-organica-em-belo-jardim\/#primaryimage"},"thumbnailUrl":"https:\/\/belojardim.pe.leg.br\/portal\/wp-content\/uploads\/2019\/10\/8fc02a36-5a99-4057-a825-ec446724824b.jpg","datePublished":"2019-10-01T14:30:32+00:00","dateModified":"2019-10-11T14:33:55+00:00","breadcrumb":{"@id":"https:\/\/belojardim.pe.leg.br\/portal\/audiencia-publica-discute-agricultura-familiar-e-producao-organica-em-belo-jardim\/#breadcrumb"},"inLanguage":"pt-BR","potentialAction":[{"@type":"ReadAction","target":["https:\/\/belojardim.pe.leg.br\/portal\/audiencia-publica-discute-agricultura-familiar-e-producao-organica-em-belo-jardim\/"]}]},{"@type":"ImageObject","inLanguage":"pt-BR","@id":"https:\/\/belojardim.pe.leg.br\/portal\/audiencia-publica-discute-agricultura-familiar-e-producao-organica-em-belo-jardim\/#primaryimage","url":"https:\/\/belojardim.pe.leg.br\/portal\/wp-content\/uploads\/2019\/10\/8fc02a36-5a99-4057-a825-ec446724824b.jpg","contentUrl":"https:\/\/belojardim.pe.leg.br\/portal\/wp-content\/uploads\/2019\/10\/8fc02a36-5a99-4057-a825-ec446724824b.jpg","width":1280,"height":853},{"@type":"BreadcrumbList","@id":"https:\/\/belojardim.pe.leg.br\/portal\/audiencia-publica-discute-agricultura-familiar-e-producao-organica-em-belo-jardim\/#breadcrumb","itemListElement":[{"@type":"ListItem","position":1,"name":"In\u00edcio","item":"https:\/\/belojardim.pe.leg.br\/portal\/"},{"@type":"ListItem","position":2,"name":"Audi\u00eancia P\u00fablica discute Agricultura Familiar e produ\u00e7\u00e3o org\u00e2nica em Belo Jardim"}]},{"@type":"WebSite","@id":"https:\/\/belojardim.pe.leg.br\/portal\/#website","url":"https:\/\/belojardim.pe.leg.br\/portal\/","name":"C\u00e2mara Municipal de Belo Jardim","description":"Casa Cust\u00f3dio Ferreira Mergulh\u00e3o","publisher":{"@id":"https:\/\/belojardim.pe.leg.br\/portal\/#organization"},"potentialAction":[{"@type":"SearchAction","target":{"@type":"EntryPoint","urlTemplate":"https:\/\/belojardim.pe.leg.br\/portal\/?s={search_term_string}"},"query-input":{"@type":"PropertyValueSpecification","valueRequired":true,"valueName":"search_term_string"}}],"inLanguage":"pt-BR"},{"@type":"Organization","@id":"https:\/\/belojardim.pe.leg.br\/portal\/#organization","name":"C\u00e2mara Municipal de Belo Jardim","url":"https:\/\/belojardim.pe.leg.br\/portal\/","logo":{"@type":"ImageObject","inLanguage":"pt-BR","@id":"https:\/\/belojardim.pe.leg.br\/portal\/#\/schema\/logo\/image\/","url":"https:\/\/belojardim.pe.leg.br\/portal\/wp-content\/uploads\/2025\/02\/brasao_novo_camara.png","contentUrl":"https:\/\/belojardim.pe.leg.br\/portal\/wp-content\/uploads\/2025\/02\/brasao_novo_camara.png","width":7239,"height":1735,"caption":"C\u00e2mara Municipal de Belo Jardim"},"image":{"@id":"https:\/\/belojardim.pe.leg.br\/portal\/#\/schema\/logo\/image\/"}},{"@type":"Person","@id":"https:\/\/belojardim.pe.leg.br\/portal\/#\/schema\/person\/c089396bbdda28d0dc0dc2f55131a756","name":"admin","image":{"@type":"ImageObject","inLanguage":"pt-BR","@id":"https:\/\/belojardim.pe.leg.br\/portal\/#\/schema\/person\/image\/","url":"https:\/\/secure.gravatar.com\/avatar\/0dfaa2d7fc5134b8fe4778030bf6f957a5f7c7be5b9aa76789f37b9cfb962b32?s=96&d=mm&r=g","contentUrl":"https:\/\/secure.gravatar.com\/avatar\/0dfaa2d7fc5134b8fe4778030bf6f957a5f7c7be5b9aa76789f37b9cfb962b32?s=96&d=mm&r=g","caption":"admin"},"url":"https:\/\/belojardim.pe.leg.br\/portal\/author\/admin\/"}]}},"_links":{"self":[{"href":"https:\/\/belojardim.pe.leg.br\/portal\/wp-json\/wp\/v2\/posts\/11826","targetHints":{"allow":["GET"]}}],"collection":[{"href":"https:\/\/belojardim.pe.leg.br\/portal\/wp-json\/wp\/v2\/posts"}],"about":[{"href":"https:\/\/belojardim.pe.leg.br\/portal\/wp-json\/wp\/v2\/types\/post"}],"author":[{"embeddable":true,"href":"https:\/\/belojardim.pe.leg.br\/portal\/wp-json\/wp\/v2\/users\/1"}],"replies":[{"embeddable":true,"href":"https:\/\/belojardim.pe.leg.br\/portal\/wp-json\/wp\/v2\/comments?post=11826"}],"version-history":[{"count":2,"href":"https:\/\/belojardim.pe.leg.br\/portal\/wp-json\/wp\/v2\/posts\/11826\/revisions"}],"predecessor-version":[{"id":11839,"href":"https:\/\/belojardim.pe.leg.br\/portal\/wp-json\/wp\/v2\/posts\/11826\/revisions\/11839"}],"wp:featuredmedia":[{"embeddable":true,"href":"https:\/\/belojardim.pe.leg.br\/portal\/wp-json\/wp\/v2\/media\/11827"}],"wp:attachment":[{"href":"https:\/\/belojardim.pe.leg.br\/portal\/wp-json\/wp\/v2\/media?parent=11826"}],"wp:term":[{"taxonomy":"category","embeddable":true,"href":"https:\/\/belojardim.pe.leg.br\/portal\/wp-json\/wp\/v2\/categories?post=11826"},{"taxonomy":"post_tag","embeddable":true,"href":"https:\/\/belojardim.pe.leg.br\/portal\/wp-json\/wp\/v2\/tags?post=11826"}],"curies":[{"name":"wp","href":"https:\/\/api.w.org\/{rel}","templated":true}]}}