{"id":11804,"date":"2019-09-24T08:29:21","date_gmt":"2019-09-24T11:29:21","guid":{"rendered":"http:\/\/belojardim.pe.leg.br\/portal\/?p=11804"},"modified":"2019-09-24T08:29:23","modified_gmt":"2019-09-24T11:29:23","slug":"vereador-tio-do-pastel-toma-posse","status":"publish","type":"post","link":"https:\/\/belojardim.pe.leg.br\/portal\/vereador-tio-do-pastel-toma-posse\/","title":{"rendered":"Vereador Tio do Pastel Toma Posse"},"content":{"rendered":"\n<p>Nesta segunda-feira, 23 de setembro, tomou posse ao cargo de Vereador, Josenildo Oliveira, mais conhecido por Tio do Pastel.<\/p>\n<p>Sendo 2\u00b0 suplente, pela Coliga\u00e7\u00e3o Belo Jardim em boas m\u00e3os, vai ocupar a cadeira do Sr. Jos\u00e9 Wilson Mergulh\u00e3o Maciel Filho, que ser\u00e1 o novo Secret\u00e1rio Municipal de Gest\u00e3o P\u00fablica.<\/p>\n<div id='gallery-1' class='gallery galleryid-11804 gallery-columns-2 gallery-size-medium'><figure class='gallery-item'>\n\t\t\t<div class='gallery-icon landscape'>\n\t\t\t\t<img loading=\"lazy\" decoding=\"async\" width=\"300\" height=\"225\" src=\"https:\/\/belojardim.pe.leg.br\/portal\/wp-content\/uploads\/2019\/09\/3cf65a8d-1f70-410e-b1dd-c8c91f047824-300x225.jpg\" class=\"attachment-medium size-medium\" alt=\"\" srcset=\"https:\/\/belojardim.pe.leg.br\/portal\/wp-content\/uploads\/2019\/09\/3cf65a8d-1f70-410e-b1dd-c8c91f047824-300x225.jpg 300w, https:\/\/belojardim.pe.leg.br\/portal\/wp-content\/uploads\/2019\/09\/3cf65a8d-1f70-410e-b1dd-c8c91f047824-768x576.jpg 768w, https:\/\/belojardim.pe.leg.br\/portal\/wp-content\/uploads\/2019\/09\/3cf65a8d-1f70-410e-b1dd-c8c91f047824-1024x768.jpg 1024w, https:\/\/belojardim.pe.leg.br\/portal\/wp-content\/uploads\/2019\/09\/3cf65a8d-1f70-410e-b1dd-c8c91f047824-1218x914.jpg 1218w, https:\/\/belojardim.pe.leg.br\/portal\/wp-content\/uploads\/2019\/09\/3cf65a8d-1f70-410e-b1dd-c8c91f047824-480x360.jpg 480w, https:\/\/belojardim.pe.leg.br\/portal\/wp-content\/uploads\/2019\/09\/3cf65a8d-1f70-410e-b1dd-c8c91f047824.jpg 1280w\" sizes=\"auto, (max-width: 300px) 100vw, 300px\" \/>\n\t\t\t<\/div><\/figure><figure class='gallery-item'>\n\t\t\t<div class='gallery-icon portrait'>\n\t\t\t\t<img loading=\"lazy\" decoding=\"async\" width=\"225\" height=\"300\" src=\"https:\/\/belojardim.pe.leg.br\/portal\/wp-content\/uploads\/2019\/09\/7e1510ad-b4af-4d19-81b5-0d89129ea7bc-225x300.jpg\" class=\"attachment-medium size-medium\" alt=\"\" srcset=\"https:\/\/belojardim.pe.leg.br\/portal\/wp-content\/uploads\/2019\/09\/7e1510ad-b4af-4d19-81b5-0d89129ea7bc-225x300.jpg 225w, https:\/\/belojardim.pe.leg.br\/portal\/wp-content\/uploads\/2019\/09\/7e1510ad-b4af-4d19-81b5-0d89129ea7bc-768x1024.jpg 768w, https:\/\/belojardim.pe.leg.br\/portal\/wp-content\/uploads\/2019\/09\/7e1510ad-b4af-4d19-81b5-0d89129ea7bc.jpg 960w\" sizes=\"auto, (max-width: 225px) 100vw, 225px\" \/>\n\t\t\t<\/div><\/figure><figure class='gallery-item'>\n\t\t\t<div class='gallery-icon portrait'>\n\t\t\t\t<img loading=\"lazy\" decoding=\"async\" width=\"225\" height=\"300\" src=\"https:\/\/belojardim.pe.leg.br\/portal\/wp-content\/uploads\/2019\/09\/12c5bf5f-d340-4fb9-ad54-4e012aa85fb9-225x300.jpg\" class=\"attachment-medium size-medium\" alt=\"\" srcset=\"https:\/\/belojardim.pe.leg.br\/portal\/wp-content\/uploads\/2019\/09\/12c5bf5f-d340-4fb9-ad54-4e012aa85fb9-225x300.jpg 225w, https:\/\/belojardim.pe.leg.br\/portal\/wp-content\/uploads\/2019\/09\/12c5bf5f-d340-4fb9-ad54-4e012aa85fb9-768x1024.jpg 768w, https:\/\/belojardim.pe.leg.br\/portal\/wp-content\/uploads\/2019\/09\/12c5bf5f-d340-4fb9-ad54-4e012aa85fb9.jpg 960w\" sizes=\"auto, (max-width: 225px) 100vw, 225px\" \/>\n\t\t\t<\/div><\/figure><figure class='gallery-item'>\n\t\t\t<div class='gallery-icon portrait'>\n\t\t\t\t<img loading=\"lazy\" decoding=\"async\" width=\"225\" height=\"300\" src=\"https:\/\/belojardim.pe.leg.br\/portal\/wp-content\/uploads\/2019\/09\/48417015-b541-467d-8244-be5c92d6cd3f-225x300.jpg\" class=\"attachment-medium size-medium\" alt=\"\" srcset=\"https:\/\/belojardim.pe.leg.br\/portal\/wp-content\/uploads\/2019\/09\/48417015-b541-467d-8244-be5c92d6cd3f-225x300.jpg 225w, https:\/\/belojardim.pe.leg.br\/portal\/wp-content\/uploads\/2019\/09\/48417015-b541-467d-8244-be5c92d6cd3f-768x1024.jpg 768w, https:\/\/belojardim.pe.leg.br\/portal\/wp-content\/uploads\/2019\/09\/48417015-b541-467d-8244-be5c92d6cd3f.jpg 960w\" sizes=\"auto, (max-width: 225px) 100vw, 225px\" \/>\n\t\t\t<\/div><\/figure><figure class='gallery-item'>\n\t\t\t<div class='gallery-icon landscape'>\n\t\t\t\t<img loading=\"lazy\" decoding=\"async\" width=\"300\" height=\"225\" src=\"https:\/\/belojardim.pe.leg.br\/portal\/wp-content\/uploads\/2019\/09\/c789966c-09eb-4a24-979a-34e543a785e8-300x225.jpg\" class=\"attachment-medium size-medium\" alt=\"\" srcset=\"https:\/\/belojardim.pe.leg.br\/portal\/wp-content\/uploads\/2019\/09\/c789966c-09eb-4a24-979a-34e543a785e8-300x225.jpg 300w, https:\/\/belojardim.pe.leg.br\/portal\/wp-content\/uploads\/2019\/09\/c789966c-09eb-4a24-979a-34e543a785e8-768x576.jpg 768w, https:\/\/belojardim.pe.leg.br\/portal\/wp-content\/uploads\/2019\/09\/c789966c-09eb-4a24-979a-34e543a785e8-1024x768.jpg 1024w, https:\/\/belojardim.pe.leg.br\/portal\/wp-content\/uploads\/2019\/09\/c789966c-09eb-4a24-979a-34e543a785e8-1218x914.jpg 1218w, https:\/\/belojardim.pe.leg.br\/portal\/wp-content\/uploads\/2019\/09\/c789966c-09eb-4a24-979a-34e543a785e8-480x360.jpg 480w, https:\/\/belojardim.pe.leg.br\/portal\/wp-content\/uploads\/2019\/09\/c789966c-09eb-4a24-979a-34e543a785e8.jpg 1280w\" sizes=\"auto, (max-width: 300px) 100vw, 300px\" \/>\n\t\t\t<\/div><\/figure><figure class='gallery-item'>\n\t\t\t<div class='gallery-icon landscape'>\n\t\t\t\t<img loading=\"lazy\" decoding=\"async\" width=\"300\" height=\"225\" src=\"https:\/\/belojardim.pe.leg.br\/portal\/wp-content\/uploads\/2019\/09\/fda7bb67-e226-4bab-9170-d7cfd227549e-300x225.jpg\" class=\"attachment-medium size-medium\" alt=\"\" srcset=\"https:\/\/belojardim.pe.leg.br\/portal\/wp-content\/uploads\/2019\/09\/fda7bb67-e226-4bab-9170-d7cfd227549e-300x225.jpg 300w, https:\/\/belojardim.pe.leg.br\/portal\/wp-content\/uploads\/2019\/09\/fda7bb67-e226-4bab-9170-d7cfd227549e-768x576.jpg 768w, https:\/\/belojardim.pe.leg.br\/portal\/wp-content\/uploads\/2019\/09\/fda7bb67-e226-4bab-9170-d7cfd227549e-1024x768.jpg 1024w, https:\/\/belojardim.pe.leg.br\/portal\/wp-content\/uploads\/2019\/09\/fda7bb67-e226-4bab-9170-d7cfd227549e-1218x914.jpg 1218w, https:\/\/belojardim.pe.leg.br\/portal\/wp-content\/uploads\/2019\/09\/fda7bb67-e226-4bab-9170-d7cfd227549e-480x360.jpg 480w, https:\/\/belojardim.pe.leg.br\/portal\/wp-content\/uploads\/2019\/09\/fda7bb67-e226-4bab-9170-d7cfd227549e.jpg 1280w\" sizes=\"auto, (max-width: 300px) 100vw, 300px\" \/>\n\t\t\t<\/div><\/figure>\n\t\t<\/div>\n\n","protected":false},"excerpt":{"rendered":"","protected":false},"author":1,"featured_media":11807,"comment_status":"open","ping_status":"open","sticky":false,"template":"","format":"standard","meta":{"footnotes":""},"categories":[3,126],"tags":[],"class_list":["post-11804","post","type-post","status-publish","format-standard","has-post-thumbnail","hentry","category-destaques","category-tio-do-pastel","wpcat-3-id","wpcat-126-id"],"yoast_head":"<!-- This site is optimized with the Yoast SEO plugin v25.1 - https:\/\/yoast.com\/wordpress\/plugins\/seo\/ -->\n<title>Vereador Tio do Pastel Toma Posse - C\u00e2mara Municipal de Belo Jardim<\/title>\n<meta name=\"robots\" content=\"index, follow, max-snippet:-1, max-image-preview:large, max-video-preview:-1\" \/>\n<link rel=\"canonical\" href=\"https:\/\/belojardim.pe.leg.br\/portal\/vereador-tio-do-pastel-toma-posse\/\" \/>\n<meta property=\"og:locale\" content=\"pt_BR\" \/>\n<meta property=\"og:type\" content=\"article\" \/>\n<meta property=\"og:title\" content=\"Vereador Tio do Pastel Toma Posse - C\u00e2mara Municipal de Belo Jardim\" \/>\n<meta property=\"og:url\" content=\"https:\/\/belojardim.pe.leg.br\/portal\/vereador-tio-do-pastel-toma-posse\/\" \/>\n<meta property=\"og:site_name\" content=\"C\u00e2mara Municipal de Belo Jardim\" \/>\n<meta property=\"article:published_time\" content=\"2019-09-24T11:29:21+00:00\" \/>\n<meta property=\"article:modified_time\" content=\"2019-09-24T11:29:23+00:00\" \/>\n<meta property=\"og:image\" content=\"https:\/\/belojardim.pe.leg.br\/portal\/wp-content\/uploads\/2019\/09\/12c5bf5f-d340-4fb9-ad54-4e012aa85fb9.jpg\" \/>\n\t<meta property=\"og:image:width\" content=\"960\" \/>\n\t<meta property=\"og:image:height\" content=\"1280\" \/>\n\t<meta property=\"og:image:type\" content=\"image\/jpeg\" \/>\n<meta name=\"author\" content=\"admin\" \/>\n<meta name=\"twitter:card\" content=\"summary_large_image\" \/>\n<meta name=\"twitter:label1\" content=\"Escrito por\" \/>\n\t<meta name=\"twitter:data1\" content=\"admin\" \/>\n<script type=\"application\/ld+json\" class=\"yoast-schema-graph\">{\"@context\":\"https:\/\/schema.org\",\"@graph\":[{\"@type\":\"Article\",\"@id\":\"https:\/\/belojardim.pe.leg.br\/portal\/vereador-tio-do-pastel-toma-posse\/#article\",\"isPartOf\":{\"@id\":\"https:\/\/belojardim.pe.leg.br\/portal\/vereador-tio-do-pastel-toma-posse\/\"},\"author\":{\"name\":\"admin\",\"@id\":\"https:\/\/belojardim.pe.leg.br\/portal\/#\/schema\/person\/c089396bbdda28d0dc0dc2f55131a756\"},\"headline\":\"Vereador Tio do Pastel Toma Posse\",\"datePublished\":\"2019-09-24T11:29:21+00:00\",\"dateModified\":\"2019-09-24T11:29:23+00:00\",\"mainEntityOfPage\":{\"@id\":\"https:\/\/belojardim.pe.leg.br\/portal\/vereador-tio-do-pastel-toma-posse\/\"},\"wordCount\":66,\"commentCount\":0,\"publisher\":{\"@id\":\"https:\/\/belojardim.pe.leg.br\/portal\/#organization\"},\"image\":{\"@id\":\"https:\/\/belojardim.pe.leg.br\/portal\/vereador-tio-do-pastel-toma-posse\/#primaryimage\"},\"thumbnailUrl\":\"https:\/\/belojardim.pe.leg.br\/portal\/wp-content\/uploads\/2019\/09\/12c5bf5f-d340-4fb9-ad54-4e012aa85fb9.jpg\",\"articleSection\":[\"Not\u00edcias da C\u00e2mara\",\"Tio do Pastel\"],\"inLanguage\":\"pt-BR\",\"potentialAction\":[{\"@type\":\"CommentAction\",\"name\":\"Comment\",\"target\":[\"https:\/\/belojardim.pe.leg.br\/portal\/vereador-tio-do-pastel-toma-posse\/#respond\"]}]},{\"@type\":\"WebPage\",\"@id\":\"https:\/\/belojardim.pe.leg.br\/portal\/vereador-tio-do-pastel-toma-posse\/\",\"url\":\"https:\/\/belojardim.pe.leg.br\/portal\/vereador-tio-do-pastel-toma-posse\/\",\"name\":\"Vereador Tio do Pastel Toma Posse - C\u00e2mara Municipal de Belo Jardim\",\"isPartOf\":{\"@id\":\"https:\/\/belojardim.pe.leg.br\/portal\/#website\"},\"primaryImageOfPage\":{\"@id\":\"https:\/\/belojardim.pe.leg.br\/portal\/vereador-tio-do-pastel-toma-posse\/#primaryimage\"},\"image\":{\"@id\":\"https:\/\/belojardim.pe.leg.br\/portal\/vereador-tio-do-pastel-toma-posse\/#primaryimage\"},\"thumbnailUrl\":\"https:\/\/belojardim.pe.leg.br\/portal\/wp-content\/uploads\/2019\/09\/12c5bf5f-d340-4fb9-ad54-4e012aa85fb9.jpg\",\"datePublished\":\"2019-09-24T11:29:21+00:00\",\"dateModified\":\"2019-09-24T11:29:23+00:00\",\"breadcrumb\":{\"@id\":\"https:\/\/belojardim.pe.leg.br\/portal\/vereador-tio-do-pastel-toma-posse\/#breadcrumb\"},\"inLanguage\":\"pt-BR\",\"potentialAction\":[{\"@type\":\"ReadAction\",\"target\":[\"https:\/\/belojardim.pe.leg.br\/portal\/vereador-tio-do-pastel-toma-posse\/\"]}]},{\"@type\":\"ImageObject\",\"inLanguage\":\"pt-BR\",\"@id\":\"https:\/\/belojardim.pe.leg.br\/portal\/vereador-tio-do-pastel-toma-posse\/#primaryimage\",\"url\":\"https:\/\/belojardim.pe.leg.br\/portal\/wp-content\/uploads\/2019\/09\/12c5bf5f-d340-4fb9-ad54-4e012aa85fb9.jpg\",\"contentUrl\":\"https:\/\/belojardim.pe.leg.br\/portal\/wp-content\/uploads\/2019\/09\/12c5bf5f-d340-4fb9-ad54-4e012aa85fb9.jpg\",\"width\":960,\"height\":1280},{\"@type\":\"BreadcrumbList\",\"@id\":\"https:\/\/belojardim.pe.leg.br\/portal\/vereador-tio-do-pastel-toma-posse\/#breadcrumb\",\"itemListElement\":[{\"@type\":\"ListItem\",\"position\":1,\"name\":\"In\u00edcio\",\"item\":\"https:\/\/belojardim.pe.leg.br\/portal\/\"},{\"@type\":\"ListItem\",\"position\":2,\"name\":\"Vereador Tio do Pastel Toma Posse\"}]},{\"@type\":\"WebSite\",\"@id\":\"https:\/\/belojardim.pe.leg.br\/portal\/#website\",\"url\":\"https:\/\/belojardim.pe.leg.br\/portal\/\",\"name\":\"C\u00e2mara Municipal de Belo Jardim\",\"description\":\"Casa Cust\u00f3dio Ferreira Mergulh\u00e3o\",\"publisher\":{\"@id\":\"https:\/\/belojardim.pe.leg.br\/portal\/#organization\"},\"potentialAction\":[{\"@type\":\"SearchAction\",\"target\":{\"@type\":\"EntryPoint\",\"urlTemplate\":\"https:\/\/belojardim.pe.leg.br\/portal\/?s={search_term_string}\"},\"query-input\":{\"@type\":\"PropertyValueSpecification\",\"valueRequired\":true,\"valueName\":\"search_term_string\"}}],\"inLanguage\":\"pt-BR\"},{\"@type\":\"Organization\",\"@id\":\"https:\/\/belojardim.pe.leg.br\/portal\/#organization\",\"name\":\"C\u00e2mara Municipal de Belo Jardim\",\"url\":\"https:\/\/belojardim.pe.leg.br\/portal\/\",\"logo\":{\"@type\":\"ImageObject\",\"inLanguage\":\"pt-BR\",\"@id\":\"https:\/\/belojardim.pe.leg.br\/portal\/#\/schema\/logo\/image\/\",\"url\":\"https:\/\/belojardim.pe.leg.br\/portal\/wp-content\/uploads\/2025\/02\/brasao_novo_camara.png\",\"contentUrl\":\"https:\/\/belojardim.pe.leg.br\/portal\/wp-content\/uploads\/2025\/02\/brasao_novo_camara.png\",\"width\":7239,\"height\":1735,\"caption\":\"C\u00e2mara Municipal de Belo Jardim\"},\"image\":{\"@id\":\"https:\/\/belojardim.pe.leg.br\/portal\/#\/schema\/logo\/image\/\"}},{\"@type\":\"Person\",\"@id\":\"https:\/\/belojardim.pe.leg.br\/portal\/#\/schema\/person\/c089396bbdda28d0dc0dc2f55131a756\",\"name\":\"admin\",\"image\":{\"@type\":\"ImageObject\",\"inLanguage\":\"pt-BR\",\"@id\":\"https:\/\/belojardim.pe.leg.br\/portal\/#\/schema\/person\/image\/\",\"url\":\"https:\/\/secure.gravatar.com\/avatar\/0dfaa2d7fc5134b8fe4778030bf6f957a5f7c7be5b9aa76789f37b9cfb962b32?s=96&d=mm&r=g\",\"contentUrl\":\"https:\/\/secure.gravatar.com\/avatar\/0dfaa2d7fc5134b8fe4778030bf6f957a5f7c7be5b9aa76789f37b9cfb962b32?s=96&d=mm&r=g\",\"caption\":\"admin\"},\"url\":\"https:\/\/belojardim.pe.leg.br\/portal\/author\/admin\/\"}]}<\/script>\n<!-- \/ Yoast SEO plugin. -->","yoast_head_json":{"title":"Vereador Tio do Pastel Toma Posse - C\u00e2mara Municipal de Belo Jardim","robots":{"index":"index","follow":"follow","max-snippet":"max-snippet:-1","max-image-preview":"max-image-preview:large","max-video-preview":"max-video-preview:-1"},"canonical":"https:\/\/belojardim.pe.leg.br\/portal\/vereador-tio-do-pastel-toma-posse\/","og_locale":"pt_BR","og_type":"article","og_title":"Vereador Tio do Pastel Toma Posse - C\u00e2mara Municipal de Belo Jardim","og_url":"https:\/\/belojardim.pe.leg.br\/portal\/vereador-tio-do-pastel-toma-posse\/","og_site_name":"C\u00e2mara Municipal de Belo Jardim","article_published_time":"2019-09-24T11:29:21+00:00","article_modified_time":"2019-09-24T11:29:23+00:00","og_image":[{"width":960,"height":1280,"url":"https:\/\/belojardim.pe.leg.br\/portal\/wp-content\/uploads\/2019\/09\/12c5bf5f-d340-4fb9-ad54-4e012aa85fb9.jpg","type":"image\/jpeg"}],"author":"admin","twitter_card":"summary_large_image","twitter_misc":{"Escrito por":"admin"},"schema":{"@context":"https:\/\/schema.org","@graph":[{"@type":"Article","@id":"https:\/\/belojardim.pe.leg.br\/portal\/vereador-tio-do-pastel-toma-posse\/#article","isPartOf":{"@id":"https:\/\/belojardim.pe.leg.br\/portal\/vereador-tio-do-pastel-toma-posse\/"},"author":{"name":"admin","@id":"https:\/\/belojardim.pe.leg.br\/portal\/#\/schema\/person\/c089396bbdda28d0dc0dc2f55131a756"},"headline":"Vereador Tio do Pastel Toma Posse","datePublished":"2019-09-24T11:29:21+00:00","dateModified":"2019-09-24T11:29:23+00:00","mainEntityOfPage":{"@id":"https:\/\/belojardim.pe.leg.br\/portal\/vereador-tio-do-pastel-toma-posse\/"},"wordCount":66,"commentCount":0,"publisher":{"@id":"https:\/\/belojardim.pe.leg.br\/portal\/#organization"},"image":{"@id":"https:\/\/belojardim.pe.leg.br\/portal\/vereador-tio-do-pastel-toma-posse\/#primaryimage"},"thumbnailUrl":"https:\/\/belojardim.pe.leg.br\/portal\/wp-content\/uploads\/2019\/09\/12c5bf5f-d340-4fb9-ad54-4e012aa85fb9.jpg","articleSection":["Not\u00edcias da C\u00e2mara","Tio do Pastel"],"inLanguage":"pt-BR","potentialAction":[{"@type":"CommentAction","name":"Comment","target":["https:\/\/belojardim.pe.leg.br\/portal\/vereador-tio-do-pastel-toma-posse\/#respond"]}]},{"@type":"WebPage","@id":"https:\/\/belojardim.pe.leg.br\/portal\/vereador-tio-do-pastel-toma-posse\/","url":"https:\/\/belojardim.pe.leg.br\/portal\/vereador-tio-do-pastel-toma-posse\/","name":"Vereador Tio do Pastel Toma Posse - C\u00e2mara Municipal de Belo Jardim","isPartOf":{"@id":"https:\/\/belojardim.pe.leg.br\/portal\/#website"},"primaryImageOfPage":{"@id":"https:\/\/belojardim.pe.leg.br\/portal\/vereador-tio-do-pastel-toma-posse\/#primaryimage"},"image":{"@id":"https:\/\/belojardim.pe.leg.br\/portal\/vereador-tio-do-pastel-toma-posse\/#primaryimage"},"thumbnailUrl":"https:\/\/belojardim.pe.leg.br\/portal\/wp-content\/uploads\/2019\/09\/12c5bf5f-d340-4fb9-ad54-4e012aa85fb9.jpg","datePublished":"2019-09-24T11:29:21+00:00","dateModified":"2019-09-24T11:29:23+00:00","breadcrumb":{"@id":"https:\/\/belojardim.pe.leg.br\/portal\/vereador-tio-do-pastel-toma-posse\/#breadcrumb"},"inLanguage":"pt-BR","potentialAction":[{"@type":"ReadAction","target":["https:\/\/belojardim.pe.leg.br\/portal\/vereador-tio-do-pastel-toma-posse\/"]}]},{"@type":"ImageObject","inLanguage":"pt-BR","@id":"https:\/\/belojardim.pe.leg.br\/portal\/vereador-tio-do-pastel-toma-posse\/#primaryimage","url":"https:\/\/belojardim.pe.leg.br\/portal\/wp-content\/uploads\/2019\/09\/12c5bf5f-d340-4fb9-ad54-4e012aa85fb9.jpg","contentUrl":"https:\/\/belojardim.pe.leg.br\/portal\/wp-content\/uploads\/2019\/09\/12c5bf5f-d340-4fb9-ad54-4e012aa85fb9.jpg","width":960,"height":1280},{"@type":"BreadcrumbList","@id":"https:\/\/belojardim.pe.leg.br\/portal\/vereador-tio-do-pastel-toma-posse\/#breadcrumb","itemListElement":[{"@type":"ListItem","position":1,"name":"In\u00edcio","item":"https:\/\/belojardim.pe.leg.br\/portal\/"},{"@type":"ListItem","position":2,"name":"Vereador Tio do Pastel Toma Posse"}]},{"@type":"WebSite","@id":"https:\/\/belojardim.pe.leg.br\/portal\/#website","url":"https:\/\/belojardim.pe.leg.br\/portal\/","name":"C\u00e2mara Municipal de Belo Jardim","description":"Casa Cust\u00f3dio Ferreira Mergulh\u00e3o","publisher":{"@id":"https:\/\/belojardim.pe.leg.br\/portal\/#organization"},"potentialAction":[{"@type":"SearchAction","target":{"@type":"EntryPoint","urlTemplate":"https:\/\/belojardim.pe.leg.br\/portal\/?s={search_term_string}"},"query-input":{"@type":"PropertyValueSpecification","valueRequired":true,"valueName":"search_term_string"}}],"inLanguage":"pt-BR"},{"@type":"Organization","@id":"https:\/\/belojardim.pe.leg.br\/portal\/#organization","name":"C\u00e2mara Municipal de Belo Jardim","url":"https:\/\/belojardim.pe.leg.br\/portal\/","logo":{"@type":"ImageObject","inLanguage":"pt-BR","@id":"https:\/\/belojardim.pe.leg.br\/portal\/#\/schema\/logo\/image\/","url":"https:\/\/belojardim.pe.leg.br\/portal\/wp-content\/uploads\/2025\/02\/brasao_novo_camara.png","contentUrl":"https:\/\/belojardim.pe.leg.br\/portal\/wp-content\/uploads\/2025\/02\/brasao_novo_camara.png","width":7239,"height":1735,"caption":"C\u00e2mara Municipal de Belo Jardim"},"image":{"@id":"https:\/\/belojardim.pe.leg.br\/portal\/#\/schema\/logo\/image\/"}},{"@type":"Person","@id":"https:\/\/belojardim.pe.leg.br\/portal\/#\/schema\/person\/c089396bbdda28d0dc0dc2f55131a756","name":"admin","image":{"@type":"ImageObject","inLanguage":"pt-BR","@id":"https:\/\/belojardim.pe.leg.br\/portal\/#\/schema\/person\/image\/","url":"https:\/\/secure.gravatar.com\/avatar\/0dfaa2d7fc5134b8fe4778030bf6f957a5f7c7be5b9aa76789f37b9cfb962b32?s=96&d=mm&r=g","contentUrl":"https:\/\/secure.gravatar.com\/avatar\/0dfaa2d7fc5134b8fe4778030bf6f957a5f7c7be5b9aa76789f37b9cfb962b32?s=96&d=mm&r=g","caption":"admin"},"url":"https:\/\/belojardim.pe.leg.br\/portal\/author\/admin\/"}]}},"_links":{"self":[{"href":"https:\/\/belojardim.pe.leg.br\/portal\/wp-json\/wp\/v2\/posts\/11804","targetHints":{"allow":["GET"]}}],"collection":[{"href":"https:\/\/belojardim.pe.leg.br\/portal\/wp-json\/wp\/v2\/posts"}],"about":[{"href":"https:\/\/belojardim.pe.leg.br\/portal\/wp-json\/wp\/v2\/types\/post"}],"author":[{"embeddable":true,"href":"https:\/\/belojardim.pe.leg.br\/portal\/wp-json\/wp\/v2\/users\/1"}],"replies":[{"embeddable":true,"href":"https:\/\/belojardim.pe.leg.br\/portal\/wp-json\/wp\/v2\/comments?post=11804"}],"version-history":[{"count":1,"href":"https:\/\/belojardim.pe.leg.br\/portal\/wp-json\/wp\/v2\/posts\/11804\/revisions"}],"predecessor-version":[{"id":11811,"href":"https:\/\/belojardim.pe.leg.br\/portal\/wp-json\/wp\/v2\/posts\/11804\/revisions\/11811"}],"wp:featuredmedia":[{"embeddable":true,"href":"https:\/\/belojardim.pe.leg.br\/portal\/wp-json\/wp\/v2\/media\/11807"}],"wp:attachment":[{"href":"https:\/\/belojardim.pe.leg.br\/portal\/wp-json\/wp\/v2\/media?parent=11804"}],"wp:term":[{"taxonomy":"category","embeddable":true,"href":"https:\/\/belojardim.pe.leg.br\/portal\/wp-json\/wp\/v2\/categories?post=11804"},{"taxonomy":"post_tag","embeddable":true,"href":"https:\/\/belojardim.pe.leg.br\/portal\/wp-json\/wp\/v2\/tags?post=11804"}],"curies":[{"name":"wp","href":"https:\/\/api.w.org\/{rel}","templated":true}]}}