{"id":10841,"date":"2016-04-07T11:09:11","date_gmt":"2016-04-07T14:09:11","guid":{"rendered":"http:\/\/belojardim.pe.leg.br\/portal\/?p=10841"},"modified":"2018-10-22T11:17:59","modified_gmt":"2018-10-22T14:17:59","slug":"pareceres-nos-15-16-17-18-19-20-21-22-24-e-25-2016-da-comissao-de-legislacao-e-redacao-de-leis","status":"publish","type":"post","link":"https:\/\/belojardim.pe.leg.br\/portal\/pareceres-nos-15-16-17-18-19-20-21-22-24-e-25-2016-da-comissao-de-legislacao-e-redacao-de-leis\/","title":{"rendered":"PARECERES N\u00baS 15, 16, 17, 18, 19, 20, 21, 22, 24 e 25\/2016 DA COMISS\u00c3O DE LEGISLA\u00c7\u00c3O E REDA\u00c7\u00c3O DE LEIS"},"content":{"rendered":"<p style=\"text-align: justify;\"><strong>PARECERES N\u00baS 15, 16, 17, 18, 19, 20, 21, 22, 24 e 25\/2016 DA COMISS\u00c3O DE LEGISLA\u00c7\u00c3O E REDA\u00c7\u00c3O DE LEIS AOS PROJETOS DE LEIS N\u00baS 015, 016, 017, 018, 019, 020, 021, 022, 024 E 025\/2016,<\/strong> DE AUTORIA DO VEREADOR SR. GILVANDRO ESTRELA DE OLIVEIRA denominando as seguintes ruas projetadas do Loteamento Morada dos Jardins:<\/p>\n<ul>\n<li>Rua Projetada n\u00ba 01, da Quadra A de <strong>\u201cQuit\u00e9ria Andrade Diniz\u201d.<\/strong><\/li>\n<li>Rua Projetada n\u00ba 13, entre as Quadras N e O de <strong>\u201cMaria Joana Feitoza\u201d.<\/strong><\/li>\n<li>Rua Projetada n\u00ba 16, entre as Quadras D, E, F, G, H, I e J de <strong>\u201c Irene Francisca da Silva\u201d.<\/strong><\/li>\n<li>Rua Projetada n\u00ba 17, entre as Quadras B, C e D de <strong>\u201cJosefa Maria da Concei\u00e7\u00e3o\u201d.<\/strong><\/li>\n<li>Rua Projetada n\u00ba 18, entre as Quadras A e B de <strong>\u201cJ\u00falia Flor dos Santos\u201d.<\/strong><\/li>\n<li>Rua Projetada n\u00ba 19, entre as Quadras F, G, I, J, O e P de <strong>\u201cMaria Jos\u00e9 de Paula\u201d.<\/strong><\/li>\n<li>Rua Projetada n\u00ba 20, entre as Quadras A,B,C,D e K de <strong>\u201cGercino Miro da Silva\u201d.<\/strong><\/li>\n<li>Rua Projetada n\u00ba 21, entre as Quadras K e L de <strong>\u201cSeverino Jos\u00e9 Pereira\u201d.<\/strong><\/li>\n<li>Rua Projetada n\u00ba 22, entre as Quadras L\/R (gfm) de <strong>\u201cAna Cordeiro de Lima\u201d.<\/strong> <strong>\u00a0<\/strong><\/li>\n<li>Rua Projetada n\u00ba 23, entre as Quadras M, N, O e P de <strong>\u201cIn\u00eas Cordeiro Paz\u201d.<\/strong><\/li>\n<\/ul>\n<p>&nbsp;<\/p>\n<p style=\"text-align: right;\">Sala das Sess\u00f5es, em 06 de abril de 2016.<\/p>\n<p>&nbsp;<\/p>\n<p style=\"text-align: center;\"><strong>Euno Andrade da Silva Filho<\/strong><\/p>\n<p style=\"text-align: center;\"><strong>Presidente<\/strong><\/p>\n<p style=\"text-align: center;\"><strong>\u00a0<\/strong><\/p>\n<p style=\"text-align: center;\"><strong>Jair Fernando Bezerra J\u00fanior<\/strong><\/p>\n<p style=\"text-align: center;\"><strong>Membro<\/strong><\/p>\n<p style=\"text-align: center;\">\n<p style=\"text-align: center;\"><strong>Edivandro Jos\u00e9 de Souza<\/strong><\/p>\n<p style=\"text-align: center;\"><strong>Membro<\/strong><\/p>\n","protected":false},"excerpt":{"rendered":"<p>PARECERES N\u00baS 15, 16, 17, 18, 19, 20, 21, 22, 24 e 25\/2016 DA COMISS\u00c3O DE LEGISLA\u00c7\u00c3O E REDA\u00c7\u00c3O DE LEIS AOS PROJETOS DE LEIS&#8230;<\/p>\n","protected":false},"author":1,"featured_media":7525,"comment_status":"open","ping_status":"open","sticky":false,"template":"","format":"standard","meta":{"footnotes":""},"categories":[86,65,62,123,99,127],"tags":[],"class_list":["post-10841","post","type-post","status-publish","format-standard","has-post-thumbnail","hentry","category-comissao-legislacao-e-redacao-de-leis","category-euninho","category-gilvandro","category-jairzinho","category-parecer","category-vando-de-ginaldo","wpcat-86-id","wpcat-65-id","wpcat-62-id","wpcat-123-id","wpcat-99-id","wpcat-127-id"],"yoast_head":"<!-- This site is optimized with the Yoast SEO plugin v25.1 - https:\/\/yoast.com\/wordpress\/plugins\/seo\/ -->\n<title>PARECERES N\u00baS 15, 16, 17, 18, 19, 20, 21, 22, 24 e 25\/2016 DA COMISS\u00c3O DE LEGISLA\u00c7\u00c3O E REDA\u00c7\u00c3O DE LEIS - C\u00e2mara Municipal de Belo Jardim<\/title>\n<meta name=\"robots\" content=\"index, follow, max-snippet:-1, max-image-preview:large, max-video-preview:-1\" \/>\n<link rel=\"canonical\" href=\"https:\/\/belojardim.pe.leg.br\/portal\/pareceres-nos-15-16-17-18-19-20-21-22-24-e-25-2016-da-comissao-de-legislacao-e-redacao-de-leis\/\" \/>\n<meta property=\"og:locale\" content=\"pt_BR\" \/>\n<meta property=\"og:type\" content=\"article\" \/>\n<meta property=\"og:title\" content=\"PARECERES N\u00baS 15, 16, 17, 18, 19, 20, 21, 22, 24 e 25\/2016 DA COMISS\u00c3O DE LEGISLA\u00c7\u00c3O E REDA\u00c7\u00c3O DE LEIS - C\u00e2mara Municipal de Belo Jardim\" \/>\n<meta property=\"og:description\" content=\"PARECERES N\u00baS 15, 16, 17, 18, 19, 20, 21, 22, 24 e 25\/2016 DA COMISS\u00c3O DE LEGISLA\u00c7\u00c3O E REDA\u00c7\u00c3O DE LEIS AOS PROJETOS DE LEIS...\" \/>\n<meta property=\"og:url\" content=\"https:\/\/belojardim.pe.leg.br\/portal\/pareceres-nos-15-16-17-18-19-20-21-22-24-e-25-2016-da-comissao-de-legislacao-e-redacao-de-leis\/\" \/>\n<meta property=\"og:site_name\" content=\"C\u00e2mara Municipal de Belo Jardim\" \/>\n<meta property=\"article:published_time\" content=\"2016-04-07T14:09:11+00:00\" \/>\n<meta property=\"article:modified_time\" content=\"2018-10-22T14:17:59+00:00\" \/>\n<meta property=\"og:image\" content=\"https:\/\/belojardim.pe.leg.br\/portal\/wp-content\/uploads\/2018\/09\/logo_postagens.jpg\" \/>\n\t<meta property=\"og:image:width\" content=\"512\" \/>\n\t<meta property=\"og:image:height\" content=\"512\" \/>\n\t<meta property=\"og:image:type\" content=\"image\/jpeg\" \/>\n<meta name=\"author\" content=\"admin\" \/>\n<meta name=\"twitter:card\" content=\"summary_large_image\" \/>\n<meta name=\"twitter:label1\" content=\"Escrito por\" \/>\n\t<meta name=\"twitter:data1\" content=\"admin\" \/>\n\t<meta name=\"twitter:label2\" content=\"Est. tempo de leitura\" \/>\n\t<meta name=\"twitter:data2\" content=\"1 minuto\" \/>\n<script type=\"application\/ld+json\" class=\"yoast-schema-graph\">{\"@context\":\"https:\/\/schema.org\",\"@graph\":[{\"@type\":\"Article\",\"@id\":\"https:\/\/belojardim.pe.leg.br\/portal\/pareceres-nos-15-16-17-18-19-20-21-22-24-e-25-2016-da-comissao-de-legislacao-e-redacao-de-leis\/#article\",\"isPartOf\":{\"@id\":\"https:\/\/belojardim.pe.leg.br\/portal\/pareceres-nos-15-16-17-18-19-20-21-22-24-e-25-2016-da-comissao-de-legislacao-e-redacao-de-leis\/\"},\"author\":{\"name\":\"admin\",\"@id\":\"https:\/\/belojardim.pe.leg.br\/portal\/#\/schema\/person\/c089396bbdda28d0dc0dc2f55131a756\"},\"headline\":\"PARECERES N\u00baS 15, 16, 17, 18, 19, 20, 21, 22, 24 e 25\/2016 DA COMISS\u00c3O DE LEGISLA\u00c7\u00c3O E REDA\u00c7\u00c3O DE LEIS\",\"datePublished\":\"2016-04-07T14:09:11+00:00\",\"dateModified\":\"2018-10-22T14:17:59+00:00\",\"mainEntityOfPage\":{\"@id\":\"https:\/\/belojardim.pe.leg.br\/portal\/pareceres-nos-15-16-17-18-19-20-21-22-24-e-25-2016-da-comissao-de-legislacao-e-redacao-de-leis\/\"},\"wordCount\":235,\"commentCount\":0,\"publisher\":{\"@id\":\"https:\/\/belojardim.pe.leg.br\/portal\/#organization\"},\"image\":{\"@id\":\"https:\/\/belojardim.pe.leg.br\/portal\/pareceres-nos-15-16-17-18-19-20-21-22-24-e-25-2016-da-comissao-de-legislacao-e-redacao-de-leis\/#primaryimage\"},\"thumbnailUrl\":\"https:\/\/belojardim.pe.leg.br\/portal\/wp-content\/uploads\/2018\/09\/logo_postagens.jpg\",\"articleSection\":[\"Comiss\u00e3o de Legisla\u00e7\u00e3o e Reda\u00e7\u00e3o de Leis\",\"Euninho\",\"Gilvandro Estrela\",\"Jairzinho\",\"Parecer\",\"Vando de Ginaldo\"],\"inLanguage\":\"pt-BR\",\"potentialAction\":[{\"@type\":\"CommentAction\",\"name\":\"Comment\",\"target\":[\"https:\/\/belojardim.pe.leg.br\/portal\/pareceres-nos-15-16-17-18-19-20-21-22-24-e-25-2016-da-comissao-de-legislacao-e-redacao-de-leis\/#respond\"]}]},{\"@type\":\"WebPage\",\"@id\":\"https:\/\/belojardim.pe.leg.br\/portal\/pareceres-nos-15-16-17-18-19-20-21-22-24-e-25-2016-da-comissao-de-legislacao-e-redacao-de-leis\/\",\"url\":\"https:\/\/belojardim.pe.leg.br\/portal\/pareceres-nos-15-16-17-18-19-20-21-22-24-e-25-2016-da-comissao-de-legislacao-e-redacao-de-leis\/\",\"name\":\"PARECERES N\u00baS 15, 16, 17, 18, 19, 20, 21, 22, 24 e 25\/2016 DA COMISS\u00c3O DE LEGISLA\u00c7\u00c3O E REDA\u00c7\u00c3O DE LEIS - C\u00e2mara Municipal de Belo Jardim\",\"isPartOf\":{\"@id\":\"https:\/\/belojardim.pe.leg.br\/portal\/#website\"},\"primaryImageOfPage\":{\"@id\":\"https:\/\/belojardim.pe.leg.br\/portal\/pareceres-nos-15-16-17-18-19-20-21-22-24-e-25-2016-da-comissao-de-legislacao-e-redacao-de-leis\/#primaryimage\"},\"image\":{\"@id\":\"https:\/\/belojardim.pe.leg.br\/portal\/pareceres-nos-15-16-17-18-19-20-21-22-24-e-25-2016-da-comissao-de-legislacao-e-redacao-de-leis\/#primaryimage\"},\"thumbnailUrl\":\"https:\/\/belojardim.pe.leg.br\/portal\/wp-content\/uploads\/2018\/09\/logo_postagens.jpg\",\"datePublished\":\"2016-04-07T14:09:11+00:00\",\"dateModified\":\"2018-10-22T14:17:59+00:00\",\"breadcrumb\":{\"@id\":\"https:\/\/belojardim.pe.leg.br\/portal\/pareceres-nos-15-16-17-18-19-20-21-22-24-e-25-2016-da-comissao-de-legislacao-e-redacao-de-leis\/#breadcrumb\"},\"inLanguage\":\"pt-BR\",\"potentialAction\":[{\"@type\":\"ReadAction\",\"target\":[\"https:\/\/belojardim.pe.leg.br\/portal\/pareceres-nos-15-16-17-18-19-20-21-22-24-e-25-2016-da-comissao-de-legislacao-e-redacao-de-leis\/\"]}]},{\"@type\":\"ImageObject\",\"inLanguage\":\"pt-BR\",\"@id\":\"https:\/\/belojardim.pe.leg.br\/portal\/pareceres-nos-15-16-17-18-19-20-21-22-24-e-25-2016-da-comissao-de-legislacao-e-redacao-de-leis\/#primaryimage\",\"url\":\"https:\/\/belojardim.pe.leg.br\/portal\/wp-content\/uploads\/2018\/09\/logo_postagens.jpg\",\"contentUrl\":\"https:\/\/belojardim.pe.leg.br\/portal\/wp-content\/uploads\/2018\/09\/logo_postagens.jpg\",\"width\":512,\"height\":512},{\"@type\":\"BreadcrumbList\",\"@id\":\"https:\/\/belojardim.pe.leg.br\/portal\/pareceres-nos-15-16-17-18-19-20-21-22-24-e-25-2016-da-comissao-de-legislacao-e-redacao-de-leis\/#breadcrumb\",\"itemListElement\":[{\"@type\":\"ListItem\",\"position\":1,\"name\":\"In\u00edcio\",\"item\":\"https:\/\/belojardim.pe.leg.br\/portal\/\"},{\"@type\":\"ListItem\",\"position\":2,\"name\":\"PARECERES N\u00baS 15, 16, 17, 18, 19, 20, 21, 22, 24 e 25\/2016 DA COMISS\u00c3O DE LEGISLA\u00c7\u00c3O E REDA\u00c7\u00c3O DE LEIS\"}]},{\"@type\":\"WebSite\",\"@id\":\"https:\/\/belojardim.pe.leg.br\/portal\/#website\",\"url\":\"https:\/\/belojardim.pe.leg.br\/portal\/\",\"name\":\"C\u00e2mara Municipal de Belo Jardim\",\"description\":\"Casa Cust\u00f3dio Ferreira Mergulh\u00e3o\",\"publisher\":{\"@id\":\"https:\/\/belojardim.pe.leg.br\/portal\/#organization\"},\"potentialAction\":[{\"@type\":\"SearchAction\",\"target\":{\"@type\":\"EntryPoint\",\"urlTemplate\":\"https:\/\/belojardim.pe.leg.br\/portal\/?s={search_term_string}\"},\"query-input\":{\"@type\":\"PropertyValueSpecification\",\"valueRequired\":true,\"valueName\":\"search_term_string\"}}],\"inLanguage\":\"pt-BR\"},{\"@type\":\"Organization\",\"@id\":\"https:\/\/belojardim.pe.leg.br\/portal\/#organization\",\"name\":\"C\u00e2mara Municipal de Belo Jardim\",\"url\":\"https:\/\/belojardim.pe.leg.br\/portal\/\",\"logo\":{\"@type\":\"ImageObject\",\"inLanguage\":\"pt-BR\",\"@id\":\"https:\/\/belojardim.pe.leg.br\/portal\/#\/schema\/logo\/image\/\",\"url\":\"https:\/\/belojardim.pe.leg.br\/portal\/wp-content\/uploads\/2025\/02\/brasao_novo_camara.png\",\"contentUrl\":\"https:\/\/belojardim.pe.leg.br\/portal\/wp-content\/uploads\/2025\/02\/brasao_novo_camara.png\",\"width\":7239,\"height\":1735,\"caption\":\"C\u00e2mara Municipal de Belo Jardim\"},\"image\":{\"@id\":\"https:\/\/belojardim.pe.leg.br\/portal\/#\/schema\/logo\/image\/\"}},{\"@type\":\"Person\",\"@id\":\"https:\/\/belojardim.pe.leg.br\/portal\/#\/schema\/person\/c089396bbdda28d0dc0dc2f55131a756\",\"name\":\"admin\",\"image\":{\"@type\":\"ImageObject\",\"inLanguage\":\"pt-BR\",\"@id\":\"https:\/\/belojardim.pe.leg.br\/portal\/#\/schema\/person\/image\/\",\"url\":\"https:\/\/secure.gravatar.com\/avatar\/0dfaa2d7fc5134b8fe4778030bf6f957a5f7c7be5b9aa76789f37b9cfb962b32?s=96&d=mm&r=g\",\"contentUrl\":\"https:\/\/secure.gravatar.com\/avatar\/0dfaa2d7fc5134b8fe4778030bf6f957a5f7c7be5b9aa76789f37b9cfb962b32?s=96&d=mm&r=g\",\"caption\":\"admin\"},\"url\":\"https:\/\/belojardim.pe.leg.br\/portal\/author\/admin\/\"}]}<\/script>\n<!-- \/ Yoast SEO plugin. -->","yoast_head_json":{"title":"PARECERES N\u00baS 15, 16, 17, 18, 19, 20, 21, 22, 24 e 25\/2016 DA COMISS\u00c3O DE LEGISLA\u00c7\u00c3O E REDA\u00c7\u00c3O DE LEIS - C\u00e2mara Municipal de Belo Jardim","robots":{"index":"index","follow":"follow","max-snippet":"max-snippet:-1","max-image-preview":"max-image-preview:large","max-video-preview":"max-video-preview:-1"},"canonical":"https:\/\/belojardim.pe.leg.br\/portal\/pareceres-nos-15-16-17-18-19-20-21-22-24-e-25-2016-da-comissao-de-legislacao-e-redacao-de-leis\/","og_locale":"pt_BR","og_type":"article","og_title":"PARECERES N\u00baS 15, 16, 17, 18, 19, 20, 21, 22, 24 e 25\/2016 DA COMISS\u00c3O DE LEGISLA\u00c7\u00c3O E REDA\u00c7\u00c3O DE LEIS - C\u00e2mara Municipal de Belo Jardim","og_description":"PARECERES N\u00baS 15, 16, 17, 18, 19, 20, 21, 22, 24 e 25\/2016 DA COMISS\u00c3O DE LEGISLA\u00c7\u00c3O E REDA\u00c7\u00c3O DE LEIS AOS PROJETOS DE LEIS...","og_url":"https:\/\/belojardim.pe.leg.br\/portal\/pareceres-nos-15-16-17-18-19-20-21-22-24-e-25-2016-da-comissao-de-legislacao-e-redacao-de-leis\/","og_site_name":"C\u00e2mara Municipal de Belo Jardim","article_published_time":"2016-04-07T14:09:11+00:00","article_modified_time":"2018-10-22T14:17:59+00:00","og_image":[{"width":512,"height":512,"url":"https:\/\/belojardim.pe.leg.br\/portal\/wp-content\/uploads\/2018\/09\/logo_postagens.jpg","type":"image\/jpeg"}],"author":"admin","twitter_card":"summary_large_image","twitter_misc":{"Escrito por":"admin","Est. tempo de leitura":"1 minuto"},"schema":{"@context":"https:\/\/schema.org","@graph":[{"@type":"Article","@id":"https:\/\/belojardim.pe.leg.br\/portal\/pareceres-nos-15-16-17-18-19-20-21-22-24-e-25-2016-da-comissao-de-legislacao-e-redacao-de-leis\/#article","isPartOf":{"@id":"https:\/\/belojardim.pe.leg.br\/portal\/pareceres-nos-15-16-17-18-19-20-21-22-24-e-25-2016-da-comissao-de-legislacao-e-redacao-de-leis\/"},"author":{"name":"admin","@id":"https:\/\/belojardim.pe.leg.br\/portal\/#\/schema\/person\/c089396bbdda28d0dc0dc2f55131a756"},"headline":"PARECERES N\u00baS 15, 16, 17, 18, 19, 20, 21, 22, 24 e 25\/2016 DA COMISS\u00c3O DE LEGISLA\u00c7\u00c3O E REDA\u00c7\u00c3O DE LEIS","datePublished":"2016-04-07T14:09:11+00:00","dateModified":"2018-10-22T14:17:59+00:00","mainEntityOfPage":{"@id":"https:\/\/belojardim.pe.leg.br\/portal\/pareceres-nos-15-16-17-18-19-20-21-22-24-e-25-2016-da-comissao-de-legislacao-e-redacao-de-leis\/"},"wordCount":235,"commentCount":0,"publisher":{"@id":"https:\/\/belojardim.pe.leg.br\/portal\/#organization"},"image":{"@id":"https:\/\/belojardim.pe.leg.br\/portal\/pareceres-nos-15-16-17-18-19-20-21-22-24-e-25-2016-da-comissao-de-legislacao-e-redacao-de-leis\/#primaryimage"},"thumbnailUrl":"https:\/\/belojardim.pe.leg.br\/portal\/wp-content\/uploads\/2018\/09\/logo_postagens.jpg","articleSection":["Comiss\u00e3o de Legisla\u00e7\u00e3o e Reda\u00e7\u00e3o de Leis","Euninho","Gilvandro Estrela","Jairzinho","Parecer","Vando de Ginaldo"],"inLanguage":"pt-BR","potentialAction":[{"@type":"CommentAction","name":"Comment","target":["https:\/\/belojardim.pe.leg.br\/portal\/pareceres-nos-15-16-17-18-19-20-21-22-24-e-25-2016-da-comissao-de-legislacao-e-redacao-de-leis\/#respond"]}]},{"@type":"WebPage","@id":"https:\/\/belojardim.pe.leg.br\/portal\/pareceres-nos-15-16-17-18-19-20-21-22-24-e-25-2016-da-comissao-de-legislacao-e-redacao-de-leis\/","url":"https:\/\/belojardim.pe.leg.br\/portal\/pareceres-nos-15-16-17-18-19-20-21-22-24-e-25-2016-da-comissao-de-legislacao-e-redacao-de-leis\/","name":"PARECERES N\u00baS 15, 16, 17, 18, 19, 20, 21, 22, 24 e 25\/2016 DA COMISS\u00c3O DE LEGISLA\u00c7\u00c3O E REDA\u00c7\u00c3O DE LEIS - C\u00e2mara Municipal de Belo Jardim","isPartOf":{"@id":"https:\/\/belojardim.pe.leg.br\/portal\/#website"},"primaryImageOfPage":{"@id":"https:\/\/belojardim.pe.leg.br\/portal\/pareceres-nos-15-16-17-18-19-20-21-22-24-e-25-2016-da-comissao-de-legislacao-e-redacao-de-leis\/#primaryimage"},"image":{"@id":"https:\/\/belojardim.pe.leg.br\/portal\/pareceres-nos-15-16-17-18-19-20-21-22-24-e-25-2016-da-comissao-de-legislacao-e-redacao-de-leis\/#primaryimage"},"thumbnailUrl":"https:\/\/belojardim.pe.leg.br\/portal\/wp-content\/uploads\/2018\/09\/logo_postagens.jpg","datePublished":"2016-04-07T14:09:11+00:00","dateModified":"2018-10-22T14:17:59+00:00","breadcrumb":{"@id":"https:\/\/belojardim.pe.leg.br\/portal\/pareceres-nos-15-16-17-18-19-20-21-22-24-e-25-2016-da-comissao-de-legislacao-e-redacao-de-leis\/#breadcrumb"},"inLanguage":"pt-BR","potentialAction":[{"@type":"ReadAction","target":["https:\/\/belojardim.pe.leg.br\/portal\/pareceres-nos-15-16-17-18-19-20-21-22-24-e-25-2016-da-comissao-de-legislacao-e-redacao-de-leis\/"]}]},{"@type":"ImageObject","inLanguage":"pt-BR","@id":"https:\/\/belojardim.pe.leg.br\/portal\/pareceres-nos-15-16-17-18-19-20-21-22-24-e-25-2016-da-comissao-de-legislacao-e-redacao-de-leis\/#primaryimage","url":"https:\/\/belojardim.pe.leg.br\/portal\/wp-content\/uploads\/2018\/09\/logo_postagens.jpg","contentUrl":"https:\/\/belojardim.pe.leg.br\/portal\/wp-content\/uploads\/2018\/09\/logo_postagens.jpg","width":512,"height":512},{"@type":"BreadcrumbList","@id":"https:\/\/belojardim.pe.leg.br\/portal\/pareceres-nos-15-16-17-18-19-20-21-22-24-e-25-2016-da-comissao-de-legislacao-e-redacao-de-leis\/#breadcrumb","itemListElement":[{"@type":"ListItem","position":1,"name":"In\u00edcio","item":"https:\/\/belojardim.pe.leg.br\/portal\/"},{"@type":"ListItem","position":2,"name":"PARECERES N\u00baS 15, 16, 17, 18, 19, 20, 21, 22, 24 e 25\/2016 DA COMISS\u00c3O DE LEGISLA\u00c7\u00c3O E REDA\u00c7\u00c3O DE LEIS"}]},{"@type":"WebSite","@id":"https:\/\/belojardim.pe.leg.br\/portal\/#website","url":"https:\/\/belojardim.pe.leg.br\/portal\/","name":"C\u00e2mara Municipal de Belo Jardim","description":"Casa Cust\u00f3dio Ferreira Mergulh\u00e3o","publisher":{"@id":"https:\/\/belojardim.pe.leg.br\/portal\/#organization"},"potentialAction":[{"@type":"SearchAction","target":{"@type":"EntryPoint","urlTemplate":"https:\/\/belojardim.pe.leg.br\/portal\/?s={search_term_string}"},"query-input":{"@type":"PropertyValueSpecification","valueRequired":true,"valueName":"search_term_string"}}],"inLanguage":"pt-BR"},{"@type":"Organization","@id":"https:\/\/belojardim.pe.leg.br\/portal\/#organization","name":"C\u00e2mara Municipal de Belo Jardim","url":"https:\/\/belojardim.pe.leg.br\/portal\/","logo":{"@type":"ImageObject","inLanguage":"pt-BR","@id":"https:\/\/belojardim.pe.leg.br\/portal\/#\/schema\/logo\/image\/","url":"https:\/\/belojardim.pe.leg.br\/portal\/wp-content\/uploads\/2025\/02\/brasao_novo_camara.png","contentUrl":"https:\/\/belojardim.pe.leg.br\/portal\/wp-content\/uploads\/2025\/02\/brasao_novo_camara.png","width":7239,"height":1735,"caption":"C\u00e2mara Municipal de Belo Jardim"},"image":{"@id":"https:\/\/belojardim.pe.leg.br\/portal\/#\/schema\/logo\/image\/"}},{"@type":"Person","@id":"https:\/\/belojardim.pe.leg.br\/portal\/#\/schema\/person\/c089396bbdda28d0dc0dc2f55131a756","name":"admin","image":{"@type":"ImageObject","inLanguage":"pt-BR","@id":"https:\/\/belojardim.pe.leg.br\/portal\/#\/schema\/person\/image\/","url":"https:\/\/secure.gravatar.com\/avatar\/0dfaa2d7fc5134b8fe4778030bf6f957a5f7c7be5b9aa76789f37b9cfb962b32?s=96&d=mm&r=g","contentUrl":"https:\/\/secure.gravatar.com\/avatar\/0dfaa2d7fc5134b8fe4778030bf6f957a5f7c7be5b9aa76789f37b9cfb962b32?s=96&d=mm&r=g","caption":"admin"},"url":"https:\/\/belojardim.pe.leg.br\/portal\/author\/admin\/"}]}},"_links":{"self":[{"href":"https:\/\/belojardim.pe.leg.br\/portal\/wp-json\/wp\/v2\/posts\/10841","targetHints":{"allow":["GET"]}}],"collection":[{"href":"https:\/\/belojardim.pe.leg.br\/portal\/wp-json\/wp\/v2\/posts"}],"about":[{"href":"https:\/\/belojardim.pe.leg.br\/portal\/wp-json\/wp\/v2\/types\/post"}],"author":[{"embeddable":true,"href":"https:\/\/belojardim.pe.leg.br\/portal\/wp-json\/wp\/v2\/users\/1"}],"replies":[{"embeddable":true,"href":"https:\/\/belojardim.pe.leg.br\/portal\/wp-json\/wp\/v2\/comments?post=10841"}],"version-history":[{"count":1,"href":"https:\/\/belojardim.pe.leg.br\/portal\/wp-json\/wp\/v2\/posts\/10841\/revisions"}],"predecessor-version":[{"id":10849,"href":"https:\/\/belojardim.pe.leg.br\/portal\/wp-json\/wp\/v2\/posts\/10841\/revisions\/10849"}],"wp:featuredmedia":[{"embeddable":true,"href":"https:\/\/belojardim.pe.leg.br\/portal\/wp-json\/wp\/v2\/media\/7525"}],"wp:attachment":[{"href":"https:\/\/belojardim.pe.leg.br\/portal\/wp-json\/wp\/v2\/media?parent=10841"}],"wp:term":[{"taxonomy":"category","embeddable":true,"href":"https:\/\/belojardim.pe.leg.br\/portal\/wp-json\/wp\/v2\/categories?post=10841"},{"taxonomy":"post_tag","embeddable":true,"href":"https:\/\/belojardim.pe.leg.br\/portal\/wp-json\/wp\/v2\/tags?post=10841"}],"curies":[{"name":"wp","href":"https:\/\/api.w.org\/{rel}","templated":true}]}}